{"id":39118,"date":"2025-03-28T07:44:00","date_gmt":"2025-03-28T13:44:00","guid":{"rendered":"https:\/\/contextoanalisisperiodistico.com\/index.php\/2025\/03\/28\/inicia-salomon-jara-restauracion-de-la-unidad-deportiva-de-puerto-escondido\/"},"modified":"2025-03-28T07:44:00","modified_gmt":"2025-03-28T13:44:00","slug":"inicia-salomon-jara-restauracion-de-la-unidad-deportiva-de-puerto-escondido","status":"publish","type":"post","link":"https:\/\/contextoanalisisperiodistico.com\/index.php\/2025\/03\/28\/inicia-salomon-jara-restauracion-de-la-unidad-deportiva-de-puerto-escondido\/","title":{"rendered":"Inicia Salom\u00f3n Jara restauraci\u00f3n de la Unidad Deportiva de Puerto Escondido"},"content":{"rendered":"<div id=\"fb-root\"><\/div>\n\n<p>\u2022 Esta obra contempla la rehabilitaci\u00f3n de la cancha de futbol soccer, construcci\u00f3n de la pista de atletismo, el gimnasio y las canchas de basquetbol y voleibol<br \/>San Pedro Mixtepec, Oax. 27 de marzo de 2025. Como parte de su compromiso con la masificaci\u00f3n del deporte, el Gobernador Salom\u00f3n Jara Cruz dio el banderazo de inicio a los trabajos de restauraci\u00f3n de la Unidad Deportiva Villa Primavera Puerto Escondido.<\/p>\n\n\n\n<figure class=\"wp-block-image size-large\"><img fetchpriority=\"high\" decoding=\"async\" width=\"900\" height=\"599\" src=\"https:\/\/contextoanalisisperiodistico.com\/wp-content\/uploads\/2025\/03\/img-20250327-wa02368625969305831398518.jpg\" alt=\"\" class=\"wp-image-39116\" srcset=\"https:\/\/contextoanalisisperiodistico.com\/wp-content\/uploads\/2025\/03\/img-20250327-wa02368625969305831398518.jpg 900w, https:\/\/contextoanalisisperiodistico.com\/wp-content\/uploads\/2025\/03\/img-20250327-wa02368625969305831398518-300x200.jpg 300w, https:\/\/contextoanalisisperiodistico.com\/wp-content\/uploads\/2025\/03\/img-20250327-wa02368625969305831398518-768x511.jpg 768w\" sizes=\"(max-width: 900px) 100vw, 900px\" \/><\/figure>\n\n\n\n<figure class=\"wp-block-image\"><img decoding=\"async\" width=\"300\" height=\"200\" src=\"https:\/\/contextoanalisisperiodistico.com\/wp-content\/uploads\/2025\/03\/img-20250327-wa02347320529919508203005-300x200.jpg\" alt=\"\" class=\"wp-image-39117\" srcset=\"https:\/\/contextoanalisisperiodistico.com\/wp-content\/uploads\/2025\/03\/img-20250327-wa02347320529919508203005-300x200.jpg 300w, https:\/\/contextoanalisisperiodistico.com\/wp-content\/uploads\/2025\/03\/img-20250327-wa02347320529919508203005-768x511.jpg 768w, https:\/\/contextoanalisisperiodistico.com\/wp-content\/uploads\/2025\/03\/img-20250327-wa02347320529919508203005.jpg 900w\" sizes=\"(max-width: 300px) 100vw, 300px\" \/><\/figure>\n\n\n\n<figure class=\"wp-block-image\"><img decoding=\"async\" width=\"300\" height=\"200\" src=\"https:\/\/contextoanalisisperiodistico.com\/wp-content\/uploads\/2025\/03\/img-20250327-wa02353630681773455832764-300x200.jpg\" alt=\"\" class=\"wp-image-39115\" srcset=\"https:\/\/contextoanalisisperiodistico.com\/wp-content\/uploads\/2025\/03\/img-20250327-wa02353630681773455832764-300x200.jpg 300w, https:\/\/contextoanalisisperiodistico.com\/wp-content\/uploads\/2025\/03\/img-20250327-wa02353630681773455832764-768x512.jpg 768w, https:\/\/contextoanalisisperiodistico.com\/wp-content\/uploads\/2025\/03\/img-20250327-wa02353630681773455832764.jpg 900w\" sizes=\"(max-width: 300px) 100vw, 300px\" \/><\/figure>\n\n\n\n<p>Junto a la Presidenta Honoraria del Sistema DIF Oaxaca, Irma Bola\u00f1os Quijano; el Mandatario estatal expres\u00f3 que este proyecto de infraestructura deportiva responde a una de las necesidades de la poblaci\u00f3n que durante a\u00f1os pidi\u00f3 contar con un espacio a la altura de las necesidades de quienes practican un deporte.<\/p>\n\n\n\n<p>\u201cNo podemos dejar abandonados a todas aquellas personas que practican una disciplina, por eso este gobierno est\u00e1 impulsando el deporte como nunca se hab\u00eda hecho, como nunca se hab\u00eda promovido\u201d, afirm\u00f3, desde este lugar que alberga m\u00e1s de 40 a\u00f1os de historia.<\/p>\n\n\n\n<p>Asever\u00f3 que al ser el deporte un componente esencial del equilibrio y cohesi\u00f3n social, su gobierno tiene la alta encomienda de impulsar y poner al alcance del pueblo, m\u00e1s y mejores espacios para su pr\u00e1ctica amateur y profesional, toda vez que esta acci\u00f3n generar\u00e1 bienestar, desarrollo y salud para miles de habitantes de esta regi\u00f3n Costa.<\/p>\n\n\n\n<p>En su oportunidad, el presidente municipal de San Pedro Mixtepec, Miguel \u00c1ngel Olvera Jim\u00e9nez reconoci\u00f3 del Gobernador Salom\u00f3n Jara su compromiso para brindar un espacio digno y funcional para la pr\u00e1ctica de varias disciplinas, donde se fomente la cultura f\u00edsica y las juventudes desarrollen sus talentos deportivos.<\/p>\n\n\n\n<p>\u201cLa Primavera Oaxaque\u00f1a no solo impulsa el deporte, tambi\u00e9n a las y los j\u00f3venes y las mujeres, y todo aquel que quiera trabajar para embellecer y sacar adelante a nuestro estado\u201d, dijo.<\/p>\n\n\n\n<p>Asimismo, junto al agente municipal de Puerto Escondido, Iv\u00e1n Mijangos Pe\u00f1a; el edil expres\u00f3 que esta instalaci\u00f3n anteriormente era conocida como Unidad Deportiva Solidaridad, pero inform\u00f3 que en Sesi\u00f3n Extraordinaria de Cabildo, se aprob\u00f3 que a partir del 21 de marzo se nombre Unidad Deportiva Villa Primavera Puerto Escondido.<\/p>\n\n\n\n<p>Cabe destacar que los trabajos contemplados son la rehabilitaci\u00f3n de la cancha de futbol soccer con la colocaci\u00f3n de pasto sint\u00e9tico, la construcci\u00f3n de la pista de atletismo, el gimnasio y las canchas de basquetbol y voleibol<br \/>-0-<\/p>\n","protected":false},"excerpt":{"rendered":"<p>\u2022 Esta obra contempla la rehabilitaci\u00f3n de la cancha de futbol soccer, construcci\u00f3n de la&#8230;<\/p>\n","protected":false},"author":4,"featured_media":39114,"comment_status":"","ping_status":"open","sticky":false,"template":"","format":"standard","meta":{"footnotes":""},"categories":[5],"tags":[],"jetpack_sharing_enabled":true,"featured_image_urls":{"full":["https:\/\/contextoanalisisperiodistico.com\/wp-content\/uploads\/2025\/03\/IMG-20250327-WA0233.jpg",900,600,false],"thumbnail":["https:\/\/contextoanalisisperiodistico.com\/wp-content\/uploads\/2025\/03\/IMG-20250327-WA0233-150x150.jpg",150,150,true],"medium":["https:\/\/contextoanalisisperiodistico.com\/wp-content\/uploads\/2025\/03\/IMG-20250327-WA0233-300x200.jpg",300,200,true],"medium_large":["https:\/\/contextoanalisisperiodistico.com\/wp-content\/uploads\/2025\/03\/IMG-20250327-WA0233-768x512.jpg",640,427,true],"large":["https:\/\/contextoanalisisperiodistico.com\/wp-content\/uploads\/2025\/03\/IMG-20250327-WA0233.jpg",640,427,false],"1536x1536":["https:\/\/contextoanalisisperiodistico.com\/wp-content\/uploads\/2025\/03\/IMG-20250327-WA0233.jpg",900,600,false],"2048x2048":["https:\/\/contextoanalisisperiodistico.com\/wp-content\/uploads\/2025\/03\/IMG-20250327-WA0233.jpg",900,600,false],"covernews-slider-full":["https:\/\/contextoanalisisperiodistico.com\/wp-content\/uploads\/2025\/03\/IMG-20250327-WA0233.jpg",900,600,false],"covernews-slider-center":["https:\/\/contextoanalisisperiodistico.com\/wp-content\/uploads\/2025\/03\/IMG-20250327-WA0233-800x500.jpg",800,500,true],"covernews-featured":["https:\/\/contextoanalisisperiodistico.com\/wp-content\/uploads\/2025\/03\/IMG-20250327-WA0233.jpg",900,600,false],"covernews-medium":["https:\/\/contextoanalisisperiodistico.com\/wp-content\/uploads\/2025\/03\/IMG-20250327-WA0233-540x340.jpg",540,340,true],"covernews-medium-square":["https:\/\/contextoanalisisperiodistico.com\/wp-content\/uploads\/2025\/03\/IMG-20250327-WA0233-400x250.jpg",400,250,true]},"author_info":{"display_name":"Mario Gir\u00f3n","author_link":"https:\/\/contextoanalisisperiodistico.com\/index.php\/author\/director\/"},"category_info":"<a href=\"https:\/\/contextoanalisisperiodistico.com\/index.php\/category\/deportes\/\" rel=\"category tag\">Deportes<\/a>","tag_info":"Deportes","comment_count":"0","jetpack_featured_media_url":"https:\/\/contextoanalisisperiodistico.com\/wp-content\/uploads\/2025\/03\/IMG-20250327-WA0233.jpg","_links":{"self":[{"href":"https:\/\/contextoanalisisperiodistico.com\/index.php\/wp-json\/wp\/v2\/posts\/39118"}],"collection":[{"href":"https:\/\/contextoanalisisperiodistico.com\/index.php\/wp-json\/wp\/v2\/posts"}],"about":[{"href":"https:\/\/contextoanalisisperiodistico.com\/index.php\/wp-json\/wp\/v2\/types\/post"}],"author":[{"embeddable":true,"href":"https:\/\/contextoanalisisperiodistico.com\/index.php\/wp-json\/wp\/v2\/users\/4"}],"replies":[{"embeddable":true,"href":"https:\/\/contextoanalisisperiodistico.com\/index.php\/wp-json\/wp\/v2\/comments?post=39118"}],"version-history":[{"count":0,"href":"https:\/\/contextoanalisisperiodistico.com\/index.php\/wp-json\/wp\/v2\/posts\/39118\/revisions"}],"wp:featuredmedia":[{"embeddable":true,"href":"https:\/\/contextoanalisisperiodistico.com\/index.php\/wp-json\/wp\/v2\/media\/39114"}],"wp:attachment":[{"href":"https:\/\/contextoanalisisperiodistico.com\/index.php\/wp-json\/wp\/v2\/media?parent=39118"}],"wp:term":[{"taxonomy":"category","embeddable":true,"href":"https:\/\/contextoanalisisperiodistico.com\/index.php\/wp-json\/wp\/v2\/categories?post=39118"},{"taxonomy":"post_tag","embeddable":true,"href":"https:\/\/contextoanalisisperiodistico.com\/index.php\/wp-json\/wp\/v2\/tags?post=39118"}],"curies":[{"name":"wp","href":"https:\/\/api.w.org\/{rel}","templated":true}]}}