{"id":39098,"date":"2025-03-27T16:42:23","date_gmt":"2025-03-27T22:42:23","guid":{"rendered":"https:\/\/contextoanalisisperiodistico.com\/index.php\/2025\/03\/27\/policia-municipal-detiene-a-una-persona-por-el-presunto-delito-de-robo\/"},"modified":"2025-03-27T16:42:23","modified_gmt":"2025-03-27T22:42:23","slug":"policia-municipal-detiene-a-una-persona-por-el-presunto-delito-de-robo","status":"publish","type":"post","link":"https:\/\/contextoanalisisperiodistico.com\/index.php\/2025\/03\/27\/policia-municipal-detiene-a-una-persona-por-el-presunto-delito-de-robo\/","title":{"rendered":"Polic\u00eda Municipal detiene a una persona por el presunto delito de robo"},"content":{"rendered":"<div id=\"fb-root\"><\/div>\n\n<p>Oaxaca de Ju\u00e1rez, Oax., 27 de marzo de 2025.- Personal de la Secretar\u00eda de Seguridad Vecinal efectu\u00f3 la detenci\u00f3n de una persona de g\u00e9nero femenino, menor de edad, al ser se\u00f1alada como presunta responsable del delito de robo con violencia.<\/p>\n\n\n\n<p>La intervenci\u00f3n del personal de la Direcci\u00f3n de Proximidad Social ocurri\u00f3 el mi\u00e9rcoles a las 17:50 horas en la privada de Las Casas, en las inmediaciones del Mercado de Abasto.<\/p>\n\n\n\n<p>Al aplicar un operativo de prevenci\u00f3n en esa zona, elementos de la Unidad Motorizada de Acci\u00f3n R\u00e1pida (UMAR) fueron alertados por un joven, quien indic\u00f3 que momentos antes hab\u00eda sido asalto por un grupo de sujetos y dos mujeres, una de las cuales estaba parada frente a un bar.<\/p>\n\n\n\n<p>Ante el se\u00f1alamiento, abordaron a la mujer, quien result\u00f3 ser menor de edad, quien ante el ofendido, entreg\u00f3 la cantidad de mil 800 pesos y accesorios para guitarra, de los cuales presuntamente despoj\u00f3 con el apoyo de tres masculinos y otra mujer.<\/p>\n\n\n\n<p>El ofendido dijo que el robo presuntamente ocurri\u00f3 en un cuarto del bar de esa privada, a donde fue metido con violencia para arrebatarle sus pertenencias que guardaba en una mochila.<\/p>\n\n\n\n<p>Explic\u00f3 que le arrebataron su tel\u00e9fono celular y al observar que ten\u00eda la aplicaci\u00f3n de un banco, los golpearon para que les diera la clave, desde donde al parecer transfirieron dinero a otra cuenta, para luego destruir el tel\u00e9fono.<\/p>\n\n\n\n<p>Al salir del bar y caminar hacia Perif\u00e9rico, observ\u00f3 que las dem\u00e1s personas que le robaron huyeron hacia Diagonal de Mercaderes.<\/p>\n\n\n\n<p>Ante el se\u00f1alamiento, procedieron a la detenci\u00f3n de la menor de edad, quien qued\u00f3 a disposici\u00f3n de la autoridad competente para determinar su situaci\u00f3n jur\u00eddica.<\/p>\n","protected":false},"excerpt":{"rendered":"<p>Oaxaca de Ju\u00e1rez, Oax., 27 de marzo de 2025.- Personal de la Secretar\u00eda de Seguridad&#8230;<\/p>\n","protected":false},"author":4,"featured_media":39097,"comment_status":"","ping_status":"open","sticky":false,"template":"","format":"standard","meta":{"footnotes":""},"categories":[10],"tags":[],"jetpack_sharing_enabled":true,"featured_image_urls":{"full":["https:\/\/contextoanalisisperiodistico.com\/wp-content\/uploads\/2025\/03\/IMG-20250327-WA0136.jpg",968,462,false],"thumbnail":["https:\/\/contextoanalisisperiodistico.com\/wp-content\/uploads\/2025\/03\/IMG-20250327-WA0136-150x150.jpg",150,150,true],"medium":["https:\/\/contextoanalisisperiodistico.com\/wp-content\/uploads\/2025\/03\/IMG-20250327-WA0136-300x143.jpg",300,143,true],"medium_large":["https:\/\/contextoanalisisperiodistico.com\/wp-content\/uploads\/2025\/03\/IMG-20250327-WA0136-768x367.jpg",640,306,true],"large":["https:\/\/contextoanalisisperiodistico.com\/wp-content\/uploads\/2025\/03\/IMG-20250327-WA0136.jpg",640,305,false],"1536x1536":["https:\/\/contextoanalisisperiodistico.com\/wp-content\/uploads\/2025\/03\/IMG-20250327-WA0136.jpg",968,462,false],"2048x2048":["https:\/\/contextoanalisisperiodistico.com\/wp-content\/uploads\/2025\/03\/IMG-20250327-WA0136.jpg",968,462,false],"covernews-slider-full":["https:\/\/contextoanalisisperiodistico.com\/wp-content\/uploads\/2025\/03\/IMG-20250327-WA0136.jpg",968,462,false],"covernews-slider-center":["https:\/\/contextoanalisisperiodistico.com\/wp-content\/uploads\/2025\/03\/IMG-20250327-WA0136-800x462.jpg",800,462,true],"covernews-featured":["https:\/\/contextoanalisisperiodistico.com\/wp-content\/uploads\/2025\/03\/IMG-20250327-WA0136.jpg",968,462,false],"covernews-medium":["https:\/\/contextoanalisisperiodistico.com\/wp-content\/uploads\/2025\/03\/IMG-20250327-WA0136-540x340.jpg",540,340,true],"covernews-medium-square":["https:\/\/contextoanalisisperiodistico.com\/wp-content\/uploads\/2025\/03\/IMG-20250327-WA0136-400x250.jpg",400,250,true]},"author_info":{"display_name":"Mario Gir\u00f3n","author_link":"https:\/\/contextoanalisisperiodistico.com\/index.php\/author\/director\/"},"category_info":"<a href=\"https:\/\/contextoanalisisperiodistico.com\/index.php\/category\/seguridad\/\" rel=\"category tag\">Seguridad<\/a>","tag_info":"Seguridad","comment_count":"0","jetpack_featured_media_url":"https:\/\/contextoanalisisperiodistico.com\/wp-content\/uploads\/2025\/03\/IMG-20250327-WA0136.jpg","_links":{"self":[{"href":"https:\/\/contextoanalisisperiodistico.com\/index.php\/wp-json\/wp\/v2\/posts\/39098"}],"collection":[{"href":"https:\/\/contextoanalisisperiodistico.com\/index.php\/wp-json\/wp\/v2\/posts"}],"about":[{"href":"https:\/\/contextoanalisisperiodistico.com\/index.php\/wp-json\/wp\/v2\/types\/post"}],"author":[{"embeddable":true,"href":"https:\/\/contextoanalisisperiodistico.com\/index.php\/wp-json\/wp\/v2\/users\/4"}],"replies":[{"embeddable":true,"href":"https:\/\/contextoanalisisperiodistico.com\/index.php\/wp-json\/wp\/v2\/comments?post=39098"}],"version-history":[{"count":0,"href":"https:\/\/contextoanalisisperiodistico.com\/index.php\/wp-json\/wp\/v2\/posts\/39098\/revisions"}],"wp:featuredmedia":[{"embeddable":true,"href":"https:\/\/contextoanalisisperiodistico.com\/index.php\/wp-json\/wp\/v2\/media\/39097"}],"wp:attachment":[{"href":"https:\/\/contextoanalisisperiodistico.com\/index.php\/wp-json\/wp\/v2\/media?parent=39098"}],"wp:term":[{"taxonomy":"category","embeddable":true,"href":"https:\/\/contextoanalisisperiodistico.com\/index.php\/wp-json\/wp\/v2\/categories?post=39098"},{"taxonomy":"post_tag","embeddable":true,"href":"https:\/\/contextoanalisisperiodistico.com\/index.php\/wp-json\/wp\/v2\/tags?post=39098"}],"curies":[{"name":"wp","href":"https:\/\/api.w.org\/{rel}","templated":true}]}}