{"id":39096,"date":"2025-03-27T15:55:12","date_gmt":"2025-03-27T21:55:12","guid":{"rendered":"https:\/\/contextoanalisisperiodistico.com\/index.php\/2025\/03\/27\/desde-territorio-sego-fortalece-la-resolucion-de-conflictos-por-la-via-pacifica\/"},"modified":"2025-03-27T15:55:12","modified_gmt":"2025-03-27T21:55:12","slug":"desde-territorio-sego-fortalece-la-resolucion-de-conflictos-por-la-via-pacifica","status":"publish","type":"post","link":"https:\/\/contextoanalisisperiodistico.com\/index.php\/2025\/03\/27\/desde-territorio-sego-fortalece-la-resolucion-de-conflictos-por-la-via-pacifica\/","title":{"rendered":"Desde territorio, Sego fortalece la resoluci\u00f3n de conflictos por la v\u00eda pac\u00edfica"},"content":{"rendered":"<div id=\"fb-root\"><\/div>\n\n<p>\u2022 Derivado de las mesas de di\u00e1logo con las comunidades de San Isidro Platanillo y Santo Domingo Petapa, se alcanzaron acuerdos en beneficio de la poblaci\u00f3n<\/p>\n\n\n\n<figure class=\"wp-block-image size-large\"><img fetchpriority=\"high\" decoding=\"async\" width=\"1024\" height=\"682\" src=\"https:\/\/contextoanalisisperiodistico.com\/wp-content\/uploads\/2025\/03\/img-20250327-wa01235677736687423248218-1024x682.jpg\" alt=\"\" class=\"wp-image-39095\" srcset=\"https:\/\/contextoanalisisperiodistico.com\/wp-content\/uploads\/2025\/03\/img-20250327-wa01235677736687423248218-1024x682.jpg 1024w, https:\/\/contextoanalisisperiodistico.com\/wp-content\/uploads\/2025\/03\/img-20250327-wa01235677736687423248218-300x200.jpg 300w, https:\/\/contextoanalisisperiodistico.com\/wp-content\/uploads\/2025\/03\/img-20250327-wa01235677736687423248218-768x512.jpg 768w, https:\/\/contextoanalisisperiodistico.com\/wp-content\/uploads\/2025\/03\/img-20250327-wa01235677736687423248218-1536x1023.jpg 1536w, https:\/\/contextoanalisisperiodistico.com\/wp-content\/uploads\/2025\/03\/img-20250327-wa01235677736687423248218.jpg 1600w\" sizes=\"(max-width: 1024px) 100vw, 1024px\" \/><\/figure>\n\n\n\n<p>\u2022 Mediante la territorializaci\u00f3n del Programa de Paz, del 19 al 21 de marzo se beneficiaron a m\u00e1s de 900 personas con actividades para fortalecer la cultura de paz y el bienestar en las comunidades<\/p>\n\n\n\n<p>Oaxaca de Ju\u00e1rez, Oax. 27 de marzo de 2025.- El titular de la Secretar\u00eda de Gobierno (Sego), Jes\u00fas Romero L\u00f3pez inform\u00f3 sobre las acciones prioritarias en materia de gobernabilidad y pacificaci\u00f3n que realiza la dependencia en el territorio oaxaque\u00f1o, destacando los acuerdos alcanzados entre San Isidro Platanillo y Santo Domingo Petapa.<\/p>\n\n\n\n<p>En la conferencia de prensa del Gabinete de Seguridad, expuso que, en relaci\u00f3n al conflicto social y pol\u00edtico entre ambas localidades, se llevaron a cabo mesas de di\u00e1logo con el Cabildo Municipal y agentes municipales de Santo Domingo Petapa, logrando restablecer la relaci\u00f3n con la agencia y reactivar los trabajos administrativos en San Isidro Platanillo, incluyendo la organizaci\u00f3n de elecciones para el cargo de Agente Municipal.<\/p>\n\n\n\n<p>Derivado de ello, se estableci\u00f3 mantener el di\u00e1logo para reconstruir el tejido social, garantizar la comunicaci\u00f3n constante con el Gobierno del Estado para preservar la paz en la zona, y asegurar el libre acceso a San Isidro Platanillo. Adem\u00e1s, se ha acordado la presencia del Delegado de Paz en la comunidad dos veces por semana, con el prop\u00f3sito de atender y resolver problem\u00e1ticas internas.<\/p>\n\n\n\n<p>Respecto a la territorializaci\u00f3n del Programa de Paz, Romero L\u00f3pez destac\u00f3 que del 19 al 21 de marzo se llevaron a cabo diversas actividades en Santa Cruz Xoxocotl\u00e1n, Santa Mar\u00eda Colotepec, San Pedro Mixtepec y San Pedro Pochutla, enmarcadas en las acciones de \u201cPaz con justicia y bienestar para el pueblo de Oaxaca\u201d, \u201cHablamos no bloqueamos\u201d, \u201cPa\u00b4las oaxaque\u00f1as\u201d y \u201cViviendo la paz\u201d.<\/p>\n\n\n\n<p>Tambi\u00e9n se realizaron conversatorios sobre autocuidado emocional y gobernabilidad, capacitaciones en resoluci\u00f3n de conflictos, c\u00edrculos de lectura sobre migraci\u00f3n infantil y talleres de empoderamiento para mujeres, dentro de las cuales participaron m\u00e1s de 900 personas, entre autoridades, estudiantes y ciudadan\u00eda en general; con el objetivo de fortalecer la cultura de paz y el bienestar en las comunidades.<\/p>\n\n\n\n<p>Asimismo, se realiz\u00f3 el segundo curso \u00abGesti\u00f3n de paz para la transformaci\u00f3n social y comunitaria\u00bb, enmarcado en la iniciativa \u00abOaxaca tejiendo municipios constructores de paz\u00bb, en el cual se trabaj\u00f3 con cartograf\u00eda local para la identificaci\u00f3n de problem\u00e1ticas y soluciones comunitarias.<\/p>\n\n\n\n<p>Finalmente, el titular de la Sego reiter\u00f3 el compromiso del Gobierno del Estado con la estabilidad y el desarrollo social de las ocho regiones, garantizando el seguimiento de estos acuerdos y programas en beneficio de la ciudadan\u00eda, mediante el trabajo coordinado con los distintos niveles de gobierno y la sociedad civil para consolidar la paz y el bienestar de las familias oaxaque\u00f1as.<\/p>\n\n\n\n<p>-0-<\/p>\n","protected":false},"excerpt":{"rendered":"<p>\u2022 Derivado de las mesas de di\u00e1logo con las comunidades de San Isidro Platanillo y&#8230;<\/p>\n","protected":false},"author":4,"featured_media":39094,"comment_status":"","ping_status":"open","sticky":false,"template":"","format":"standard","meta":{"footnotes":""},"categories":[9],"tags":[],"jetpack_sharing_enabled":true,"featured_image_urls":{"full":["https:\/\/contextoanalisisperiodistico.com\/wp-content\/uploads\/2025\/03\/IMG-20250327-WA0122.jpg",1600,1066,false],"thumbnail":["https:\/\/contextoanalisisperiodistico.com\/wp-content\/uploads\/2025\/03\/IMG-20250327-WA0122-150x150.jpg",150,150,true],"medium":["https:\/\/contextoanalisisperiodistico.com\/wp-content\/uploads\/2025\/03\/IMG-20250327-WA0122-300x200.jpg",300,200,true],"medium_large":["https:\/\/contextoanalisisperiodistico.com\/wp-content\/uploads\/2025\/03\/IMG-20250327-WA0122-768x512.jpg",640,427,true],"large":["https:\/\/contextoanalisisperiodistico.com\/wp-content\/uploads\/2025\/03\/IMG-20250327-WA0122-1024x682.jpg",640,426,true],"1536x1536":["https:\/\/contextoanalisisperiodistico.com\/wp-content\/uploads\/2025\/03\/IMG-20250327-WA0122-1536x1023.jpg",1536,1023,true],"2048x2048":["https:\/\/contextoanalisisperiodistico.com\/wp-content\/uploads\/2025\/03\/IMG-20250327-WA0122.jpg",1600,1066,false],"covernews-slider-full":["https:\/\/contextoanalisisperiodistico.com\/wp-content\/uploads\/2025\/03\/IMG-20250327-WA0122-1115x715.jpg",1115,715,true],"covernews-slider-center":["https:\/\/contextoanalisisperiodistico.com\/wp-content\/uploads\/2025\/03\/IMG-20250327-WA0122-800x500.jpg",800,500,true],"covernews-featured":["https:\/\/contextoanalisisperiodistico.com\/wp-content\/uploads\/2025\/03\/IMG-20250327-WA0122-1024x682.jpg",1024,682,true],"covernews-medium":["https:\/\/contextoanalisisperiodistico.com\/wp-content\/uploads\/2025\/03\/IMG-20250327-WA0122-540x340.jpg",540,340,true],"covernews-medium-square":["https:\/\/contextoanalisisperiodistico.com\/wp-content\/uploads\/2025\/03\/IMG-20250327-WA0122-400x250.jpg",400,250,true]},"author_info":{"display_name":"Mario Gir\u00f3n","author_link":"https:\/\/contextoanalisisperiodistico.com\/index.php\/author\/director\/"},"category_info":"<a href=\"https:\/\/contextoanalisisperiodistico.com\/index.php\/category\/politica\/\" rel=\"category tag\">Pol\u00edtica<\/a>","tag_info":"Pol\u00edtica","comment_count":"0","jetpack_featured_media_url":"https:\/\/contextoanalisisperiodistico.com\/wp-content\/uploads\/2025\/03\/IMG-20250327-WA0122.jpg","_links":{"self":[{"href":"https:\/\/contextoanalisisperiodistico.com\/index.php\/wp-json\/wp\/v2\/posts\/39096"}],"collection":[{"href":"https:\/\/contextoanalisisperiodistico.com\/index.php\/wp-json\/wp\/v2\/posts"}],"about":[{"href":"https:\/\/contextoanalisisperiodistico.com\/index.php\/wp-json\/wp\/v2\/types\/post"}],"author":[{"embeddable":true,"href":"https:\/\/contextoanalisisperiodistico.com\/index.php\/wp-json\/wp\/v2\/users\/4"}],"replies":[{"embeddable":true,"href":"https:\/\/contextoanalisisperiodistico.com\/index.php\/wp-json\/wp\/v2\/comments?post=39096"}],"version-history":[{"count":0,"href":"https:\/\/contextoanalisisperiodistico.com\/index.php\/wp-json\/wp\/v2\/posts\/39096\/revisions"}],"wp:featuredmedia":[{"embeddable":true,"href":"https:\/\/contextoanalisisperiodistico.com\/index.php\/wp-json\/wp\/v2\/media\/39094"}],"wp:attachment":[{"href":"https:\/\/contextoanalisisperiodistico.com\/index.php\/wp-json\/wp\/v2\/media?parent=39096"}],"wp:term":[{"taxonomy":"category","embeddable":true,"href":"https:\/\/contextoanalisisperiodistico.com\/index.php\/wp-json\/wp\/v2\/categories?post=39096"},{"taxonomy":"post_tag","embeddable":true,"href":"https:\/\/contextoanalisisperiodistico.com\/index.php\/wp-json\/wp\/v2\/tags?post=39096"}],"curies":[{"name":"wp","href":"https:\/\/api.w.org\/{rel}","templated":true}]}}