{"id":39093,"date":"2025-03-27T14:57:25","date_gmt":"2025-03-27T20:57:25","guid":{"rendered":"https:\/\/contextoanalisisperiodistico.com\/index.php\/2025\/03\/27\/instalan-consejo-de-desarrollo-social-municipal-en-oaxaca-de-juarez\/"},"modified":"2025-03-27T14:57:25","modified_gmt":"2025-03-27T20:57:25","slug":"instalan-consejo-de-desarrollo-social-municipal-en-oaxaca-de-juarez","status":"publish","type":"post","link":"https:\/\/contextoanalisisperiodistico.com\/index.php\/2025\/03\/27\/instalan-consejo-de-desarrollo-social-municipal-en-oaxaca-de-juarez\/","title":{"rendered":"Instalan Consejo de Desarrollo Social Municipal en Oaxaca de Ju\u00e1rez"},"content":{"rendered":"<div id=\"fb-root\"><\/div>\n\n<p>\u2022 Se trata de un compromiso con la transformaci\u00f3n participativa y ordenada del municipio, asegura Ray Chagoya<\/p>\n\n\n\n<figure class=\"wp-block-image size-large\"><img fetchpriority=\"high\" decoding=\"async\" width=\"1024\" height=\"604\" src=\"https:\/\/contextoanalisisperiodistico.com\/wp-content\/uploads\/2025\/03\/img-20250327-wa01063292902900074764747-1024x604.jpg\" alt=\"\" class=\"wp-image-39086\" srcset=\"https:\/\/contextoanalisisperiodistico.com\/wp-content\/uploads\/2025\/03\/img-20250327-wa01063292902900074764747-1024x604.jpg 1024w, https:\/\/contextoanalisisperiodistico.com\/wp-content\/uploads\/2025\/03\/img-20250327-wa01063292902900074764747-300x177.jpg 300w, https:\/\/contextoanalisisperiodistico.com\/wp-content\/uploads\/2025\/03\/img-20250327-wa01063292902900074764747-768x453.jpg 768w, https:\/\/contextoanalisisperiodistico.com\/wp-content\/uploads\/2025\/03\/img-20250327-wa01063292902900074764747-1536x905.jpg 1536w, https:\/\/contextoanalisisperiodistico.com\/wp-content\/uploads\/2025\/03\/img-20250327-wa01063292902900074764747.jpg 2000w\" sizes=\"(max-width: 1024px) 100vw, 1024px\" \/><\/figure>\n\n\n\n<figure class=\"wp-block-image\"><img decoding=\"async\" width=\"1024\" height=\"822\" src=\"https:\/\/contextoanalisisperiodistico.com\/wp-content\/uploads\/2025\/03\/img-20250327-wa01125673097950213459289-1024x822.jpg\" alt=\"\" class=\"wp-image-39087\" srcset=\"https:\/\/contextoanalisisperiodistico.com\/wp-content\/uploads\/2025\/03\/img-20250327-wa01125673097950213459289-1024x822.jpg 1024w, https:\/\/contextoanalisisperiodistico.com\/wp-content\/uploads\/2025\/03\/img-20250327-wa01125673097950213459289-300x241.jpg 300w, https:\/\/contextoanalisisperiodistico.com\/wp-content\/uploads\/2025\/03\/img-20250327-wa01125673097950213459289-768x616.jpg 768w, https:\/\/contextoanalisisperiodistico.com\/wp-content\/uploads\/2025\/03\/img-20250327-wa01125673097950213459289-1536x1233.jpg 1536w, https:\/\/contextoanalisisperiodistico.com\/wp-content\/uploads\/2025\/03\/img-20250327-wa01125673097950213459289.jpg 1600w\" sizes=\"(max-width: 1024px) 100vw, 1024px\" \/><\/figure>\n\n\n\n<figure class=\"wp-block-image\"><img decoding=\"async\" width=\"1024\" height=\"683\" src=\"https:\/\/contextoanalisisperiodistico.com\/wp-content\/uploads\/2025\/03\/img-20250327-wa01072736258030651133170-1024x683.jpg\" alt=\"\" class=\"wp-image-39090\" srcset=\"https:\/\/contextoanalisisperiodistico.com\/wp-content\/uploads\/2025\/03\/img-20250327-wa01072736258030651133170-1024x683.jpg 1024w, https:\/\/contextoanalisisperiodistico.com\/wp-content\/uploads\/2025\/03\/img-20250327-wa01072736258030651133170-300x200.jpg 300w, https:\/\/contextoanalisisperiodistico.com\/wp-content\/uploads\/2025\/03\/img-20250327-wa01072736258030651133170-768x512.jpg 768w, https:\/\/contextoanalisisperiodistico.com\/wp-content\/uploads\/2025\/03\/img-20250327-wa01072736258030651133170-1536x1025.jpg 1536w, https:\/\/contextoanalisisperiodistico.com\/wp-content\/uploads\/2025\/03\/img-20250327-wa01072736258030651133170.jpg 2000w\" sizes=\"(max-width: 1024px) 100vw, 1024px\" \/><\/figure>\n\n\n\n<figure class=\"wp-block-image\"><img loading=\"lazy\" decoding=\"async\" width=\"1024\" height=\"683\" src=\"https:\/\/contextoanalisisperiodistico.com\/wp-content\/uploads\/2025\/03\/img-20250327-wa01115758949613868770252-1024x683.jpg\" alt=\"\" class=\"wp-image-39089\" srcset=\"https:\/\/contextoanalisisperiodistico.com\/wp-content\/uploads\/2025\/03\/img-20250327-wa01115758949613868770252-1024x683.jpg 1024w, https:\/\/contextoanalisisperiodistico.com\/wp-content\/uploads\/2025\/03\/img-20250327-wa01115758949613868770252-300x200.jpg 300w, https:\/\/contextoanalisisperiodistico.com\/wp-content\/uploads\/2025\/03\/img-20250327-wa01115758949613868770252-768x512.jpg 768w, https:\/\/contextoanalisisperiodistico.com\/wp-content\/uploads\/2025\/03\/img-20250327-wa01115758949613868770252-1536x1025.jpg 1536w, https:\/\/contextoanalisisperiodistico.com\/wp-content\/uploads\/2025\/03\/img-20250327-wa01115758949613868770252.jpg 2000w\" sizes=\"(max-width: 1024px) 100vw, 1024px\" \/><\/figure>\n\n\n\n<figure class=\"wp-block-image\"><img loading=\"lazy\" decoding=\"async\" width=\"1024\" height=\"682\" src=\"https:\/\/contextoanalisisperiodistico.com\/wp-content\/uploads\/2025\/03\/img-20250327-wa0113959639476672850228-1024x682.jpg\" alt=\"\" class=\"wp-image-39088\" srcset=\"https:\/\/contextoanalisisperiodistico.com\/wp-content\/uploads\/2025\/03\/img-20250327-wa0113959639476672850228-1024x682.jpg 1024w, https:\/\/contextoanalisisperiodistico.com\/wp-content\/uploads\/2025\/03\/img-20250327-wa0113959639476672850228-300x200.jpg 300w, https:\/\/contextoanalisisperiodistico.com\/wp-content\/uploads\/2025\/03\/img-20250327-wa0113959639476672850228-768x512.jpg 768w, https:\/\/contextoanalisisperiodistico.com\/wp-content\/uploads\/2025\/03\/img-20250327-wa0113959639476672850228-1536x1023.jpg 1536w, https:\/\/contextoanalisisperiodistico.com\/wp-content\/uploads\/2025\/03\/img-20250327-wa0113959639476672850228.jpg 1600w\" sizes=\"(max-width: 1024px) 100vw, 1024px\" \/><\/figure>\n\n\n\n<figure class=\"wp-block-image\"><img loading=\"lazy\" decoding=\"async\" width=\"1024\" height=\"683\" src=\"https:\/\/contextoanalisisperiodistico.com\/wp-content\/uploads\/2025\/03\/img-20250327-wa01145006506188191232514-1024x683.jpg\" alt=\"\" class=\"wp-image-39091\" srcset=\"https:\/\/contextoanalisisperiodistico.com\/wp-content\/uploads\/2025\/03\/img-20250327-wa01145006506188191232514-1024x683.jpg 1024w, https:\/\/contextoanalisisperiodistico.com\/wp-content\/uploads\/2025\/03\/img-20250327-wa01145006506188191232514-300x200.jpg 300w, https:\/\/contextoanalisisperiodistico.com\/wp-content\/uploads\/2025\/03\/img-20250327-wa01145006506188191232514-768x512.jpg 768w, https:\/\/contextoanalisisperiodistico.com\/wp-content\/uploads\/2025\/03\/img-20250327-wa01145006506188191232514-1536x1025.jpg 1536w, https:\/\/contextoanalisisperiodistico.com\/wp-content\/uploads\/2025\/03\/img-20250327-wa01145006506188191232514.jpg 2000w\" sizes=\"(max-width: 1024px) 100vw, 1024px\" \/><\/figure>\n\n\n\n<figure class=\"wp-block-image\"><img loading=\"lazy\" decoding=\"async\" width=\"1024\" height=\"683\" src=\"https:\/\/contextoanalisisperiodistico.com\/wp-content\/uploads\/2025\/03\/img-20250327-wa01102921269817153917791-1024x683.jpg\" alt=\"\" class=\"wp-image-39092\" srcset=\"https:\/\/contextoanalisisperiodistico.com\/wp-content\/uploads\/2025\/03\/img-20250327-wa01102921269817153917791-1024x683.jpg 1024w, https:\/\/contextoanalisisperiodistico.com\/wp-content\/uploads\/2025\/03\/img-20250327-wa01102921269817153917791-300x200.jpg 300w, https:\/\/contextoanalisisperiodistico.com\/wp-content\/uploads\/2025\/03\/img-20250327-wa01102921269817153917791-768x512.jpg 768w, https:\/\/contextoanalisisperiodistico.com\/wp-content\/uploads\/2025\/03\/img-20250327-wa01102921269817153917791-1536x1025.jpg 1536w, https:\/\/contextoanalisisperiodistico.com\/wp-content\/uploads\/2025\/03\/img-20250327-wa01102921269817153917791.jpg 2000w\" sizes=\"(max-width: 1024px) 100vw, 1024px\" \/><\/figure>\n\n\n\n<p>Oaxaca de Ju\u00e1rez, Oax. 27 de marzo de 2025.- Para garantizar que las obras p\u00fablicas y las acciones sociales respondan efectivamente a las necesidades de las agencias y colonias de la capital oaxaque\u00f1a se realiz\u00f3 la instalaci\u00f3n del Consejo de Desarrollo Social Municipal de Oaxaca de Ju\u00e1rez, por el Presidente Ray Chagoya y la presencia el Secretario de Infraestructuras y Comunicaciones del Gobierno del Estado de Oaxaca, Carlos Vichido Hern\u00e1ndez.<\/p>\n\n\n\n<p>Durante el evento, el edil de la capital destac\u00f3 la importancia de la participaci\u00f3n ciudadana para lograr un desarrollo urbano justo y eficiente. Se\u00f1al\u00f3 que las vecinas y vecinos son quienes mejor conocen las problem\u00e1ticas de sus colonias, como el mal estado de las calles o la falta de iluminaci\u00f3n, por lo que su colaboraci\u00f3n ser\u00e1 esencial para la identificaci\u00f3n de proyectos prioritarios.<\/p>\n\n\n\n<p>La participaci\u00f3n activa de agentes municipales, regidoras, regidores y otros actores permitir\u00e1 optimizar recursos y asegurar que cada proyecto tenga un impacto real y duradero, por lo que la uni\u00f3n de esfuerzos ser\u00e1 crucial para la toma de decisiones acertadas que beneficien a todas las personas del municipio, afirm\u00f3.<\/p>\n\n\n\n<p>En este contexto, el Presidente Ray Chagoya reafirm\u00f3 su compromiso con un Oaxaca de Ju\u00e1rez m\u00e1s seguro, limpio y bien iluminado, donde cada obra y cada espacio recuperado sean testigos del progreso real. \u00abEl cambio no es solo una promesa, sino una realidad que construimos juntos\u00bb, concluy\u00f3.<\/p>\n\n\n\n<p>La instalaci\u00f3n de este consejo es solo el inicio de una serie de acciones que buscar\u00e1n mejorar la calidad de vida en las colonias, barrios y agencias de Oaxaca de Ju\u00e1rez, con el objetivo de transformar la ciudad de manera inclusiva y participativa.<\/p>\n","protected":false},"excerpt":{"rendered":"<p>\u2022 Se trata de un compromiso con la transformaci\u00f3n participativa y ordenada del municipio, asegura&#8230;<\/p>\n","protected":false},"author":4,"featured_media":39085,"comment_status":"","ping_status":"open","sticky":false,"template":"","format":"standard","meta":{"footnotes":""},"categories":[9],"tags":[178,235,234,45],"jetpack_sharing_enabled":true,"featured_image_urls":{"full":["https:\/\/contextoanalisisperiodistico.com\/wp-content\/uploads\/2025\/03\/IMG-20250327-WA0109.jpg",1600,1054,false],"thumbnail":["https:\/\/contextoanalisisperiodistico.com\/wp-content\/uploads\/2025\/03\/IMG-20250327-WA0109-150x150.jpg",150,150,true],"medium":["https:\/\/contextoanalisisperiodistico.com\/wp-content\/uploads\/2025\/03\/IMG-20250327-WA0109-300x198.jpg",300,198,true],"medium_large":["https:\/\/contextoanalisisperiodistico.com\/wp-content\/uploads\/2025\/03\/IMG-20250327-WA0109-768x506.jpg",640,422,true],"large":["https:\/\/contextoanalisisperiodistico.com\/wp-content\/uploads\/2025\/03\/IMG-20250327-WA0109-1024x675.jpg",640,422,true],"1536x1536":["https:\/\/contextoanalisisperiodistico.com\/wp-content\/uploads\/2025\/03\/IMG-20250327-WA0109-1536x1012.jpg",1536,1012,true],"2048x2048":["https:\/\/contextoanalisisperiodistico.com\/wp-content\/uploads\/2025\/03\/IMG-20250327-WA0109.jpg",1600,1054,false],"covernews-slider-full":["https:\/\/contextoanalisisperiodistico.com\/wp-content\/uploads\/2025\/03\/IMG-20250327-WA0109-1115x715.jpg",1115,715,true],"covernews-slider-center":["https:\/\/contextoanalisisperiodistico.com\/wp-content\/uploads\/2025\/03\/IMG-20250327-WA0109-800x500.jpg",800,500,true],"covernews-featured":["https:\/\/contextoanalisisperiodistico.com\/wp-content\/uploads\/2025\/03\/IMG-20250327-WA0109-1024x675.jpg",1024,675,true],"covernews-medium":["https:\/\/contextoanalisisperiodistico.com\/wp-content\/uploads\/2025\/03\/IMG-20250327-WA0109-540x340.jpg",540,340,true],"covernews-medium-square":["https:\/\/contextoanalisisperiodistico.com\/wp-content\/uploads\/2025\/03\/IMG-20250327-WA0109-400x250.jpg",400,250,true]},"author_info":{"display_name":"Mario Gir\u00f3n","author_link":"https:\/\/contextoanalisisperiodistico.com\/index.php\/author\/director\/"},"category_info":"<a href=\"https:\/\/contextoanalisisperiodistico.com\/index.php\/category\/politica\/\" rel=\"category tag\">Pol\u00edtica<\/a>","tag_info":"Pol\u00edtica","comment_count":"0","jetpack_featured_media_url":"https:\/\/contextoanalisisperiodistico.com\/wp-content\/uploads\/2025\/03\/IMG-20250327-WA0109.jpg","_links":{"self":[{"href":"https:\/\/contextoanalisisperiodistico.com\/index.php\/wp-json\/wp\/v2\/posts\/39093"}],"collection":[{"href":"https:\/\/contextoanalisisperiodistico.com\/index.php\/wp-json\/wp\/v2\/posts"}],"about":[{"href":"https:\/\/contextoanalisisperiodistico.com\/index.php\/wp-json\/wp\/v2\/types\/post"}],"author":[{"embeddable":true,"href":"https:\/\/contextoanalisisperiodistico.com\/index.php\/wp-json\/wp\/v2\/users\/4"}],"replies":[{"embeddable":true,"href":"https:\/\/contextoanalisisperiodistico.com\/index.php\/wp-json\/wp\/v2\/comments?post=39093"}],"version-history":[{"count":0,"href":"https:\/\/contextoanalisisperiodistico.com\/index.php\/wp-json\/wp\/v2\/posts\/39093\/revisions"}],"wp:featuredmedia":[{"embeddable":true,"href":"https:\/\/contextoanalisisperiodistico.com\/index.php\/wp-json\/wp\/v2\/media\/39085"}],"wp:attachment":[{"href":"https:\/\/contextoanalisisperiodistico.com\/index.php\/wp-json\/wp\/v2\/media?parent=39093"}],"wp:term":[{"taxonomy":"category","embeddable":true,"href":"https:\/\/contextoanalisisperiodistico.com\/index.php\/wp-json\/wp\/v2\/categories?post=39093"},{"taxonomy":"post_tag","embeddable":true,"href":"https:\/\/contextoanalisisperiodistico.com\/index.php\/wp-json\/wp\/v2\/tags?post=39093"}],"curies":[{"name":"wp","href":"https:\/\/api.w.org\/{rel}","templated":true}]}}