{"id":39078,"date":"2025-03-27T12:20:35","date_gmt":"2025-03-27T18:20:35","guid":{"rendered":"https:\/\/contextoanalisisperiodistico.com\/index.php\/2025\/03\/27\/actualizan-a-personal-del-sistema-integral-de-monitoreo-para-el-control-de-vectores\/"},"modified":"2025-03-27T12:20:35","modified_gmt":"2025-03-27T18:20:35","slug":"actualizan-a-personal-del-sistema-integral-de-monitoreo-para-el-control-de-vectores","status":"publish","type":"post","link":"https:\/\/contextoanalisisperiodistico.com\/index.php\/2025\/03\/27\/actualizan-a-personal-del-sistema-integral-de-monitoreo-para-el-control-de-vectores\/","title":{"rendered":"Actualizan a personal del Sistema Integral de Monitoreo para el control de Vectores"},"content":{"rendered":"<div id=\"fb-root\"><\/div>\n\n<ul class=\"wp-block-list\">\n<li>Personas investigadoras, dise\u00f1adoras y desarrolladoras del SIMV dotar\u00e1n de conocimientos actualizados para la implementaci\u00f3n de acciones eficaces, adem\u00e1s compartir\u00e1n experiencias y procedimientos de captura de informaci\u00f3n<\/li>\n<\/ul>\n\n\n\n<figure class=\"wp-block-image size-large\"><img fetchpriority=\"high\" decoding=\"async\" width=\"1024\" height=\"636\" src=\"https:\/\/contextoanalisisperiodistico.com\/wp-content\/uploads\/2025\/03\/img-20250327-wa00146203578773721617811-1024x636.jpg\" alt=\"\" class=\"wp-image-39076\" srcset=\"https:\/\/contextoanalisisperiodistico.com\/wp-content\/uploads\/2025\/03\/img-20250327-wa00146203578773721617811-1024x636.jpg 1024w, https:\/\/contextoanalisisperiodistico.com\/wp-content\/uploads\/2025\/03\/img-20250327-wa00146203578773721617811-300x186.jpg 300w, https:\/\/contextoanalisisperiodistico.com\/wp-content\/uploads\/2025\/03\/img-20250327-wa00146203578773721617811-768x477.jpg 768w, https:\/\/contextoanalisisperiodistico.com\/wp-content\/uploads\/2025\/03\/img-20250327-wa00146203578773721617811-1536x954.jpg 1536w, https:\/\/contextoanalisisperiodistico.com\/wp-content\/uploads\/2025\/03\/img-20250327-wa00146203578773721617811.jpg 1600w\" sizes=\"(max-width: 1024px) 100vw, 1024px\" \/><\/figure>\n\n\n\n<figure class=\"wp-block-image\"><img decoding=\"async\" width=\"1024\" height=\"768\" src=\"https:\/\/contextoanalisisperiodistico.com\/wp-content\/uploads\/2025\/03\/img-20250327-wa00121229449406202065916-1024x768.jpg\" alt=\"\" class=\"wp-image-39075\" srcset=\"https:\/\/contextoanalisisperiodistico.com\/wp-content\/uploads\/2025\/03\/img-20250327-wa00121229449406202065916-1024x768.jpg 1024w, https:\/\/contextoanalisisperiodistico.com\/wp-content\/uploads\/2025\/03\/img-20250327-wa00121229449406202065916-300x225.jpg 300w, https:\/\/contextoanalisisperiodistico.com\/wp-content\/uploads\/2025\/03\/img-20250327-wa00121229449406202065916-768x576.jpg 768w, https:\/\/contextoanalisisperiodistico.com\/wp-content\/uploads\/2025\/03\/img-20250327-wa00121229449406202065916.jpg 1280w\" sizes=\"(max-width: 1024px) 100vw, 1024px\" \/><\/figure>\n\n\n\n<figure class=\"wp-block-image\"><img decoding=\"async\" width=\"1024\" height=\"677\" src=\"https:\/\/contextoanalisisperiodistico.com\/wp-content\/uploads\/2025\/03\/img-20250327-wa00155921035330175442403-1024x677.jpg\" alt=\"\" class=\"wp-image-39077\" srcset=\"https:\/\/contextoanalisisperiodistico.com\/wp-content\/uploads\/2025\/03\/img-20250327-wa00155921035330175442403-1024x677.jpg 1024w, https:\/\/contextoanalisisperiodistico.com\/wp-content\/uploads\/2025\/03\/img-20250327-wa00155921035330175442403-300x198.jpg 300w, https:\/\/contextoanalisisperiodistico.com\/wp-content\/uploads\/2025\/03\/img-20250327-wa00155921035330175442403-768x508.jpg 768w, https:\/\/contextoanalisisperiodistico.com\/wp-content\/uploads\/2025\/03\/img-20250327-wa00155921035330175442403-1536x1016.jpg 1536w, https:\/\/contextoanalisisperiodistico.com\/wp-content\/uploads\/2025\/03\/img-20250327-wa00155921035330175442403.jpg 1600w\" sizes=\"(max-width: 1024px) 100vw, 1024px\" \/><\/figure>\n\n\n\n<p>Oaxaca de Ju\u00e1rez, Oax. 27 de marzo de 2025.- Para fortalecer la eficacia y eficiencia de los programas de salud mediante la generaci\u00f3n de informaci\u00f3n veraz y oportuna, Servicios de Salud de Oaxaca (SSO) inici\u00f3 el primer curso de actualizaci\u00f3n para el personal capturista y responsables de la plataforma del Sistema Integral de Monitoreo de Vectores (SIMV).<\/p>\n\n\n\n<p>Durante 4 d\u00edas intensivos, personas investigadoras, dise\u00f1adoras y desarrolladoras del SIMV compartir\u00e1n conocimientos actualizados, experiencias y procedimientos en la captura de informaci\u00f3n proveniente de las seis Jurisdicciones Sanitarias.<\/p>\n\n\n\n<p>Este encuentro sin precedentes busca unificar criterios y procesos de informaci\u00f3n a nivel regional, fortaleciendo as\u00ed la toma de decisiones y las estrategias en el combate de enfermedades transmitidas por vectores (ETV) como el dengue, paludismo, enfermedad de Chagas, leishmaniasis y la intoxicaci\u00f3n por veneno de artr\u00f3podos (IVAr).<\/p>\n\n\n\n<p>El jefe del departamento de Prevenci\u00f3n y Control de las ETV, Valerio Celedonio Aquino Monjaraz destac\u00f3 la relevancia del SIMV como herramienta estrat\u00e9gica para delimitar \u00e1reas y recopilar datos b\u00e1sicos; optimizando el uso de recursos y mejorando los resultados de los programas de control de vectores.<\/p>\n\n\n\n<p>De acuerdo con Aquino Monjaraz, los datos procesados por el Sistema permiten focalizar y determinar acciones espec\u00edficas, como el rociado, la vigilancia entomol\u00f3gica con ovitrampas, la nebulizaci\u00f3n, el control larvario y la realizaci\u00f3n de encuestas entomol\u00f3gicas.<\/p>\n\n\n\n<p>Cabe resaltar que esta actualizaci\u00f3n se enmarca en una colaboraci\u00f3n multidisciplinaria, integrando esfuerzos del Instituto de Diagn\u00f3stico y Referencia Epidemiol\u00f3gicos (InDRE), la Direcci\u00f3n General de Epidemiolog\u00eda (DGE) y la Comisi\u00f3n Federal para la Protecci\u00f3n contra Riesgos Sanitarios (Cofepris).<\/p>\n\n\n\n<p>As\u00ed como de diversas universidades, la Organizaci\u00f3n Panamericana de la Salud (OPS), Centros para el Control y Prevenci\u00f3n de Enfermedades (CDC) y el Instituto Nacional de Salud P\u00fablica (INSP); sinergia que ha permitido el desarrollo y evoluci\u00f3n del SIMV a lo largo de sus 15 a\u00f1os de operaci\u00f3n.<\/p>\n\n\n\n<p>Con esta capacitaci\u00f3n, el personal no solo conocer\u00e1 las etapas de desarrollo de la plataforma, sino que tambi\u00e9n identificar\u00e1 las principales actualizaciones de los subsistemas de informaci\u00f3n de vigilancia entomol\u00f3gica y control integral del vector, consolidando una respuesta m\u00e1s oportuna y eficaz ante los retos de la salud p\u00fablica.<\/p>\n\n\n\n<p>-0-<\/p>\n\n\n\n<p><\/p>\n\n\n\n<p><\/p>\n","protected":false},"excerpt":{"rendered":"<p>Oaxaca de Ju\u00e1rez, Oax. 27 de marzo de 2025.- Para fortalecer la eficacia y eficiencia&#8230;<\/p>\n","protected":false},"author":4,"featured_media":39074,"comment_status":"","ping_status":"open","sticky":false,"template":"","format":"standard","meta":{"footnotes":""},"categories":[92],"tags":[],"jetpack_sharing_enabled":true,"featured_image_urls":{"full":["https:\/\/contextoanalisisperiodistico.com\/wp-content\/uploads\/2025\/03\/IMG-20250327-WA0013.jpg",1344,756,false],"thumbnail":["https:\/\/contextoanalisisperiodistico.com\/wp-content\/uploads\/2025\/03\/IMG-20250327-WA0013-150x150.jpg",150,150,true],"medium":["https:\/\/contextoanalisisperiodistico.com\/wp-content\/uploads\/2025\/03\/IMG-20250327-WA0013-300x169.jpg",300,169,true],"medium_large":["https:\/\/contextoanalisisperiodistico.com\/wp-content\/uploads\/2025\/03\/IMG-20250327-WA0013-768x432.jpg",640,360,true],"large":["https:\/\/contextoanalisisperiodistico.com\/wp-content\/uploads\/2025\/03\/IMG-20250327-WA0013-1024x576.jpg",640,360,true],"1536x1536":["https:\/\/contextoanalisisperiodistico.com\/wp-content\/uploads\/2025\/03\/IMG-20250327-WA0013.jpg",1344,756,false],"2048x2048":["https:\/\/contextoanalisisperiodistico.com\/wp-content\/uploads\/2025\/03\/IMG-20250327-WA0013.jpg",1344,756,false],"covernews-slider-full":["https:\/\/contextoanalisisperiodistico.com\/wp-content\/uploads\/2025\/03\/IMG-20250327-WA0013-1115x715.jpg",1115,715,true],"covernews-slider-center":["https:\/\/contextoanalisisperiodistico.com\/wp-content\/uploads\/2025\/03\/IMG-20250327-WA0013-800x500.jpg",800,500,true],"covernews-featured":["https:\/\/contextoanalisisperiodistico.com\/wp-content\/uploads\/2025\/03\/IMG-20250327-WA0013-1024x576.jpg",1024,576,true],"covernews-medium":["https:\/\/contextoanalisisperiodistico.com\/wp-content\/uploads\/2025\/03\/IMG-20250327-WA0013-540x340.jpg",540,340,true],"covernews-medium-square":["https:\/\/contextoanalisisperiodistico.com\/wp-content\/uploads\/2025\/03\/IMG-20250327-WA0013-400x250.jpg",400,250,true]},"author_info":{"display_name":"Mario Gir\u00f3n","author_link":"https:\/\/contextoanalisisperiodistico.com\/index.php\/author\/director\/"},"category_info":"<a href=\"https:\/\/contextoanalisisperiodistico.com\/index.php\/category\/salud\/\" rel=\"category tag\">Salud<\/a>","tag_info":"Salud","comment_count":"0","jetpack_featured_media_url":"https:\/\/contextoanalisisperiodistico.com\/wp-content\/uploads\/2025\/03\/IMG-20250327-WA0013.jpg","_links":{"self":[{"href":"https:\/\/contextoanalisisperiodistico.com\/index.php\/wp-json\/wp\/v2\/posts\/39078"}],"collection":[{"href":"https:\/\/contextoanalisisperiodistico.com\/index.php\/wp-json\/wp\/v2\/posts"}],"about":[{"href":"https:\/\/contextoanalisisperiodistico.com\/index.php\/wp-json\/wp\/v2\/types\/post"}],"author":[{"embeddable":true,"href":"https:\/\/contextoanalisisperiodistico.com\/index.php\/wp-json\/wp\/v2\/users\/4"}],"replies":[{"embeddable":true,"href":"https:\/\/contextoanalisisperiodistico.com\/index.php\/wp-json\/wp\/v2\/comments?post=39078"}],"version-history":[{"count":0,"href":"https:\/\/contextoanalisisperiodistico.com\/index.php\/wp-json\/wp\/v2\/posts\/39078\/revisions"}],"wp:featuredmedia":[{"embeddable":true,"href":"https:\/\/contextoanalisisperiodistico.com\/index.php\/wp-json\/wp\/v2\/media\/39074"}],"wp:attachment":[{"href":"https:\/\/contextoanalisisperiodistico.com\/index.php\/wp-json\/wp\/v2\/media?parent=39078"}],"wp:term":[{"taxonomy":"category","embeddable":true,"href":"https:\/\/contextoanalisisperiodistico.com\/index.php\/wp-json\/wp\/v2\/categories?post=39078"},{"taxonomy":"post_tag","embeddable":true,"href":"https:\/\/contextoanalisisperiodistico.com\/index.php\/wp-json\/wp\/v2\/tags?post=39078"}],"curies":[{"name":"wp","href":"https:\/\/api.w.org\/{rel}","templated":true}]}}