{"id":39073,"date":"2025-03-27T12:14:55","date_gmt":"2025-03-27T18:14:55","guid":{"rendered":"https:\/\/contextoanalisisperiodistico.com\/index.php\/2025\/03\/27\/oaxaca-se-consolida-como-referente-de-buenas-practicas-educativas-con-programas-estatales\/"},"modified":"2025-03-27T12:14:55","modified_gmt":"2025-03-27T18:14:55","slug":"oaxaca-se-consolida-como-referente-de-buenas-practicas-educativas-con-programas-estatales","status":"publish","type":"post","link":"https:\/\/contextoanalisisperiodistico.com\/index.php\/2025\/03\/27\/oaxaca-se-consolida-como-referente-de-buenas-practicas-educativas-con-programas-estatales\/","title":{"rendered":"Oaxaca se consolida como referente de buenas pr\u00e1cticas educativas con programas estatales"},"content":{"rendered":"<div id=\"fb-root\"><\/div>\n\n<p>\u2022 La Oficial Nacional de Educaci\u00f3n de la Unesco reconoce impulso del Gobernador Salom\u00f3n Jara a actividades en beneficio de las ni\u00f1as y los ni\u00f1os<\/p>\n\n\n\n<figure class=\"wp-block-image size-large\"><img fetchpriority=\"high\" decoding=\"async\" width=\"1024\" height=\"587\" src=\"https:\/\/contextoanalisisperiodistico.com\/wp-content\/uploads\/2025\/03\/img-20250327-wa00611937133791142577490-1024x587.jpg\" alt=\"\" class=\"wp-image-39071\" srcset=\"https:\/\/contextoanalisisperiodistico.com\/wp-content\/uploads\/2025\/03\/img-20250327-wa00611937133791142577490-1024x587.jpg 1024w, https:\/\/contextoanalisisperiodistico.com\/wp-content\/uploads\/2025\/03\/img-20250327-wa00611937133791142577490-300x172.jpg 300w, https:\/\/contextoanalisisperiodistico.com\/wp-content\/uploads\/2025\/03\/img-20250327-wa00611937133791142577490-768x440.jpg 768w, https:\/\/contextoanalisisperiodistico.com\/wp-content\/uploads\/2025\/03\/img-20250327-wa00611937133791142577490-1536x880.jpg 1536w, https:\/\/contextoanalisisperiodistico.com\/wp-content\/uploads\/2025\/03\/img-20250327-wa00611937133791142577490.jpg 1600w\" sizes=\"(max-width: 1024px) 100vw, 1024px\" \/><\/figure>\n\n\n\n<figure class=\"wp-block-image\"><img decoding=\"async\" width=\"1024\" height=\"612\" src=\"https:\/\/contextoanalisisperiodistico.com\/wp-content\/uploads\/2025\/03\/img-20250327-wa00622354491292072943738-1024x612.jpg\" alt=\"\" class=\"wp-image-39072\" srcset=\"https:\/\/contextoanalisisperiodistico.com\/wp-content\/uploads\/2025\/03\/img-20250327-wa00622354491292072943738-1024x612.jpg 1024w, https:\/\/contextoanalisisperiodistico.com\/wp-content\/uploads\/2025\/03\/img-20250327-wa00622354491292072943738-300x179.jpg 300w, https:\/\/contextoanalisisperiodistico.com\/wp-content\/uploads\/2025\/03\/img-20250327-wa00622354491292072943738-768x459.jpg 768w, https:\/\/contextoanalisisperiodistico.com\/wp-content\/uploads\/2025\/03\/img-20250327-wa00622354491292072943738-1536x918.jpg 1536w, https:\/\/contextoanalisisperiodistico.com\/wp-content\/uploads\/2025\/03\/img-20250327-wa00622354491292072943738.jpg 1600w\" sizes=\"(max-width: 1024px) 100vw, 1024px\" \/><\/figure>\n\n\n\n<figure class=\"wp-block-image\"><img decoding=\"async\" width=\"1024\" height=\"585\" src=\"https:\/\/contextoanalisisperiodistico.com\/wp-content\/uploads\/2025\/03\/img-20250327-wa00596811586865502723759-1024x585.jpg\" alt=\"\" class=\"wp-image-39070\" srcset=\"https:\/\/contextoanalisisperiodistico.com\/wp-content\/uploads\/2025\/03\/img-20250327-wa00596811586865502723759-1024x585.jpg 1024w, https:\/\/contextoanalisisperiodistico.com\/wp-content\/uploads\/2025\/03\/img-20250327-wa00596811586865502723759-300x171.jpg 300w, https:\/\/contextoanalisisperiodistico.com\/wp-content\/uploads\/2025\/03\/img-20250327-wa00596811586865502723759-768x439.jpg 768w, https:\/\/contextoanalisisperiodistico.com\/wp-content\/uploads\/2025\/03\/img-20250327-wa00596811586865502723759-1536x877.jpg 1536w, https:\/\/contextoanalisisperiodistico.com\/wp-content\/uploads\/2025\/03\/img-20250327-wa00596811586865502723759.jpg 1600w\" sizes=\"(max-width: 1024px) 100vw, 1024px\" \/><\/figure>\n\n\n\n<p>\u2022 IEEPO expone programas de fomento a la lectura en la reuni\u00f3n Nacional Anual de la RedPEA con acuerdos clave para la educaci\u00f3n<\/p>\n\n\n\n<p>Oaxaca de Ju\u00e1rez, Oax. 27 de marzo de 2025.- La Reuni\u00f3n Anual de la Red de Escuelas Asociadas a la Unesco (RedPEA) concluy\u00f3 con un reconocimiento al trabajo que realiza el Gobernador Salom\u00f3n Jara Cruz en el sector educativo, como la v\u00eda para alcanzar la igualdad y el progreso.<\/p>\n\n\n\n<p>La Oficial Nacional de Educaci\u00f3n de la Organizaci\u00f3n de las Naciones Unidas para la Educaci\u00f3n, la Ciencia y la Cultura (Unesco) en M\u00e9xico, Rosa Wolpert resalt\u00f3 que el Mandatario estatal impulsa actividades en beneficio de las ni\u00f1as y los ni\u00f1os, as\u00ed como de las y los j\u00f3venes oaxaque\u00f1os, por crear y fortalecer una educaci\u00f3n para el desarrollo sostenible, la paz, los derechos humanos y el aprendizaje intercultural.<\/p>\n\n\n\n<p>Por su parte, la titular de la Unidad de Control y Desarrollo del Instituto Estatal de Educaci\u00f3n P\u00fablica de Oaxaca (IEEPO), Zaira Mabel Olivera Tello mencion\u00f3 que, a partir de este sexenio, se han impulsado las actividades de la RedPEA a trav\u00e9s de tres programas.<\/p>\n\n\n\n<p>Detall\u00f3 que estos son: el Binacional de Educaci\u00f3n Migrante, el programa de Fomento a la Lectura \u00abUn pueblo leyendo para transformar su historia\u00bb, que tiene como objetivo impulsar y desarrollar habilidades para mejorar la comprensi\u00f3n lectora en ni\u00f1as y ni\u00f1os de Oaxaca, lo que forma parte de la visi\u00f3n y ejes transversales de la actual administraci\u00f3n, y el \u00abConcurso de Cuento Infantil\u00bb, con la finalidad de fomentar e incentivar la escritura.<\/p>\n\n\n\n<p>Este encuentro reuni\u00f3 a 124 personas expertas nacionales e internacionales, coordinadores estatales y docentes, as\u00ed como representantes del sector educativo de nivel primaria, secundaria y educaci\u00f3n media superior, de instituciones p\u00fablicas y privadas.<\/p>\n\n\n\n<p>Rafael Alejandro Arag\u00f3n V\u00e1squez, docente de la Escuela Secundaria T\u00e9cnica n\u00famero 64 invit\u00f3 a la comunidad docente a inspirarse en el proyecto sano que modifica los estilos de vida y contribuye a formar ciudadanos de paz, libres de pensamiento.<\/p>\n\n\n\n<p>Durante la ceremonia de clausura, se reafirm\u00f3 el compromiso por una educaci\u00f3n inclusiva y de excelencia, como uno de los ejes de la RedPEA, que vincula a 10 mil escuelas de 181 pa\u00edses, las cuales trabajan en torno al objetivo com\u00fan de erigir los baluartes de la paz en la mente de la ni\u00f1ez y juventudes.<\/p>\n\n\n\n<p>-0-<\/p>\n","protected":false},"excerpt":{"rendered":"<p>\u2022 La Oficial Nacional de Educaci\u00f3n de la Unesco reconoce impulso del Gobernador Salom\u00f3n Jara&#8230;<\/p>\n","protected":false},"author":4,"featured_media":39069,"comment_status":"","ping_status":"open","sticky":false,"template":"","format":"standard","meta":{"footnotes":""},"categories":[9],"tags":[],"jetpack_sharing_enabled":true,"featured_image_urls":{"full":["https:\/\/contextoanalisisperiodistico.com\/wp-content\/uploads\/2025\/03\/IMG-20250327-WA0060.jpg",1600,934,false],"thumbnail":["https:\/\/contextoanalisisperiodistico.com\/wp-content\/uploads\/2025\/03\/IMG-20250327-WA0060-150x150.jpg",150,150,true],"medium":["https:\/\/contextoanalisisperiodistico.com\/wp-content\/uploads\/2025\/03\/IMG-20250327-WA0060-300x175.jpg",300,175,true],"medium_large":["https:\/\/contextoanalisisperiodistico.com\/wp-content\/uploads\/2025\/03\/IMG-20250327-WA0060-768x448.jpg",640,373,true],"large":["https:\/\/contextoanalisisperiodistico.com\/wp-content\/uploads\/2025\/03\/IMG-20250327-WA0060-1024x598.jpg",640,374,true],"1536x1536":["https:\/\/contextoanalisisperiodistico.com\/wp-content\/uploads\/2025\/03\/IMG-20250327-WA0060-1536x897.jpg",1536,897,true],"2048x2048":["https:\/\/contextoanalisisperiodistico.com\/wp-content\/uploads\/2025\/03\/IMG-20250327-WA0060.jpg",1600,934,false],"covernews-slider-full":["https:\/\/contextoanalisisperiodistico.com\/wp-content\/uploads\/2025\/03\/IMG-20250327-WA0060-1115x715.jpg",1115,715,true],"covernews-slider-center":["https:\/\/contextoanalisisperiodistico.com\/wp-content\/uploads\/2025\/03\/IMG-20250327-WA0060-800x500.jpg",800,500,true],"covernews-featured":["https:\/\/contextoanalisisperiodistico.com\/wp-content\/uploads\/2025\/03\/IMG-20250327-WA0060-1024x598.jpg",1024,598,true],"covernews-medium":["https:\/\/contextoanalisisperiodistico.com\/wp-content\/uploads\/2025\/03\/IMG-20250327-WA0060-540x340.jpg",540,340,true],"covernews-medium-square":["https:\/\/contextoanalisisperiodistico.com\/wp-content\/uploads\/2025\/03\/IMG-20250327-WA0060-400x250.jpg",400,250,true]},"author_info":{"display_name":"Mario Gir\u00f3n","author_link":"https:\/\/contextoanalisisperiodistico.com\/index.php\/author\/director\/"},"category_info":"<a href=\"https:\/\/contextoanalisisperiodistico.com\/index.php\/category\/politica\/\" rel=\"category tag\">Pol\u00edtica<\/a>","tag_info":"Pol\u00edtica","comment_count":"0","jetpack_featured_media_url":"https:\/\/contextoanalisisperiodistico.com\/wp-content\/uploads\/2025\/03\/IMG-20250327-WA0060.jpg","_links":{"self":[{"href":"https:\/\/contextoanalisisperiodistico.com\/index.php\/wp-json\/wp\/v2\/posts\/39073"}],"collection":[{"href":"https:\/\/contextoanalisisperiodistico.com\/index.php\/wp-json\/wp\/v2\/posts"}],"about":[{"href":"https:\/\/contextoanalisisperiodistico.com\/index.php\/wp-json\/wp\/v2\/types\/post"}],"author":[{"embeddable":true,"href":"https:\/\/contextoanalisisperiodistico.com\/index.php\/wp-json\/wp\/v2\/users\/4"}],"replies":[{"embeddable":true,"href":"https:\/\/contextoanalisisperiodistico.com\/index.php\/wp-json\/wp\/v2\/comments?post=39073"}],"version-history":[{"count":0,"href":"https:\/\/contextoanalisisperiodistico.com\/index.php\/wp-json\/wp\/v2\/posts\/39073\/revisions"}],"wp:featuredmedia":[{"embeddable":true,"href":"https:\/\/contextoanalisisperiodistico.com\/index.php\/wp-json\/wp\/v2\/media\/39069"}],"wp:attachment":[{"href":"https:\/\/contextoanalisisperiodistico.com\/index.php\/wp-json\/wp\/v2\/media?parent=39073"}],"wp:term":[{"taxonomy":"category","embeddable":true,"href":"https:\/\/contextoanalisisperiodistico.com\/index.php\/wp-json\/wp\/v2\/categories?post=39073"},{"taxonomy":"post_tag","embeddable":true,"href":"https:\/\/contextoanalisisperiodistico.com\/index.php\/wp-json\/wp\/v2\/tags?post=39073"}],"curies":[{"name":"wp","href":"https:\/\/api.w.org\/{rel}","templated":true}]}}