{"id":39068,"date":"2025-03-27T12:10:55","date_gmt":"2025-03-27T18:10:55","guid":{"rendered":"https:\/\/contextoanalisisperiodistico.com\/index.php\/2025\/03\/27\/garantiza-hospital-de-ixtlan-atencion-de-calidad-a-la-poblacion-oaxaquena\/"},"modified":"2025-03-27T12:10:55","modified_gmt":"2025-03-27T18:10:55","slug":"garantiza-hospital-de-ixtlan-atencion-de-calidad-a-la-poblacion-oaxaquena","status":"publish","type":"post","link":"https:\/\/contextoanalisisperiodistico.com\/index.php\/2025\/03\/27\/garantiza-hospital-de-ixtlan-atencion-de-calidad-a-la-poblacion-oaxaquena\/","title":{"rendered":"Garantiza Hospital de Ixtl\u00e1n, atenci\u00f3n de calidad a la poblaci\u00f3n oaxaque\u00f1a"},"content":{"rendered":"<div id=\"fb-root\"><\/div>\n\n<p>\u2022 A menos de una semana de su inauguraci\u00f3n, en el nosocomio se han brindado m\u00e1s de 100 de consultas<\/p>\n\n\n\n<figure class=\"wp-block-image size-large\"><img fetchpriority=\"high\" decoding=\"async\" width=\"1024\" height=\"768\" src=\"https:\/\/contextoanalisisperiodistico.com\/wp-content\/uploads\/2025\/03\/img-20250327-wa00487420999995867274466-1024x768.jpg\" alt=\"\" class=\"wp-image-39066\" srcset=\"https:\/\/contextoanalisisperiodistico.com\/wp-content\/uploads\/2025\/03\/img-20250327-wa00487420999995867274466-1024x768.jpg 1024w, https:\/\/contextoanalisisperiodistico.com\/wp-content\/uploads\/2025\/03\/img-20250327-wa00487420999995867274466-300x225.jpg 300w, https:\/\/contextoanalisisperiodistico.com\/wp-content\/uploads\/2025\/03\/img-20250327-wa00487420999995867274466-768x576.jpg 768w, https:\/\/contextoanalisisperiodistico.com\/wp-content\/uploads\/2025\/03\/img-20250327-wa00487420999995867274466-1536x1152.jpg 1536w, https:\/\/contextoanalisisperiodistico.com\/wp-content\/uploads\/2025\/03\/img-20250327-wa00487420999995867274466.jpg 1600w\" sizes=\"(max-width: 1024px) 100vw, 1024px\" \/><\/figure>\n\n\n\n<figure class=\"wp-block-image\"><img decoding=\"async\" width=\"768\" height=\"1024\" src=\"https:\/\/contextoanalisisperiodistico.com\/wp-content\/uploads\/2025\/03\/img-20250327-wa00477755755186453742664-768x1024.jpg\" alt=\"\" class=\"wp-image-39067\" srcset=\"https:\/\/contextoanalisisperiodistico.com\/wp-content\/uploads\/2025\/03\/img-20250327-wa00477755755186453742664-768x1024.jpg 768w, https:\/\/contextoanalisisperiodistico.com\/wp-content\/uploads\/2025\/03\/img-20250327-wa00477755755186453742664-225x300.jpg 225w, https:\/\/contextoanalisisperiodistico.com\/wp-content\/uploads\/2025\/03\/img-20250327-wa00477755755186453742664-1152x1536.jpg 1152w, https:\/\/contextoanalisisperiodistico.com\/wp-content\/uploads\/2025\/03\/img-20250327-wa00477755755186453742664-1024x1365.jpg 1024w, https:\/\/contextoanalisisperiodistico.com\/wp-content\/uploads\/2025\/03\/img-20250327-wa00477755755186453742664.jpg 1200w\" sizes=\"(max-width: 768px) 100vw, 768px\" \/><\/figure>\n\n\n\n<p>Oaxaca de Ju\u00e1rez, Oax. 27 de marzo de 2025.- El Hospital B\u00e1sico Comunitario de Ixtl\u00e1n de Ju\u00e1rez del IMSS-Bienestar, inaugurado el pasado 21 de marzo por la Presidenta Claudia Sheinbaum Pardo y el Gobernador Salom\u00f3n Jara Cruz, brinda atenci\u00f3n de calidad a la poblaci\u00f3n de la regi\u00f3n.<\/p>\n\n\n\n<p>Tan solo en los primeros d\u00edas, el personal m\u00e9dico de este centro ha otorgado 106 consultas generales, 16 de urgencias, as\u00ed como seis de obstetricia. Aunado ello registr\u00f3 ya, el primer nacimiento en esta nueva unidad m\u00e9dica que representa una deuda saldada con las y los habitantes de esta localidad y de la Sierra de Ju\u00e1rez.<\/p>\n\n\n\n<p>El Hospital de Ixtl\u00e1n, cuya obra fue abandonada por gobiernos anteriores y retomada en la administraci\u00f3n de la Primavera Oaxaque\u00f1a, cuenta con 12 camas de hospitalizaci\u00f3n censables y represent\u00f3 una inversi\u00f3n en infraestructura de m\u00e1s de 48.5 millones de pesos.<\/p>\n\n\n\n<p>El nosocomio, tiene una poblaci\u00f3n de influencia de 40 mil habitantes de 34 municipios de la Sierra de Ju\u00e1rez, y brinda servicios de consulta, hospitalizaci\u00f3n, urgencias, quir\u00f3fano y tococirug\u00eda, laboratorio cl\u00ednico, imagenolog\u00eda, anestesiolog\u00eda, ultrasonido y rayos X.<\/p>\n\n\n\n<p>Todos los equipos adquiridos para el Hospital B\u00e1sico Comunitario de Ixtl\u00e1n est\u00e1n, desde el primer momento, al servicio de la ciudadan\u00eda, ante el compromiso del Gobierno del Estado de fortalecer la atenci\u00f3n m\u00e9dica de la poblaci\u00f3n.<\/p>\n\n\n\n<p>Aunado a ello, el recurso humano en especialidades troncales m\u00e9dicas y quir\u00fargicas, est\u00e1 altamente capacitado y sensibilizado para atender los requerimientos de la poblaci\u00f3n.<br \/>-0-<\/p>\n","protected":false},"excerpt":{"rendered":"<p>\u2022 A menos de una semana de su inauguraci\u00f3n, en el nosocomio se han brindado&#8230;<\/p>\n","protected":false},"author":4,"featured_media":39065,"comment_status":"","ping_status":"open","sticky":false,"template":"","format":"standard","meta":{"footnotes":""},"categories":[9],"tags":[],"jetpack_sharing_enabled":true,"featured_image_urls":{"full":["https:\/\/contextoanalisisperiodistico.com\/wp-content\/uploads\/2025\/03\/IMG-20250327-WA0049.jpg",1200,1600,false],"thumbnail":["https:\/\/contextoanalisisperiodistico.com\/wp-content\/uploads\/2025\/03\/IMG-20250327-WA0049-150x150.jpg",150,150,true],"medium":["https:\/\/contextoanalisisperiodistico.com\/wp-content\/uploads\/2025\/03\/IMG-20250327-WA0049-225x300.jpg",225,300,true],"medium_large":["https:\/\/contextoanalisisperiodistico.com\/wp-content\/uploads\/2025\/03\/IMG-20250327-WA0049-768x1024.jpg",640,853,true],"large":["https:\/\/contextoanalisisperiodistico.com\/wp-content\/uploads\/2025\/03\/IMG-20250327-WA0049-768x1024.jpg",640,853,true],"1536x1536":["https:\/\/contextoanalisisperiodistico.com\/wp-content\/uploads\/2025\/03\/IMG-20250327-WA0049-1152x1536.jpg",1152,1536,true],"2048x2048":["https:\/\/contextoanalisisperiodistico.com\/wp-content\/uploads\/2025\/03\/IMG-20250327-WA0049.jpg",1200,1600,false],"covernews-slider-full":["https:\/\/contextoanalisisperiodistico.com\/wp-content\/uploads\/2025\/03\/IMG-20250327-WA0049-1115x715.jpg",1115,715,true],"covernews-slider-center":["https:\/\/contextoanalisisperiodistico.com\/wp-content\/uploads\/2025\/03\/IMG-20250327-WA0049-800x500.jpg",800,500,true],"covernews-featured":["https:\/\/contextoanalisisperiodistico.com\/wp-content\/uploads\/2025\/03\/IMG-20250327-WA0049-1024x1365.jpg",1024,1365,true],"covernews-medium":["https:\/\/contextoanalisisperiodistico.com\/wp-content\/uploads\/2025\/03\/IMG-20250327-WA0049-540x340.jpg",540,340,true],"covernews-medium-square":["https:\/\/contextoanalisisperiodistico.com\/wp-content\/uploads\/2025\/03\/IMG-20250327-WA0049-400x250.jpg",400,250,true]},"author_info":{"display_name":"Mario Gir\u00f3n","author_link":"https:\/\/contextoanalisisperiodistico.com\/index.php\/author\/director\/"},"category_info":"<a href=\"https:\/\/contextoanalisisperiodistico.com\/index.php\/category\/politica\/\" rel=\"category tag\">Pol\u00edtica<\/a>","tag_info":"Pol\u00edtica","comment_count":"0","jetpack_featured_media_url":"https:\/\/contextoanalisisperiodistico.com\/wp-content\/uploads\/2025\/03\/IMG-20250327-WA0049.jpg","_links":{"self":[{"href":"https:\/\/contextoanalisisperiodistico.com\/index.php\/wp-json\/wp\/v2\/posts\/39068"}],"collection":[{"href":"https:\/\/contextoanalisisperiodistico.com\/index.php\/wp-json\/wp\/v2\/posts"}],"about":[{"href":"https:\/\/contextoanalisisperiodistico.com\/index.php\/wp-json\/wp\/v2\/types\/post"}],"author":[{"embeddable":true,"href":"https:\/\/contextoanalisisperiodistico.com\/index.php\/wp-json\/wp\/v2\/users\/4"}],"replies":[{"embeddable":true,"href":"https:\/\/contextoanalisisperiodistico.com\/index.php\/wp-json\/wp\/v2\/comments?post=39068"}],"version-history":[{"count":0,"href":"https:\/\/contextoanalisisperiodistico.com\/index.php\/wp-json\/wp\/v2\/posts\/39068\/revisions"}],"wp:featuredmedia":[{"embeddable":true,"href":"https:\/\/contextoanalisisperiodistico.com\/index.php\/wp-json\/wp\/v2\/media\/39065"}],"wp:attachment":[{"href":"https:\/\/contextoanalisisperiodistico.com\/index.php\/wp-json\/wp\/v2\/media?parent=39068"}],"wp:term":[{"taxonomy":"category","embeddable":true,"href":"https:\/\/contextoanalisisperiodistico.com\/index.php\/wp-json\/wp\/v2\/categories?post=39068"},{"taxonomy":"post_tag","embeddable":true,"href":"https:\/\/contextoanalisisperiodistico.com\/index.php\/wp-json\/wp\/v2\/tags?post=39068"}],"curies":[{"name":"wp","href":"https:\/\/api.w.org\/{rel}","templated":true}]}}