{"id":39063,"date":"2025-03-27T12:01:44","date_gmt":"2025-03-27T18:01:44","guid":{"rendered":"https:\/\/contextoanalisisperiodistico.com\/index.php\/2025\/03\/27\/convocatoria-para-integrar-consejo-municipal-para-la-prevencion-atencion-sancion-y-erradicacion-de-la-violencia-de-genero-contra-mujeres\/"},"modified":"2025-03-27T12:05:57","modified_gmt":"2025-03-27T18:05:57","slug":"convocatoria-para-integrar-consejo-municipal-para-la-prevencion-atencion-sancion-y-erradicacion-de-la-violencia-de-genero-contra-mujeres","status":"publish","type":"post","link":"https:\/\/contextoanalisisperiodistico.com\/index.php\/2025\/03\/27\/convocatoria-para-integrar-consejo-municipal-para-la-prevencion-atencion-sancion-y-erradicacion-de-la-violencia-de-genero-contra-mujeres\/","title":{"rendered":"Invitan al Consejo Municipal para prevenir, Atender, sancionar y Erradicar la Violencia de G\u00e9nero contra Mujeres"},"content":{"rendered":"<div id=\"fb-root\"><\/div>\n\n<p>*El Instituto Municipal de la Mujer en Oaxaca de Ju\u00e1rez convoca a la ciudadan\u00eda a participar en la selecci\u00f3n de representantes para el Consejo Municipal PASEVGM 2025-2027.<\/p>\n\n\n\n<p>Oaxaca de Ju\u00e1rez, Oax. 27 de marzo de 2025.- El Gobierno Municipal de Oaxaca de Ju\u00e1rez, encabezado por el Presidente Municipal Ray Chagoya, a trav\u00e9s del Instituto Municipal de la Mujer, mantiene abierta la convocatoria para la integraci\u00f3n del Consejo Municipal para la Prevenci\u00f3n, Atenci\u00f3n, Sanci\u00f3n y Erradicaci\u00f3n de la Violencia de G\u00e9nero contra las Mujeres (PASEVGM) para el periodo 2025-2027.<\/p>\n\n\n\n<p>Este Consejo tiene como objetivo promover la igualdad de g\u00e9nero y la erradicaci\u00f3n de la violencia en contra de las mujeres en la ciudad.<\/p>\n\n\n\n<p>Pueden participar personas con al menos seis meses de residencia en Oaxaca de Ju\u00e1rez, que cuenten con una experiencia m\u00ednima de dos a\u00f1os en la defensa, promoci\u00f3n o restituci\u00f3n de los derechos de las mujeres. Adem\u00e1s, las organizaciones civiles que deseen ser representadas deben estar legalmente constituidas y ser sin fines de lucro.<\/p>\n\n\n\n<p>Los interesados deber\u00e1n reunir la documentaci\u00f3n correspondiente y entregarla de manera f\u00edsica o enviarla por correo electr\u00f3nico antes del 28 de marzo.<\/p>\n\n\n\n<p>El Instituto Municipal de la Mujer reitera su invitaci\u00f3n a la sociedad civil para que forme parte activa de este importante proceso y aporte su experiencia y compromiso en la construcci\u00f3n de una ciudad m\u00e1s justa e igualitaria para las mujeres.<\/p>\n\n\n\n<p>Para mayor informaci\u00f3n de la convocatoria pueden consultar las redes sociales del Instituto Municipal de la Mujer de Oaxaca de Ju\u00e1rez.<\/p>\n\n\n\n<figure class=\"wp-block-image size-large\"><img fetchpriority=\"high\" decoding=\"async\" width=\"662\" height=\"1024\" src=\"https:\/\/contextoanalisisperiodistico.com\/wp-content\/uploads\/2025\/03\/img-20250327-wa00642492258239469912966-662x1024.jpg\" alt=\"\" class=\"wp-image-39062\" srcset=\"https:\/\/contextoanalisisperiodistico.com\/wp-content\/uploads\/2025\/03\/img-20250327-wa00642492258239469912966-662x1024.jpg 662w, https:\/\/contextoanalisisperiodistico.com\/wp-content\/uploads\/2025\/03\/img-20250327-wa00642492258239469912966-194x300.jpg 194w, https:\/\/contextoanalisisperiodistico.com\/wp-content\/uploads\/2025\/03\/img-20250327-wa00642492258239469912966-768x1187.jpg 768w, https:\/\/contextoanalisisperiodistico.com\/wp-content\/uploads\/2025\/03\/img-20250327-wa00642492258239469912966-994x1536.jpg 994w, https:\/\/contextoanalisisperiodistico.com\/wp-content\/uploads\/2025\/03\/img-20250327-wa00642492258239469912966-1024x1583.jpg 1024w, https:\/\/contextoanalisisperiodistico.com\/wp-content\/uploads\/2025\/03\/img-20250327-wa00642492258239469912966.jpg 1035w\" sizes=\"(max-width: 662px) 100vw, 662px\" \/><\/figure>\n","protected":false},"excerpt":{"rendered":"<p>*El Instituto Municipal de la Mujer en Oaxaca de Ju\u00e1rez convoca a la ciudadan\u00eda a&#8230;<\/p>\n","protected":false},"author":4,"featured_media":39061,"comment_status":"closed","ping_status":"open","sticky":false,"template":"","format":"standard","meta":{"footnotes":""},"categories":[3],"tags":[],"jetpack_sharing_enabled":true,"featured_image_urls":{"full":["https:\/\/contextoanalisisperiodistico.com\/wp-content\/uploads\/2025\/03\/IMG-20250327-WA0063.jpg",1035,1600,false],"thumbnail":["https:\/\/contextoanalisisperiodistico.com\/wp-content\/uploads\/2025\/03\/IMG-20250327-WA0063-150x150.jpg",150,150,true],"medium":["https:\/\/contextoanalisisperiodistico.com\/wp-content\/uploads\/2025\/03\/IMG-20250327-WA0063-194x300.jpg",194,300,true],"medium_large":["https:\/\/contextoanalisisperiodistico.com\/wp-content\/uploads\/2025\/03\/IMG-20250327-WA0063-768x1187.jpg",640,989,true],"large":["https:\/\/contextoanalisisperiodistico.com\/wp-content\/uploads\/2025\/03\/IMG-20250327-WA0063-662x1024.jpg",640,990,true],"1536x1536":["https:\/\/contextoanalisisperiodistico.com\/wp-content\/uploads\/2025\/03\/IMG-20250327-WA0063-994x1536.jpg",994,1536,true],"2048x2048":["https:\/\/contextoanalisisperiodistico.com\/wp-content\/uploads\/2025\/03\/IMG-20250327-WA0063.jpg",1035,1600,false],"covernews-slider-full":["https:\/\/contextoanalisisperiodistico.com\/wp-content\/uploads\/2025\/03\/IMG-20250327-WA0063-1035x715.jpg",1035,715,true],"covernews-slider-center":["https:\/\/contextoanalisisperiodistico.com\/wp-content\/uploads\/2025\/03\/IMG-20250327-WA0063-800x500.jpg",800,500,true],"covernews-featured":["https:\/\/contextoanalisisperiodistico.com\/wp-content\/uploads\/2025\/03\/IMG-20250327-WA0063-1024x1583.jpg",1024,1583,true],"covernews-medium":["https:\/\/contextoanalisisperiodistico.com\/wp-content\/uploads\/2025\/03\/IMG-20250327-WA0063-540x340.jpg",540,340,true],"covernews-medium-square":["https:\/\/contextoanalisisperiodistico.com\/wp-content\/uploads\/2025\/03\/IMG-20250327-WA0063-400x250.jpg",400,250,true]},"author_info":{"display_name":"Mario Gir\u00f3n","author_link":"https:\/\/contextoanalisisperiodistico.com\/index.php\/author\/director\/"},"category_info":"<a href=\"https:\/\/contextoanalisisperiodistico.com\/index.php\/category\/ciudad\/\" rel=\"category tag\">Ciudad<\/a>","tag_info":"Ciudad","comment_count":"0","jetpack_featured_media_url":"https:\/\/contextoanalisisperiodistico.com\/wp-content\/uploads\/2025\/03\/IMG-20250327-WA0063.jpg","_links":{"self":[{"href":"https:\/\/contextoanalisisperiodistico.com\/index.php\/wp-json\/wp\/v2\/posts\/39063"}],"collection":[{"href":"https:\/\/contextoanalisisperiodistico.com\/index.php\/wp-json\/wp\/v2\/posts"}],"about":[{"href":"https:\/\/contextoanalisisperiodistico.com\/index.php\/wp-json\/wp\/v2\/types\/post"}],"author":[{"embeddable":true,"href":"https:\/\/contextoanalisisperiodistico.com\/index.php\/wp-json\/wp\/v2\/users\/4"}],"replies":[{"embeddable":true,"href":"https:\/\/contextoanalisisperiodistico.com\/index.php\/wp-json\/wp\/v2\/comments?post=39063"}],"version-history":[{"count":1,"href":"https:\/\/contextoanalisisperiodistico.com\/index.php\/wp-json\/wp\/v2\/posts\/39063\/revisions"}],"predecessor-version":[{"id":39064,"href":"https:\/\/contextoanalisisperiodistico.com\/index.php\/wp-json\/wp\/v2\/posts\/39063\/revisions\/39064"}],"wp:featuredmedia":[{"embeddable":true,"href":"https:\/\/contextoanalisisperiodistico.com\/index.php\/wp-json\/wp\/v2\/media\/39061"}],"wp:attachment":[{"href":"https:\/\/contextoanalisisperiodistico.com\/index.php\/wp-json\/wp\/v2\/media?parent=39063"}],"wp:term":[{"taxonomy":"category","embeddable":true,"href":"https:\/\/contextoanalisisperiodistico.com\/index.php\/wp-json\/wp\/v2\/categories?post=39063"},{"taxonomy":"post_tag","embeddable":true,"href":"https:\/\/contextoanalisisperiodistico.com\/index.php\/wp-json\/wp\/v2\/tags?post=39063"}],"curies":[{"name":"wp","href":"https:\/\/api.w.org\/{rel}","templated":true}]}}