{"id":39055,"date":"2025-03-26T20:03:42","date_gmt":"2025-03-27T02:03:42","guid":{"rendered":"https:\/\/contextoanalisisperiodistico.com\/index.php\/2025\/03\/26\/sin-registro-de-casos-nuevos-de-dengue-en-oaxaca-sso\/"},"modified":"2025-03-26T20:03:42","modified_gmt":"2025-03-27T02:03:42","slug":"sin-registro-de-casos-nuevos-de-dengue-en-oaxaca-sso","status":"publish","type":"post","link":"https:\/\/contextoanalisisperiodistico.com\/index.php\/2025\/03\/26\/sin-registro-de-casos-nuevos-de-dengue-en-oaxaca-sso\/","title":{"rendered":"Sin registro de casos nuevos de dengue en Oaxaca: SSO"},"content":{"rendered":"<div id=\"fb-root\"><\/div>\n\n<p>\u2022El trabajo coordinado del sector salud y la participaci\u00f3n de la poblaci\u00f3n en las estrategias, ha permitido disminuir el n\u00famero de casos, en comparaci\u00f3n con el a\u00f1o pasado<\/p>\n\n\n\n<figure class=\"wp-block-image size-large\"><img fetchpriority=\"high\" decoding=\"async\" width=\"768\" height=\"1024\" src=\"https:\/\/contextoanalisisperiodistico.com\/wp-content\/uploads\/2025\/03\/img-20250326-wa02222942186491598214057-768x1024.jpg\" alt=\"\" class=\"wp-image-39054\" srcset=\"https:\/\/contextoanalisisperiodistico.com\/wp-content\/uploads\/2025\/03\/img-20250326-wa02222942186491598214057-768x1024.jpg 768w, https:\/\/contextoanalisisperiodistico.com\/wp-content\/uploads\/2025\/03\/img-20250326-wa02222942186491598214057-225x300.jpg 225w, https:\/\/contextoanalisisperiodistico.com\/wp-content\/uploads\/2025\/03\/img-20250326-wa02222942186491598214057.jpg 960w\" sizes=\"(max-width: 768px) 100vw, 768px\" \/><\/figure>\n\n\n\n<figure class=\"wp-block-image\"><img decoding=\"async\" width=\"300\" height=\"225\" src=\"https:\/\/contextoanalisisperiodistico.com\/wp-content\/uploads\/2025\/03\/img-20250326-wa02215129681415770036838-300x225.jpg\" alt=\"\" class=\"wp-image-39053\" srcset=\"https:\/\/contextoanalisisperiodistico.com\/wp-content\/uploads\/2025\/03\/img-20250326-wa02215129681415770036838-300x225.jpg 300w, https:\/\/contextoanalisisperiodistico.com\/wp-content\/uploads\/2025\/03\/img-20250326-wa02215129681415770036838-768x576.jpg 768w, https:\/\/contextoanalisisperiodistico.com\/wp-content\/uploads\/2025\/03\/img-20250326-wa02215129681415770036838.jpg 900w\" sizes=\"(max-width: 300px) 100vw, 300px\" \/><\/figure>\n\n\n\n<p>\u2022A la semana epidemiol\u00f3gica n\u00famero 12, no se registran casos nuevos en la entidad<\/p>\n\n\n\n<p>Oaxaca de Ju\u00e1rez, Oax. 26 de marzo de 2025.- El trabajo coordinado entre el sector salud y la activa participaci\u00f3n de la poblaci\u00f3n han permitido disminuir notablemente el n\u00famero de casos de dengue en comparaci\u00f3n con el a\u00f1o pasado; ya que a la semana epidemiol\u00f3gica n\u00famero 12 del reporte de Servicios de Salud de Oaxaca (SSO), no se registraron casos nuevos en la entidad.<\/p>\n\n\n\n<p>Derivado de la oportuna intervenci\u00f3n del personal especializado en control de vectores en las seis Jurisdicciones Sanitarias, as\u00ed como de personal m\u00e9dico, enfermeras y diversos programas de Prevenci\u00f3n y Promoci\u00f3n de la Salud, Regulaci\u00f3n y Fomento Sanitario y Atenci\u00f3n M\u00e9dica, se ha logrado contener la propagaci\u00f3n de la enfermedad.<\/p>\n\n\n\n<p>Por lo que actualmente se contin\u00faa con 14 casos acumulados en lo que va del a\u00f1o en la entidad, sin defunciones, lo que posiciona a Oaxaca en el lugar n\u00famero 23 a nivel nacional, con una tasa de incidencia del 0.33 por ciento.<\/p>\n\n\n\n<p>De acuerdo con la clasificaci\u00f3n cl\u00ednica, de los casos registrados, siete corresponden a Dengue No Grave (DNG), seis a Dengue con Signos de Alarma (DCSA) y uno a Dengue Grave (DG). Por Jurisdicci\u00f3n Sanitaria, tanto Valles Centrales como Tuxtepec registraron cuatro casos cada uno; seguidos por el Istmo y la Costa con tres casos respectivamente, mientras que en la Mixteca y Sierra no se reportaron casos.<\/p>\n\n\n\n<p>Ante este escenario, SSO hace un llamado a la poblaci\u00f3n para no relajar las medidas de prevenci\u00f3n y continuar intensificando las actividades de \u201cpatio y vivienda limpia\u201d, debido a que la humedad provocada por las lluvias intermitentes y el incremento de la temperatura que se han reportado en la entidad, favorecen la reproducci\u00f3n del mosquito transmisor del dengue.<\/p>\n\n\n\n<p>Por ello, la dependencia exhorta a la ciudadan\u00eda a participar activamente en las jornadas de Eliminaci\u00f3n de Criaderos que realizan los municipios y agencias, recordando que \u201cel zancudo habita en las viviendas, tan solo una corcholata es un criadero potencial del vector\u201d.<\/p>\n\n\n\n<p>-0-<\/p>\n","protected":false},"excerpt":{"rendered":"<p>\u2022El trabajo coordinado del sector salud y la participaci\u00f3n de la poblaci\u00f3n en las estrategias,&#8230;<\/p>\n","protected":false},"author":4,"featured_media":39052,"comment_status":"","ping_status":"open","sticky":false,"template":"","format":"standard","meta":{"footnotes":""},"categories":[92],"tags":[],"jetpack_sharing_enabled":true,"featured_image_urls":{"full":["https:\/\/contextoanalisisperiodistico.com\/wp-content\/uploads\/2025\/03\/IMG-20250326-WA0213.jpg",675,900,false],"thumbnail":["https:\/\/contextoanalisisperiodistico.com\/wp-content\/uploads\/2025\/03\/IMG-20250326-WA0213-150x150.jpg",150,150,true],"medium":["https:\/\/contextoanalisisperiodistico.com\/wp-content\/uploads\/2025\/03\/IMG-20250326-WA0213-225x300.jpg",225,300,true],"medium_large":["https:\/\/contextoanalisisperiodistico.com\/wp-content\/uploads\/2025\/03\/IMG-20250326-WA0213.jpg",640,853,false],"large":["https:\/\/contextoanalisisperiodistico.com\/wp-content\/uploads\/2025\/03\/IMG-20250326-WA0213.jpg",640,853,false],"1536x1536":["https:\/\/contextoanalisisperiodistico.com\/wp-content\/uploads\/2025\/03\/IMG-20250326-WA0213.jpg",675,900,false],"2048x2048":["https:\/\/contextoanalisisperiodistico.com\/wp-content\/uploads\/2025\/03\/IMG-20250326-WA0213.jpg",675,900,false],"covernews-slider-full":["https:\/\/contextoanalisisperiodistico.com\/wp-content\/uploads\/2025\/03\/IMG-20250326-WA0213-675x715.jpg",675,715,true],"covernews-slider-center":["https:\/\/contextoanalisisperiodistico.com\/wp-content\/uploads\/2025\/03\/IMG-20250326-WA0213-675x500.jpg",675,500,true],"covernews-featured":["https:\/\/contextoanalisisperiodistico.com\/wp-content\/uploads\/2025\/03\/IMG-20250326-WA0213.jpg",675,900,false],"covernews-medium":["https:\/\/contextoanalisisperiodistico.com\/wp-content\/uploads\/2025\/03\/IMG-20250326-WA0213-540x340.jpg",540,340,true],"covernews-medium-square":["https:\/\/contextoanalisisperiodistico.com\/wp-content\/uploads\/2025\/03\/IMG-20250326-WA0213-400x250.jpg",400,250,true]},"author_info":{"display_name":"Mario Gir\u00f3n","author_link":"https:\/\/contextoanalisisperiodistico.com\/index.php\/author\/director\/"},"category_info":"<a href=\"https:\/\/contextoanalisisperiodistico.com\/index.php\/category\/salud\/\" rel=\"category tag\">Salud<\/a>","tag_info":"Salud","comment_count":"0","jetpack_featured_media_url":"https:\/\/contextoanalisisperiodistico.com\/wp-content\/uploads\/2025\/03\/IMG-20250326-WA0213.jpg","_links":{"self":[{"href":"https:\/\/contextoanalisisperiodistico.com\/index.php\/wp-json\/wp\/v2\/posts\/39055"}],"collection":[{"href":"https:\/\/contextoanalisisperiodistico.com\/index.php\/wp-json\/wp\/v2\/posts"}],"about":[{"href":"https:\/\/contextoanalisisperiodistico.com\/index.php\/wp-json\/wp\/v2\/types\/post"}],"author":[{"embeddable":true,"href":"https:\/\/contextoanalisisperiodistico.com\/index.php\/wp-json\/wp\/v2\/users\/4"}],"replies":[{"embeddable":true,"href":"https:\/\/contextoanalisisperiodistico.com\/index.php\/wp-json\/wp\/v2\/comments?post=39055"}],"version-history":[{"count":0,"href":"https:\/\/contextoanalisisperiodistico.com\/index.php\/wp-json\/wp\/v2\/posts\/39055\/revisions"}],"wp:featuredmedia":[{"embeddable":true,"href":"https:\/\/contextoanalisisperiodistico.com\/index.php\/wp-json\/wp\/v2\/media\/39052"}],"wp:attachment":[{"href":"https:\/\/contextoanalisisperiodistico.com\/index.php\/wp-json\/wp\/v2\/media?parent=39055"}],"wp:term":[{"taxonomy":"category","embeddable":true,"href":"https:\/\/contextoanalisisperiodistico.com\/index.php\/wp-json\/wp\/v2\/categories?post=39055"},{"taxonomy":"post_tag","embeddable":true,"href":"https:\/\/contextoanalisisperiodistico.com\/index.php\/wp-json\/wp\/v2\/tags?post=39055"}],"curies":[{"name":"wp","href":"https:\/\/api.w.org\/{rel}","templated":true}]}}