{"id":39026,"date":"2025-03-26T14:59:13","date_gmt":"2025-03-26T20:59:13","guid":{"rendered":"https:\/\/contextoanalisisperiodistico.com\/index.php\/2025\/03\/26\/destina-salomon-jara-3-mdp-para-la-conectividad-de-san-andres-lagunas\/"},"modified":"2025-03-26T14:59:13","modified_gmt":"2025-03-26T20:59:13","slug":"destina-salomon-jara-3-mdp-para-la-conectividad-de-san-andres-lagunas","status":"publish","type":"post","link":"https:\/\/contextoanalisisperiodistico.com\/index.php\/2025\/03\/26\/destina-salomon-jara-3-mdp-para-la-conectividad-de-san-andres-lagunas\/","title":{"rendered":"Destina Salom\u00f3n Jara 3 mdp para la conectividad de San Andr\u00e9s Lagunas"},"content":{"rendered":"<div id=\"fb-root\"><\/div>\n\n<p>\u2022 En este municipio, el Mandatario estatal anunci\u00f3 apoyos en materia de salud, educaci\u00f3n, alimentaci\u00f3n, vivienda, campo y programas sociales<\/p>\n\n\n\n<figure class=\"wp-block-image size-large\"><img fetchpriority=\"high\" decoding=\"async\" width=\"863\" height=\"511\" src=\"https:\/\/contextoanalisisperiodistico.com\/wp-content\/uploads\/2025\/03\/img-20250326-wa01144011173274715958955.jpg\" alt=\"\" class=\"wp-image-39025\" srcset=\"https:\/\/contextoanalisisperiodistico.com\/wp-content\/uploads\/2025\/03\/img-20250326-wa01144011173274715958955.jpg 863w, https:\/\/contextoanalisisperiodistico.com\/wp-content\/uploads\/2025\/03\/img-20250326-wa01144011173274715958955-300x178.jpg 300w, https:\/\/contextoanalisisperiodistico.com\/wp-content\/uploads\/2025\/03\/img-20250326-wa01144011173274715958955-768x455.jpg 768w\" sizes=\"(max-width: 863px) 100vw, 863px\" \/><\/figure>\n\n\n\n<figure class=\"wp-block-image\"><img decoding=\"async\" width=\"300\" height=\"177\" src=\"https:\/\/contextoanalisisperiodistico.com\/wp-content\/uploads\/2025\/03\/img-20250326-wa01135649691811287024205-300x177.jpg\" alt=\"\" class=\"wp-image-39023\" srcset=\"https:\/\/contextoanalisisperiodistico.com\/wp-content\/uploads\/2025\/03\/img-20250326-wa01135649691811287024205-300x177.jpg 300w, https:\/\/contextoanalisisperiodistico.com\/wp-content\/uploads\/2025\/03\/img-20250326-wa01135649691811287024205.jpg 749w\" sizes=\"(max-width: 300px) 100vw, 300px\" \/><\/figure>\n\n\n\n<figure class=\"wp-block-image\"><img decoding=\"async\" width=\"1024\" height=\"682\" src=\"https:\/\/contextoanalisisperiodistico.com\/wp-content\/uploads\/2025\/03\/img-20250326-wa01123740537885057240925-1024x682.jpg\" alt=\"\" class=\"wp-image-39024\" srcset=\"https:\/\/contextoanalisisperiodistico.com\/wp-content\/uploads\/2025\/03\/img-20250326-wa01123740537885057240925-1024x682.jpg 1024w, https:\/\/contextoanalisisperiodistico.com\/wp-content\/uploads\/2025\/03\/img-20250326-wa01123740537885057240925-300x200.jpg 300w, https:\/\/contextoanalisisperiodistico.com\/wp-content\/uploads\/2025\/03\/img-20250326-wa01123740537885057240925-768x512.jpg 768w, https:\/\/contextoanalisisperiodistico.com\/wp-content\/uploads\/2025\/03\/img-20250326-wa01123740537885057240925-1536x1023.jpg 1536w, https:\/\/contextoanalisisperiodistico.com\/wp-content\/uploads\/2025\/03\/img-20250326-wa01123740537885057240925.jpg 1600w\" sizes=\"(max-width: 1024px) 100vw, 1024px\" \/><\/figure>\n\n\n\n<p>San Andr\u00e9s Lagunas, Oax. 26 de marzo de 2025.- En su visita a este municipio de la regi\u00f3n Mixteca, el Gobernador Salom\u00f3n Jara Cruz anunci\u00f3 que destinar\u00e1 3 millones de pesos para la primera etapa de la pavimentaci\u00f3n del camino que comunica a la agencia de San Isidro Lagunas con la cabecera municipal.<\/p>\n\n\n\n<p>En el marco de la estrategia Trabajo que Transforma tu Municipio, el Mandatario estatal inform\u00f3 que esta obra, que comprende mil 600 metros, se ejecutar\u00e1 a trav\u00e9s de Caminos Bienestar (Cabien) a fin de garantizar una mejor conectividad e impulsar el desarrollo de esta poblaci\u00f3n.<\/p>\n\n\n\n<p>\u201cTomamos muy en cuenta las carencias de los pueblos para mejorar la vida de las comunidades, hablar de transformaci\u00f3n es hablar de caminos, infraestructura, de programas para la alimentaci\u00f3n y el campo, nos interesa atender todas las necesidades\u201d, dijo.<\/p>\n\n\n\n<p>Aunado a ello, Jara Cruz ofreci\u00f3 el apoyo para gestionar el mantenimiento de la antena de internet de San Andr\u00e9s Lagunas a fin de asegurar el funcionamiento de la infraestructura y que la ciudadan\u00eda tenga acceso a este servicio.<\/p>\n\n\n\n<p>En este tenor, Vivienda Bienestar (Vibien) beneficiar\u00e1 a 20 familias con la construcci\u00f3n de ba\u00f1os biodigestores, en esta acci\u00f3n se aplicar\u00e1 1 mill\u00f3n 400 mil pesos.<\/p>\n\n\n\n<p>Por su parte el Instituto Estatal de Educaci\u00f3n P\u00fablica de Oaxaca (IEEPO) invertir\u00e1 543 mil pesos 695 pesos en equipamiento, mobiliario, pizarrones, material de aseo, deportivo y de oficina, adem\u00e1s de botes de pintura e impermeabilizante para los planteles del sistema b\u00e1sico de este municipio. La entrega de estos apoyos se realizar\u00e1 durante la \u00faltima semana de mayo.<\/p>\n\n\n\n<p>De igual manera, el Instituto Oaxaque\u00f1o Constructor de Infraestructura Educativa (Iocied) revisar\u00e1 el tipo de modelo para la construcci\u00f3n de una cisterna en una primaria; brindar\u00e1 asistencia t\u00e9cnica para la elaboraci\u00f3n de una plaza c\u00edvica y el mantenimiento de las instalaciones en dos preescolares. Una vez concluidas estas acciones se otorgar\u00e1 material para la construcci\u00f3n de obras.<\/p>\n\n\n\n<p>Servicios de Salud de Oaxaca (SSO) inform\u00f3 que a trav\u00e9s de la tarjeta La Cl\u00ednica es Nuestra, se otorg\u00f3 1 mill\u00f3n de pesos para la unidad m\u00e9dica rural de San Andr\u00e9s Lagunas. Este monto fue empleado para la compra de equipo, material y la construcci\u00f3n de dos sanitarios.<\/p>\n\n\n\n<p>Para favorecer a las personas agricultoras y ganaderas, la Secretar\u00eda de Fomento Agroalimentario y Desarrollo Rural (Sefader) aplica el programa Autosuficiencia Agroalimentaria. Aunado a ello, la dependencia anunci\u00f3 que apoyar\u00e1 con maquinaria para la realizaci\u00f3n de dos ollas para la captaci\u00f3n de agua.<\/p>\n\n\n\n<p>Por parte del Sistema para el Desarrollo Integral de la Familia (DIF) Oaxaca se implementa el programa Guisos de mi Pueblo en la cabecera municipal con una inversi\u00f3n de 82 mil 526 pesos, y en la agencia de San Isidro Lagunas, se aplica 150 mil 904 pesos.<\/p>\n\n\n\n<p>La Secretar\u00eda de Bienestar, Tequio e Inclusi\u00f3n (Sebienti) beneficiar\u00e1 a nueve jefas de familia con la Tarjeta Margarita Maza, para esta acci\u00f3n, se canalizar\u00e1 un total de 108 mil pesos.<\/p>\n\n\n\n<p>Finalmente, la Comisi\u00f3n Estatal del Agua para el Bienestar (Ceabien) atender\u00e1 la solicitud para la rehabilitaci\u00f3n del sistema de agua potable, una vez se entregue el proyecto correspondiente; este se validar\u00e1 para posteriormente definir la inversi\u00f3n.<\/p>\n\n\n\n<p>-0-<\/p>\n","protected":false},"excerpt":{"rendered":"<p>\u2022 En este municipio, el Mandatario estatal anunci\u00f3 apoyos en materia de salud, educaci\u00f3n, alimentaci\u00f3n,&#8230;<\/p>\n","protected":false},"author":4,"featured_media":39022,"comment_status":"","ping_status":"open","sticky":false,"template":"","format":"standard","meta":{"footnotes":""},"categories":[9],"tags":[],"jetpack_sharing_enabled":true,"featured_image_urls":{"full":["https:\/\/contextoanalisisperiodistico.com\/wp-content\/uploads\/2025\/03\/IMG-20250326-WA0111.jpg",900,600,false],"thumbnail":["https:\/\/contextoanalisisperiodistico.com\/wp-content\/uploads\/2025\/03\/IMG-20250326-WA0111-150x150.jpg",150,150,true],"medium":["https:\/\/contextoanalisisperiodistico.com\/wp-content\/uploads\/2025\/03\/IMG-20250326-WA0111-300x200.jpg",300,200,true],"medium_large":["https:\/\/contextoanalisisperiodistico.com\/wp-content\/uploads\/2025\/03\/IMG-20250326-WA0111-768x512.jpg",640,427,true],"large":["https:\/\/contextoanalisisperiodistico.com\/wp-content\/uploads\/2025\/03\/IMG-20250326-WA0111.jpg",640,427,false],"1536x1536":["https:\/\/contextoanalisisperiodistico.com\/wp-content\/uploads\/2025\/03\/IMG-20250326-WA0111.jpg",900,600,false],"2048x2048":["https:\/\/contextoanalisisperiodistico.com\/wp-content\/uploads\/2025\/03\/IMG-20250326-WA0111.jpg",900,600,false],"covernews-slider-full":["https:\/\/contextoanalisisperiodistico.com\/wp-content\/uploads\/2025\/03\/IMG-20250326-WA0111.jpg",900,600,false],"covernews-slider-center":["https:\/\/contextoanalisisperiodistico.com\/wp-content\/uploads\/2025\/03\/IMG-20250326-WA0111-800x500.jpg",800,500,true],"covernews-featured":["https:\/\/contextoanalisisperiodistico.com\/wp-content\/uploads\/2025\/03\/IMG-20250326-WA0111.jpg",900,600,false],"covernews-medium":["https:\/\/contextoanalisisperiodistico.com\/wp-content\/uploads\/2025\/03\/IMG-20250326-WA0111-540x340.jpg",540,340,true],"covernews-medium-square":["https:\/\/contextoanalisisperiodistico.com\/wp-content\/uploads\/2025\/03\/IMG-20250326-WA0111-400x250.jpg",400,250,true]},"author_info":{"display_name":"Mario Gir\u00f3n","author_link":"https:\/\/contextoanalisisperiodistico.com\/index.php\/author\/director\/"},"category_info":"<a href=\"https:\/\/contextoanalisisperiodistico.com\/index.php\/category\/politica\/\" rel=\"category tag\">Pol\u00edtica<\/a>","tag_info":"Pol\u00edtica","comment_count":"0","jetpack_featured_media_url":"https:\/\/contextoanalisisperiodistico.com\/wp-content\/uploads\/2025\/03\/IMG-20250326-WA0111.jpg","_links":{"self":[{"href":"https:\/\/contextoanalisisperiodistico.com\/index.php\/wp-json\/wp\/v2\/posts\/39026"}],"collection":[{"href":"https:\/\/contextoanalisisperiodistico.com\/index.php\/wp-json\/wp\/v2\/posts"}],"about":[{"href":"https:\/\/contextoanalisisperiodistico.com\/index.php\/wp-json\/wp\/v2\/types\/post"}],"author":[{"embeddable":true,"href":"https:\/\/contextoanalisisperiodistico.com\/index.php\/wp-json\/wp\/v2\/users\/4"}],"replies":[{"embeddable":true,"href":"https:\/\/contextoanalisisperiodistico.com\/index.php\/wp-json\/wp\/v2\/comments?post=39026"}],"version-history":[{"count":0,"href":"https:\/\/contextoanalisisperiodistico.com\/index.php\/wp-json\/wp\/v2\/posts\/39026\/revisions"}],"wp:featuredmedia":[{"embeddable":true,"href":"https:\/\/contextoanalisisperiodistico.com\/index.php\/wp-json\/wp\/v2\/media\/39022"}],"wp:attachment":[{"href":"https:\/\/contextoanalisisperiodistico.com\/index.php\/wp-json\/wp\/v2\/media?parent=39026"}],"wp:term":[{"taxonomy":"category","embeddable":true,"href":"https:\/\/contextoanalisisperiodistico.com\/index.php\/wp-json\/wp\/v2\/categories?post=39026"},{"taxonomy":"post_tag","embeddable":true,"href":"https:\/\/contextoanalisisperiodistico.com\/index.php\/wp-json\/wp\/v2\/tags?post=39026"}],"curies":[{"name":"wp","href":"https:\/\/api.w.org\/{rel}","templated":true}]}}