{"id":39000,"date":"2025-03-25T18:07:02","date_gmt":"2025-03-26T00:07:02","guid":{"rendered":"https:\/\/contextoanalisisperiodistico.com\/index.php\/2025\/03\/25\/entrega-municipio-oaxaca-de-juarez-distincion-llaves-de-la-ciudad-a-activistas-migrantes\/"},"modified":"2025-03-25T18:07:02","modified_gmt":"2025-03-26T00:07:02","slug":"entrega-municipio-oaxaca-de-juarez-distincion-llaves-de-la-ciudad-a-activistas-migrantes","status":"publish","type":"post","link":"https:\/\/contextoanalisisperiodistico.com\/index.php\/2025\/03\/25\/entrega-municipio-oaxaca-de-juarez-distincion-llaves-de-la-ciudad-a-activistas-migrantes\/","title":{"rendered":"Entrega Municipio Oaxaca de Ju\u00e1rez distinci\u00f3n \u00abLlaves de la Ciudad\u00bb a activistas migrantes"},"content":{"rendered":"<div id=\"fb-root\"><\/div>\n\n<p>\u2022 Reconocen a Zeferino Garc\u00eda Jer\u00f3nimo y Jaime Lucero por su labor en favor de la comunidad oaxaque\u00f1a migrante<\/p>\n\n\n\n<p>Oaxaca de Ju\u00e1rez, Oax. 25 de marzo de 2025.- El Presidente Municipal Ray Chagoya, acompa\u00f1ado del Honorable Ayuntamiento de Oaxaca de Ju\u00e1rez, entreg\u00f3 la distinci\u00f3n \u201cLlaves de la Ciudad\u201d a dos destacados defensores de los derechos de las y los migrantes: Zeferino Garc\u00eda Jer\u00f3nimo, primer diputado migrante, y el Doctor Honoris Causa Jaime Lucero, l\u00edder internacional y presidente de Fuerza Migrante.<\/p>\n\n\n\n<p>El acto realizado en el sal\u00f3n Expresidentes del Palacio Municipal, cont\u00f3 con la presencia de Saymi Pineda Velasco, secretaria de Turismo, quien acudi\u00f3 en representaci\u00f3n del Gobernador Salom\u00f3n Jara Cruz.<\/p>\n\n\n\n<p>La entrega de este reconocimiento honra la incansable labor de ambos galardonados en favor de la comunidad migrante oaxaque\u00f1a, y resalta la importancia de fortalecer los lazos entre Oaxaca de Ju\u00e1rez y sus ciudadanos en el extranjero. Las Llaves de la Ciudad son un s\u00edmbolo de respeto y agradecimiento a quienes, con su compromiso y trayectoria, han abierto puertas de esperanza y dignidad para nuestra gente.<\/p>\n\n\n\n<p>Zeferino Garc\u00eda Jer\u00f3nimo ha sido un pionero en la lucha por los derechos pol\u00edticos y sociales de los oaxaque\u00f1os en el extranjero, desempe\u00f1ando un papel crucial en la historia legislativa de Oaxaca. Su esfuerzo ha sido clave para que la voz de la comunidad migrante sea escuchada, garantizando un acto de justicia para aquellos que viven fuera de su tierra natal.<\/p>\n\n\n\n<p>Por su parte, el Doctor Honoris Causa Jaime Lucero ha dedicado su vida a empoderar y apoyar a los migrantes. Su organizaci\u00f3n, Fuerza Migrante, ha brindado esperanza a miles de j\u00f3venes hispanos, promoviendo programas que abren oportunidades para las nuevas generaciones, tanto en M\u00e9xico como en Estados Unidos. Su incansable trabajo refleja el sue\u00f1o migrante convertido en realidad.<\/p>\n\n\n\n<p>Al otorgar esta distinci\u00f3n, el Municipio de Oaxaca de Ju\u00e1rez no solo reconoce los m\u00e9ritos individuales de estos grandes personajes, sino que tambi\u00e9n rinde homenaje a todos los migrantes oaxaque\u00f1os que, con su esfuerzo, contribuyen al desarrollo de su comunidad y al fortalecimiento de los lazos internacionales que unen a Oaxaca con el mundo.<\/p>\n\n\n\n<figure class=\"wp-block-image size-large\"><img fetchpriority=\"high\" decoding=\"async\" width=\"1024\" height=\"684\" src=\"https:\/\/contextoanalisisperiodistico.com\/wp-content\/uploads\/2025\/03\/img-20250325-wa01484849298310173803049-1024x684.jpg\" alt=\"\" class=\"wp-image-38993\" srcset=\"https:\/\/contextoanalisisperiodistico.com\/wp-content\/uploads\/2025\/03\/img-20250325-wa01484849298310173803049-1024x684.jpg 1024w, https:\/\/contextoanalisisperiodistico.com\/wp-content\/uploads\/2025\/03\/img-20250325-wa01484849298310173803049-300x200.jpg 300w, https:\/\/contextoanalisisperiodistico.com\/wp-content\/uploads\/2025\/03\/img-20250325-wa01484849298310173803049-768x513.jpg 768w, https:\/\/contextoanalisisperiodistico.com\/wp-content\/uploads\/2025\/03\/img-20250325-wa01484849298310173803049-1536x1027.jpg 1536w, https:\/\/contextoanalisisperiodistico.com\/wp-content\/uploads\/2025\/03\/img-20250325-wa01484849298310173803049.jpg 1616w\" sizes=\"(max-width: 1024px) 100vw, 1024px\" \/><\/figure>\n\n\n\n<figure class=\"wp-block-image\"><img decoding=\"async\" width=\"1024\" height=\"570\" src=\"https:\/\/contextoanalisisperiodistico.com\/wp-content\/uploads\/2025\/03\/img-20250325-wa01538139449667332679745-1024x570.jpg\" alt=\"\" class=\"wp-image-38995\" srcset=\"https:\/\/contextoanalisisperiodistico.com\/wp-content\/uploads\/2025\/03\/img-20250325-wa01538139449667332679745-1024x570.jpg 1024w, https:\/\/contextoanalisisperiodistico.com\/wp-content\/uploads\/2025\/03\/img-20250325-wa01538139449667332679745-300x167.jpg 300w, https:\/\/contextoanalisisperiodistico.com\/wp-content\/uploads\/2025\/03\/img-20250325-wa01538139449667332679745-768x428.jpg 768w, https:\/\/contextoanalisisperiodistico.com\/wp-content\/uploads\/2025\/03\/img-20250325-wa01538139449667332679745.jpg 1527w\" sizes=\"(max-width: 1024px) 100vw, 1024px\" \/><\/figure>\n\n\n\n<figure class=\"wp-block-image\"><img decoding=\"async\" width=\"1024\" height=\"684\" src=\"https:\/\/contextoanalisisperiodistico.com\/wp-content\/uploads\/2025\/03\/img-20250325-wa01501624924891805641436-1024x684.jpg\" alt=\"\" class=\"wp-image-38996\" srcset=\"https:\/\/contextoanalisisperiodistico.com\/wp-content\/uploads\/2025\/03\/img-20250325-wa01501624924891805641436-1024x684.jpg 1024w, https:\/\/contextoanalisisperiodistico.com\/wp-content\/uploads\/2025\/03\/img-20250325-wa01501624924891805641436-300x200.jpg 300w, https:\/\/contextoanalisisperiodistico.com\/wp-content\/uploads\/2025\/03\/img-20250325-wa01501624924891805641436-768x513.jpg 768w, https:\/\/contextoanalisisperiodistico.com\/wp-content\/uploads\/2025\/03\/img-20250325-wa01501624924891805641436-1536x1027.jpg 1536w, https:\/\/contextoanalisisperiodistico.com\/wp-content\/uploads\/2025\/03\/img-20250325-wa01501624924891805641436.jpg 1616w\" sizes=\"(max-width: 1024px) 100vw, 1024px\" \/><\/figure>\n\n\n\n<figure class=\"wp-block-image\"><img loading=\"lazy\" decoding=\"async\" width=\"1024\" height=\"684\" src=\"https:\/\/contextoanalisisperiodistico.com\/wp-content\/uploads\/2025\/03\/img-20250325-wa01498102919096079800826-1024x684.jpg\" alt=\"\" class=\"wp-image-38994\" srcset=\"https:\/\/contextoanalisisperiodistico.com\/wp-content\/uploads\/2025\/03\/img-20250325-wa01498102919096079800826-1024x684.jpg 1024w, https:\/\/contextoanalisisperiodistico.com\/wp-content\/uploads\/2025\/03\/img-20250325-wa01498102919096079800826-300x200.jpg 300w, https:\/\/contextoanalisisperiodistico.com\/wp-content\/uploads\/2025\/03\/img-20250325-wa01498102919096079800826-768x513.jpg 768w, https:\/\/contextoanalisisperiodistico.com\/wp-content\/uploads\/2025\/03\/img-20250325-wa01498102919096079800826-1536x1027.jpg 1536w, https:\/\/contextoanalisisperiodistico.com\/wp-content\/uploads\/2025\/03\/img-20250325-wa01498102919096079800826.jpg 1616w\" sizes=\"(max-width: 1024px) 100vw, 1024px\" \/><\/figure>\n\n\n\n<figure class=\"wp-block-image\"><img loading=\"lazy\" decoding=\"async\" width=\"1024\" height=\"684\" src=\"https:\/\/contextoanalisisperiodistico.com\/wp-content\/uploads\/2025\/03\/img-20250325-wa01472573771243190628726-1024x684.jpg\" alt=\"\" class=\"wp-image-38997\" srcset=\"https:\/\/contextoanalisisperiodistico.com\/wp-content\/uploads\/2025\/03\/img-20250325-wa01472573771243190628726-1024x684.jpg 1024w, https:\/\/contextoanalisisperiodistico.com\/wp-content\/uploads\/2025\/03\/img-20250325-wa01472573771243190628726-300x200.jpg 300w, https:\/\/contextoanalisisperiodistico.com\/wp-content\/uploads\/2025\/03\/img-20250325-wa01472573771243190628726-768x513.jpg 768w, https:\/\/contextoanalisisperiodistico.com\/wp-content\/uploads\/2025\/03\/img-20250325-wa01472573771243190628726-1536x1027.jpg 1536w, https:\/\/contextoanalisisperiodistico.com\/wp-content\/uploads\/2025\/03\/img-20250325-wa01472573771243190628726.jpg 1616w\" sizes=\"(max-width: 1024px) 100vw, 1024px\" \/><\/figure>\n\n\n\n<figure class=\"wp-block-image\"><img loading=\"lazy\" decoding=\"async\" width=\"1024\" height=\"684\" src=\"https:\/\/contextoanalisisperiodistico.com\/wp-content\/uploads\/2025\/03\/img-20250325-wa01546512208262796539887-1024x684.jpg\" alt=\"\" class=\"wp-image-38998\" srcset=\"https:\/\/contextoanalisisperiodistico.com\/wp-content\/uploads\/2025\/03\/img-20250325-wa01546512208262796539887-1024x684.jpg 1024w, https:\/\/contextoanalisisperiodistico.com\/wp-content\/uploads\/2025\/03\/img-20250325-wa01546512208262796539887-300x200.jpg 300w, https:\/\/contextoanalisisperiodistico.com\/wp-content\/uploads\/2025\/03\/img-20250325-wa01546512208262796539887-768x513.jpg 768w, https:\/\/contextoanalisisperiodistico.com\/wp-content\/uploads\/2025\/03\/img-20250325-wa01546512208262796539887-1536x1027.jpg 1536w, https:\/\/contextoanalisisperiodistico.com\/wp-content\/uploads\/2025\/03\/img-20250325-wa01546512208262796539887.jpg 1616w\" sizes=\"(max-width: 1024px) 100vw, 1024px\" \/><\/figure>\n\n\n\n<figure class=\"wp-block-image\"><img loading=\"lazy\" decoding=\"async\" width=\"1024\" height=\"812\" src=\"https:\/\/contextoanalisisperiodistico.com\/wp-content\/uploads\/2025\/03\/img-20250325-wa01522121884889154608949-1024x812.jpg\" alt=\"\" class=\"wp-image-38999\" srcset=\"https:\/\/contextoanalisisperiodistico.com\/wp-content\/uploads\/2025\/03\/img-20250325-wa01522121884889154608949-1024x812.jpg 1024w, https:\/\/contextoanalisisperiodistico.com\/wp-content\/uploads\/2025\/03\/img-20250325-wa01522121884889154608949-300x238.jpg 300w, https:\/\/contextoanalisisperiodistico.com\/wp-content\/uploads\/2025\/03\/img-20250325-wa01522121884889154608949-768x609.jpg 768w, https:\/\/contextoanalisisperiodistico.com\/wp-content\/uploads\/2025\/03\/img-20250325-wa01522121884889154608949.jpg 1362w\" sizes=\"(max-width: 1024px) 100vw, 1024px\" \/><\/figure>\n","protected":false},"excerpt":{"rendered":"<p>\u2022 Reconocen a Zeferino Garc\u00eda Jer\u00f3nimo y Jaime Lucero por su labor en favor de&#8230;<\/p>\n","protected":false},"author":4,"featured_media":38992,"comment_status":"","ping_status":"open","sticky":false,"template":"","format":"standard","meta":{"footnotes":""},"categories":[9],"tags":[178,235,234,45],"jetpack_sharing_enabled":true,"featured_image_urls":{"full":["https:\/\/contextoanalisisperiodistico.com\/wp-content\/uploads\/2025\/03\/IMG-20250325-WA0151.jpg",1616,1080,false],"thumbnail":["https:\/\/contextoanalisisperiodistico.com\/wp-content\/uploads\/2025\/03\/IMG-20250325-WA0151-150x150.jpg",150,150,true],"medium":["https:\/\/contextoanalisisperiodistico.com\/wp-content\/uploads\/2025\/03\/IMG-20250325-WA0151-300x200.jpg",300,200,true],"medium_large":["https:\/\/contextoanalisisperiodistico.com\/wp-content\/uploads\/2025\/03\/IMG-20250325-WA0151-768x513.jpg",640,428,true],"large":["https:\/\/contextoanalisisperiodistico.com\/wp-content\/uploads\/2025\/03\/IMG-20250325-WA0151-1024x684.jpg",640,428,true],"1536x1536":["https:\/\/contextoanalisisperiodistico.com\/wp-content\/uploads\/2025\/03\/IMG-20250325-WA0151-1536x1027.jpg",1536,1027,true],"2048x2048":["https:\/\/contextoanalisisperiodistico.com\/wp-content\/uploads\/2025\/03\/IMG-20250325-WA0151.jpg",1616,1080,false],"covernews-slider-full":["https:\/\/contextoanalisisperiodistico.com\/wp-content\/uploads\/2025\/03\/IMG-20250325-WA0151-1115x715.jpg",1115,715,true],"covernews-slider-center":["https:\/\/contextoanalisisperiodistico.com\/wp-content\/uploads\/2025\/03\/IMG-20250325-WA0151-800x500.jpg",800,500,true],"covernews-featured":["https:\/\/contextoanalisisperiodistico.com\/wp-content\/uploads\/2025\/03\/IMG-20250325-WA0151-1024x684.jpg",1024,684,true],"covernews-medium":["https:\/\/contextoanalisisperiodistico.com\/wp-content\/uploads\/2025\/03\/IMG-20250325-WA0151-540x340.jpg",540,340,true],"covernews-medium-square":["https:\/\/contextoanalisisperiodistico.com\/wp-content\/uploads\/2025\/03\/IMG-20250325-WA0151-400x250.jpg",400,250,true]},"author_info":{"display_name":"Mario Gir\u00f3n","author_link":"https:\/\/contextoanalisisperiodistico.com\/index.php\/author\/director\/"},"category_info":"<a href=\"https:\/\/contextoanalisisperiodistico.com\/index.php\/category\/politica\/\" rel=\"category tag\">Pol\u00edtica<\/a>","tag_info":"Pol\u00edtica","comment_count":"0","jetpack_featured_media_url":"https:\/\/contextoanalisisperiodistico.com\/wp-content\/uploads\/2025\/03\/IMG-20250325-WA0151.jpg","_links":{"self":[{"href":"https:\/\/contextoanalisisperiodistico.com\/index.php\/wp-json\/wp\/v2\/posts\/39000"}],"collection":[{"href":"https:\/\/contextoanalisisperiodistico.com\/index.php\/wp-json\/wp\/v2\/posts"}],"about":[{"href":"https:\/\/contextoanalisisperiodistico.com\/index.php\/wp-json\/wp\/v2\/types\/post"}],"author":[{"embeddable":true,"href":"https:\/\/contextoanalisisperiodistico.com\/index.php\/wp-json\/wp\/v2\/users\/4"}],"replies":[{"embeddable":true,"href":"https:\/\/contextoanalisisperiodistico.com\/index.php\/wp-json\/wp\/v2\/comments?post=39000"}],"version-history":[{"count":0,"href":"https:\/\/contextoanalisisperiodistico.com\/index.php\/wp-json\/wp\/v2\/posts\/39000\/revisions"}],"wp:featuredmedia":[{"embeddable":true,"href":"https:\/\/contextoanalisisperiodistico.com\/index.php\/wp-json\/wp\/v2\/media\/38992"}],"wp:attachment":[{"href":"https:\/\/contextoanalisisperiodistico.com\/index.php\/wp-json\/wp\/v2\/media?parent=39000"}],"wp:term":[{"taxonomy":"category","embeddable":true,"href":"https:\/\/contextoanalisisperiodistico.com\/index.php\/wp-json\/wp\/v2\/categories?post=39000"},{"taxonomy":"post_tag","embeddable":true,"href":"https:\/\/contextoanalisisperiodistico.com\/index.php\/wp-json\/wp\/v2\/tags?post=39000"}],"curies":[{"name":"wp","href":"https:\/\/api.w.org\/{rel}","templated":true}]}}