{"id":38991,"date":"2025-03-25T18:00:29","date_gmt":"2025-03-26T00:00:29","guid":{"rendered":"https:\/\/contextoanalisisperiodistico.com\/index.php\/2025\/03\/25\/invita-cco-a-disfrutar-de-las-actividades-culturales-programadas-para-esta-semana\/"},"modified":"2025-03-25T18:00:29","modified_gmt":"2025-03-26T00:00:29","slug":"invita-cco-a-disfrutar-de-las-actividades-culturales-programadas-para-esta-semana","status":"publish","type":"post","link":"https:\/\/contextoanalisisperiodistico.com\/index.php\/2025\/03\/25\/invita-cco-a-disfrutar-de-las-actividades-culturales-programadas-para-esta-semana\/","title":{"rendered":"Invita CCO a disfrutar de las actividades culturales programadas para esta semana"},"content":{"rendered":"<div id=\"fb-root\"><\/div>\n\n<p>\u2022 Del 25 al 28 de este mes, las personas podr\u00e1n disfrutar de talleres, presentaciones danc\u00edsticas y participar en c\u00edrculos de lectura<\/p>\n\n\n\n<figure class=\"wp-block-image size-large\"><img fetchpriority=\"high\" decoding=\"async\" width=\"635\" height=\"900\" src=\"https:\/\/contextoanalisisperiodistico.com\/wp-content\/uploads\/2025\/03\/img-20250325-wa00594179605152073870787.jpg\" alt=\"\" class=\"wp-image-38987\" srcset=\"https:\/\/contextoanalisisperiodistico.com\/wp-content\/uploads\/2025\/03\/img-20250325-wa00594179605152073870787.jpg 635w, https:\/\/contextoanalisisperiodistico.com\/wp-content\/uploads\/2025\/03\/img-20250325-wa00594179605152073870787-212x300.jpg 212w\" sizes=\"(max-width: 635px) 100vw, 635px\" \/><\/figure>\n\n\n\n<figure class=\"wp-block-image\"><img decoding=\"async\" width=\"300\" height=\"300\" src=\"https:\/\/contextoanalisisperiodistico.com\/wp-content\/uploads\/2025\/03\/img-20250325-wa00605005066238623735462-300x300.jpg\" alt=\"\" class=\"wp-image-38990\" srcset=\"https:\/\/contextoanalisisperiodistico.com\/wp-content\/uploads\/2025\/03\/img-20250325-wa00605005066238623735462-300x300.jpg 300w, https:\/\/contextoanalisisperiodistico.com\/wp-content\/uploads\/2025\/03\/img-20250325-wa00605005066238623735462-150x150.jpg 150w, https:\/\/contextoanalisisperiodistico.com\/wp-content\/uploads\/2025\/03\/img-20250325-wa00605005066238623735462-768x768.jpg 768w, https:\/\/contextoanalisisperiodistico.com\/wp-content\/uploads\/2025\/03\/img-20250325-wa00605005066238623735462.jpg 900w\" sizes=\"(max-width: 300px) 100vw, 300px\" \/><\/figure>\n\n\n\n<figure class=\"wp-block-image\"><img decoding=\"async\" width=\"300\" height=\"300\" src=\"https:\/\/contextoanalisisperiodistico.com\/wp-content\/uploads\/2025\/03\/img-20250325-wa00611251693146201052813-300x300.jpg\" alt=\"\" class=\"wp-image-38988\" srcset=\"https:\/\/contextoanalisisperiodistico.com\/wp-content\/uploads\/2025\/03\/img-20250325-wa00611251693146201052813-300x300.jpg 300w, https:\/\/contextoanalisisperiodistico.com\/wp-content\/uploads\/2025\/03\/img-20250325-wa00611251693146201052813-150x150.jpg 150w, https:\/\/contextoanalisisperiodistico.com\/wp-content\/uploads\/2025\/03\/img-20250325-wa00611251693146201052813-768x768.jpg 768w, https:\/\/contextoanalisisperiodistico.com\/wp-content\/uploads\/2025\/03\/img-20250325-wa00611251693146201052813.jpg 900w\" sizes=\"(max-width: 300px) 100vw, 300px\" \/><\/figure>\n\n\n\n<figure class=\"wp-block-image\"><img loading=\"lazy\" decoding=\"async\" width=\"300\" height=\"300\" src=\"https:\/\/contextoanalisisperiodistico.com\/wp-content\/uploads\/2025\/03\/img-20250325-wa00624462382632074196993-300x300.jpg\" alt=\"\" class=\"wp-image-38989\" srcset=\"https:\/\/contextoanalisisperiodistico.com\/wp-content\/uploads\/2025\/03\/img-20250325-wa00624462382632074196993-300x300.jpg 300w, https:\/\/contextoanalisisperiodistico.com\/wp-content\/uploads\/2025\/03\/img-20250325-wa00624462382632074196993-150x150.jpg 150w, https:\/\/contextoanalisisperiodistico.com\/wp-content\/uploads\/2025\/03\/img-20250325-wa00624462382632074196993-768x768.jpg 768w, https:\/\/contextoanalisisperiodistico.com\/wp-content\/uploads\/2025\/03\/img-20250325-wa00624462382632074196993.jpg 900w\" sizes=\"(max-width: 300px) 100vw, 300px\" \/><\/figure>\n\n\n\n<p>Oaxaca de Ju\u00e1rez, Oax. 25 de marzo de 2025.- El empleo de t\u00e9cnicas tradicionales para la realizaci\u00f3n de flores elaboradas con totomoxtle, la hoja seca de ma\u00edz, se compartir\u00e1n este martes 25 de marzo en la Casa de la Cultura Oaxaque\u00f1a (CCO), como parte del taller Despertar en comunidad.<\/p>\n\n\n\n<p>La CCO invita a la poblaci\u00f3n en general a participar en las actividades que se llevar\u00e1n a cabo en este espacio cultural, del 25 al 28 de este mes, y cuyas entradas son libres para el disfrute y la sana convivencia.<\/p>\n\n\n\n<p>El taller Despertar en comunidad se realizar\u00e1 de 16:00 a 18:00 horas, y las personas interesadas pueden acercarse a este recinto, en el pasillo de los bustos, para unirse a este encuentro a cargo de la tallerista Cynthia V\u00e1squez.<\/p>\n\n\n\n<p>Este mismo d\u00eda, a las 18:00 horas, en la sala Arcelia Ya\u00f1iz, se llevar\u00e1 a cabo la tercera edici\u00f3n del C\u00edrculo de di\u00e1logo titulado Presencia y esencia de mujeres oaxaque\u00f1as, coordinado por el Seminario de Cultura Mexicana Corresponsal\u00eda \u201cIng. Alberto Bustamante Vasconcelos\u201d.<\/p>\n\n\n\n<p>En esta actividad se abordar\u00e1 a las mujeres oaxaque\u00f1as que han impulsado la gastronom\u00eda, educaci\u00f3n, arqueolog\u00eda, historia y salud.<\/p>\n\n\n\n<p>El mi\u00e9rcoles 26 de marzo, a las 18:30 horas, tendr\u00e1 lugar una edici\u00f3n m\u00e1s del programa Caf\u00e9 Literario, el cual busca promover la lectura en todos los \u00e1mbitos, reafirmar la confianza de las y los asistentes para conectar, compartir versos y caf\u00e9.<\/p>\n\n\n\n<p>En esta ocasi\u00f3n se contar\u00e1 con la participaci\u00f3n de la Sociedad de las Poetas, quienes realizar\u00e1n el encuentro en el foro Margarita Maza Parada.<\/p>\n\n\n\n<p>El jueves 27 de marzo, a las 18:30 horas, la Casa de la Cultura Oaxaque\u00f1a recibir\u00e1 a la Tuna Novata de Ciencias de la Universidad Aut\u00f3noma Benito Ju\u00e1rez de Oaxaca (UABJO) en Noche de ronda.<\/p>\n\n\n\n<p>Este programa destaca por rendir homenaje a este estilo musical a trav\u00e9s de agrupaciones que interpretan temas populares con instrumentos de cuerda tocados con pulso y p\u00faa, as\u00ed como percusiones.<\/p>\n\n\n\n<p>La semana de actividades concluir\u00e1 con el taller de Danza Cl\u00e1sica Sue\u00f1os Po\u00e9ticos, un viaje a trav\u00e9s del Ballet Contempor\u00e1neo.<\/p>\n\n\n\n<p>La actividad se desarrollar\u00e1 este viernes 28 a las 18:00 horas, en el foro Margarita Maza Parada de la Casa de la Cultura Oaxaque\u00f1a, ubicada en la calle Gonz\u00e1lez Ortega n\u00famero 403 de Oaxaca de Ju\u00e1rez.<\/p>\n\n\n\n<p>-0-<\/p>\n","protected":false},"excerpt":{"rendered":"<p>\u2022 Del 25 al 28 de este mes, las personas podr\u00e1n disfrutar de talleres, presentaciones&#8230;<\/p>\n","protected":false},"author":4,"featured_media":38986,"comment_status":"","ping_status":"open","sticky":false,"template":"","format":"standard","meta":{"footnotes":""},"categories":[4],"tags":[],"jetpack_sharing_enabled":true,"featured_image_urls":{"full":["https:\/\/contextoanalisisperiodistico.com\/wp-content\/uploads\/2025\/03\/IMG-20250325-WA0058.jpg",900,899,false],"thumbnail":["https:\/\/contextoanalisisperiodistico.com\/wp-content\/uploads\/2025\/03\/IMG-20250325-WA0058-150x150.jpg",150,150,true],"medium":["https:\/\/contextoanalisisperiodistico.com\/wp-content\/uploads\/2025\/03\/IMG-20250325-WA0058-300x300.jpg",300,300,true],"medium_large":["https:\/\/contextoanalisisperiodistico.com\/wp-content\/uploads\/2025\/03\/IMG-20250325-WA0058-768x767.jpg",640,639,true],"large":["https:\/\/contextoanalisisperiodistico.com\/wp-content\/uploads\/2025\/03\/IMG-20250325-WA0058.jpg",640,639,false],"1536x1536":["https:\/\/contextoanalisisperiodistico.com\/wp-content\/uploads\/2025\/03\/IMG-20250325-WA0058.jpg",900,899,false],"2048x2048":["https:\/\/contextoanalisisperiodistico.com\/wp-content\/uploads\/2025\/03\/IMG-20250325-WA0058.jpg",900,899,false],"covernews-slider-full":["https:\/\/contextoanalisisperiodistico.com\/wp-content\/uploads\/2025\/03\/IMG-20250325-WA0058-900x715.jpg",900,715,true],"covernews-slider-center":["https:\/\/contextoanalisisperiodistico.com\/wp-content\/uploads\/2025\/03\/IMG-20250325-WA0058-800x500.jpg",800,500,true],"covernews-featured":["https:\/\/contextoanalisisperiodistico.com\/wp-content\/uploads\/2025\/03\/IMG-20250325-WA0058.jpg",900,899,false],"covernews-medium":["https:\/\/contextoanalisisperiodistico.com\/wp-content\/uploads\/2025\/03\/IMG-20250325-WA0058-540x340.jpg",540,340,true],"covernews-medium-square":["https:\/\/contextoanalisisperiodistico.com\/wp-content\/uploads\/2025\/03\/IMG-20250325-WA0058-400x250.jpg",400,250,true]},"author_info":{"display_name":"Mario Gir\u00f3n","author_link":"https:\/\/contextoanalisisperiodistico.com\/index.php\/author\/director\/"},"category_info":"<a href=\"https:\/\/contextoanalisisperiodistico.com\/index.php\/category\/cultura\/\" rel=\"category tag\">Cultura<\/a>","tag_info":"Cultura","comment_count":"0","jetpack_featured_media_url":"https:\/\/contextoanalisisperiodistico.com\/wp-content\/uploads\/2025\/03\/IMG-20250325-WA0058.jpg","_links":{"self":[{"href":"https:\/\/contextoanalisisperiodistico.com\/index.php\/wp-json\/wp\/v2\/posts\/38991"}],"collection":[{"href":"https:\/\/contextoanalisisperiodistico.com\/index.php\/wp-json\/wp\/v2\/posts"}],"about":[{"href":"https:\/\/contextoanalisisperiodistico.com\/index.php\/wp-json\/wp\/v2\/types\/post"}],"author":[{"embeddable":true,"href":"https:\/\/contextoanalisisperiodistico.com\/index.php\/wp-json\/wp\/v2\/users\/4"}],"replies":[{"embeddable":true,"href":"https:\/\/contextoanalisisperiodistico.com\/index.php\/wp-json\/wp\/v2\/comments?post=38991"}],"version-history":[{"count":0,"href":"https:\/\/contextoanalisisperiodistico.com\/index.php\/wp-json\/wp\/v2\/posts\/38991\/revisions"}],"wp:featuredmedia":[{"embeddable":true,"href":"https:\/\/contextoanalisisperiodistico.com\/index.php\/wp-json\/wp\/v2\/media\/38986"}],"wp:attachment":[{"href":"https:\/\/contextoanalisisperiodistico.com\/index.php\/wp-json\/wp\/v2\/media?parent=38991"}],"wp:term":[{"taxonomy":"category","embeddable":true,"href":"https:\/\/contextoanalisisperiodistico.com\/index.php\/wp-json\/wp\/v2\/categories?post=38991"},{"taxonomy":"post_tag","embeddable":true,"href":"https:\/\/contextoanalisisperiodistico.com\/index.php\/wp-json\/wp\/v2\/tags?post=38991"}],"curies":[{"name":"wp","href":"https:\/\/api.w.org\/{rel}","templated":true}]}}