{"id":38981,"date":"2025-03-25T17:46:52","date_gmt":"2025-03-25T23:46:52","guid":{"rendered":"https:\/\/contextoanalisisperiodistico.com\/?p=38981"},"modified":"2025-03-25T17:46:59","modified_gmt":"2025-03-25T23:46:59","slug":"lanza-seculta-convocatoria-para-seleccion-de-la-diosa-centeotl-2025","status":"publish","type":"post","link":"https:\/\/contextoanalisisperiodistico.com\/index.php\/2025\/03\/25\/lanza-seculta-convocatoria-para-seleccion-de-la-diosa-centeotl-2025\/","title":{"rendered":"Lanza Seculta convocatoria para selecci\u00f3n de la Diosa Cent\u00e9otl 2025"},"content":{"rendered":"<div id=\"fb-root\"><\/div>\n\n<p>\u2022 La invitaci\u00f3n est\u00e1 vigente del 24 de marzo al 24 de abril; el certamen estatal se llevar\u00e1 a cabo el 20 y 21 de junio en dos etapas<\/p>\n\n\n\n<p>Oaxaca de Ju\u00e1rez Oax. 25 de marzo de 2025.- El Gobierno del Estado de Oaxaca y el Comit\u00e9 Organizador de la Guelaguetza del Lunes del Cerro y su Octava 2025, a trav\u00e9s de la Secretar\u00eda de las Culturas y Artes (Seculta), invita a las mujeres ind\u00edgenas, afromexicanas y mestizas de las ocho regiones de la entidad, a participar en la convocatoria para elegir a la representante de la Diosa Cent\u00e9otl 2025.<\/p>\n\n\n\n<p>Las bases establecen que cada municipio interesado deber\u00e1 conformar una Comisi\u00f3n Cultural Comunitaria, que dar\u00e1 a conocer mediante un dictamen oficial a quien participar\u00e1 en el certamen estatal a efectuarse el 20 y 21 de junio de 2025.<\/p>\n\n\n\n<p>Podr\u00e1n inscribirse las mujeres mayores de 18 a\u00f1os nacidas y originarias del municipio, sin limitar su registro por razones de estado civil, religi\u00f3n, color, ideolog\u00eda, origen \u00e9tnico, condici\u00f3n social y econ\u00f3mica, o alguna discapacidad.<\/p>\n\n\n\n<p>Cabe destacar que las oaxaque\u00f1as inscritas en emisiones anteriores no podr\u00e1n participar en el presente concurso.<\/p>\n\n\n\n<p>Esta convocatoria, vigente del 24 de marzo al 24 de abril, prev\u00e9 dos etapas en el proceso de selecci\u00f3n, en las cuales, las participantes expondr\u00e1n tem\u00e1ticas, como: identidad cultural, pr\u00e1cticas culturales y costumbres de su municipio; empoderamiento social, pol\u00edtico y econ\u00f3mico de la mujer en su comunidad.<\/p>\n\n\n\n<p>Adem\u00e1s, contexto social y territorial de su localidad; acciones culturales que realiza en beneficio de su comunidad; lenguas originarias de su municipio y su contexto social; organizaci\u00f3n social y valores de su comunidad; patrimonio cultural material e inmaterial de su municipalidad.<\/p>\n\n\n\n<p>Los requisitos y formatos de inscripci\u00f3n se pueden consultar en la p\u00e1gina oficial de la Secretar\u00eda de las Culturas y Artes a trav\u00e9s del siguiente enlace: https:\/\/www.oaxaca.gob.mx\/seculta\/convocatoria-diosa-centeotl-2025\/.<\/p>\n\n\n\n<p>Con estas acciones el Gobierno de la Primavera Oaxaque\u00f1a reconoce a las mujeres como depositarias de pensamientos, saberes y acciones, que han contribuido en la organizaci\u00f3n social, conservaci\u00f3n de las lenguas originarias, tradiciones, la protecci\u00f3n de la riqueza natural y el medio ambiente, as\u00ed como la danza, poes\u00eda, m\u00fasica y gastronom\u00eda de sus comunidades.<br \/>-0-<\/p>\n\n\n\n<figure class=\"wp-block-image size-large\"><img fetchpriority=\"high\" decoding=\"async\" width=\"500\" height=\"772\" src=\"https:\/\/contextoanalisisperiodistico.com\/wp-content\/uploads\/2025\/03\/img-20250325-wa01424227602524931346361.jpg\" alt=\"\" class=\"wp-image-38983\" srcset=\"https:\/\/contextoanalisisperiodistico.com\/wp-content\/uploads\/2025\/03\/img-20250325-wa01424227602524931346361.jpg 500w, https:\/\/contextoanalisisperiodistico.com\/wp-content\/uploads\/2025\/03\/img-20250325-wa01424227602524931346361-194x300.jpg 194w\" sizes=\"(max-width: 500px) 100vw, 500px\" \/><\/figure>\n\n\n\n<figure class=\"wp-block-image\"><img decoding=\"async\" width=\"194\" height=\"300\" src=\"https:\/\/contextoanalisisperiodistico.com\/wp-content\/uploads\/2025\/03\/img-20250325-wa01431609213442701513909-194x300.jpg\" alt=\"\" class=\"wp-image-38984\" srcset=\"https:\/\/contextoanalisisperiodistico.com\/wp-content\/uploads\/2025\/03\/img-20250325-wa01431609213442701513909-194x300.jpg 194w, https:\/\/contextoanalisisperiodistico.com\/wp-content\/uploads\/2025\/03\/img-20250325-wa01431609213442701513909.jpg 500w\" sizes=\"(max-width: 194px) 100vw, 194px\" \/><\/figure>\n","protected":false},"excerpt":{"rendered":"<p>\u2022 La invitaci\u00f3n est\u00e1 vigente del 24 de marzo al 24 de abril; el certamen&#8230;<\/p>\n","protected":false},"author":4,"featured_media":38982,"comment_status":"closed","ping_status":"open","sticky":false,"template":"","format":"standard","meta":{"footnotes":""},"categories":[4],"tags":[],"jetpack_sharing_enabled":true,"featured_image_urls":{"full":["https:\/\/contextoanalisisperiodistico.com\/wp-content\/uploads\/2025\/03\/IMG-20250325-WA0024.jpg",500,772,false],"thumbnail":["https:\/\/contextoanalisisperiodistico.com\/wp-content\/uploads\/2025\/03\/IMG-20250325-WA0024-150x150.jpg",150,150,true],"medium":["https:\/\/contextoanalisisperiodistico.com\/wp-content\/uploads\/2025\/03\/IMG-20250325-WA0024-194x300.jpg",194,300,true],"medium_large":["https:\/\/contextoanalisisperiodistico.com\/wp-content\/uploads\/2025\/03\/IMG-20250325-WA0024.jpg",500,772,false],"large":["https:\/\/contextoanalisisperiodistico.com\/wp-content\/uploads\/2025\/03\/IMG-20250325-WA0024.jpg",500,772,false],"1536x1536":["https:\/\/contextoanalisisperiodistico.com\/wp-content\/uploads\/2025\/03\/IMG-20250325-WA0024.jpg",500,772,false],"2048x2048":["https:\/\/contextoanalisisperiodistico.com\/wp-content\/uploads\/2025\/03\/IMG-20250325-WA0024.jpg",500,772,false],"covernews-slider-full":["https:\/\/contextoanalisisperiodistico.com\/wp-content\/uploads\/2025\/03\/IMG-20250325-WA0024-500x715.jpg",500,715,true],"covernews-slider-center":["https:\/\/contextoanalisisperiodistico.com\/wp-content\/uploads\/2025\/03\/IMG-20250325-WA0024-500x500.jpg",500,500,true],"covernews-featured":["https:\/\/contextoanalisisperiodistico.com\/wp-content\/uploads\/2025\/03\/IMG-20250325-WA0024.jpg",500,772,false],"covernews-medium":["https:\/\/contextoanalisisperiodistico.com\/wp-content\/uploads\/2025\/03\/IMG-20250325-WA0024-500x340.jpg",500,340,true],"covernews-medium-square":["https:\/\/contextoanalisisperiodistico.com\/wp-content\/uploads\/2025\/03\/IMG-20250325-WA0024-400x250.jpg",400,250,true]},"author_info":{"display_name":"Mario Gir\u00f3n","author_link":"https:\/\/contextoanalisisperiodistico.com\/index.php\/author\/director\/"},"category_info":"<a href=\"https:\/\/contextoanalisisperiodistico.com\/index.php\/category\/cultura\/\" rel=\"category tag\">Cultura<\/a>","tag_info":"Cultura","comment_count":"0","jetpack_featured_media_url":"https:\/\/contextoanalisisperiodistico.com\/wp-content\/uploads\/2025\/03\/IMG-20250325-WA0024.jpg","_links":{"self":[{"href":"https:\/\/contextoanalisisperiodistico.com\/index.php\/wp-json\/wp\/v2\/posts\/38981"}],"collection":[{"href":"https:\/\/contextoanalisisperiodistico.com\/index.php\/wp-json\/wp\/v2\/posts"}],"about":[{"href":"https:\/\/contextoanalisisperiodistico.com\/index.php\/wp-json\/wp\/v2\/types\/post"}],"author":[{"embeddable":true,"href":"https:\/\/contextoanalisisperiodistico.com\/index.php\/wp-json\/wp\/v2\/users\/4"}],"replies":[{"embeddable":true,"href":"https:\/\/contextoanalisisperiodistico.com\/index.php\/wp-json\/wp\/v2\/comments?post=38981"}],"version-history":[{"count":1,"href":"https:\/\/contextoanalisisperiodistico.com\/index.php\/wp-json\/wp\/v2\/posts\/38981\/revisions"}],"predecessor-version":[{"id":38985,"href":"https:\/\/contextoanalisisperiodistico.com\/index.php\/wp-json\/wp\/v2\/posts\/38981\/revisions\/38985"}],"wp:featuredmedia":[{"embeddable":true,"href":"https:\/\/contextoanalisisperiodistico.com\/index.php\/wp-json\/wp\/v2\/media\/38982"}],"wp:attachment":[{"href":"https:\/\/contextoanalisisperiodistico.com\/index.php\/wp-json\/wp\/v2\/media?parent=38981"}],"wp:term":[{"taxonomy":"category","embeddable":true,"href":"https:\/\/contextoanalisisperiodistico.com\/index.php\/wp-json\/wp\/v2\/categories?post=38981"},{"taxonomy":"post_tag","embeddable":true,"href":"https:\/\/contextoanalisisperiodistico.com\/index.php\/wp-json\/wp\/v2\/tags?post=38981"}],"curies":[{"name":"wp","href":"https:\/\/api.w.org\/{rel}","templated":true}]}}