{"id":38979,"date":"2025-03-25T17:36:15","date_gmt":"2025-03-25T23:36:15","guid":{"rendered":"https:\/\/contextoanalisisperiodistico.com\/index.php\/2025\/03\/25\/feria-del-empleo-en-oaxaca-de-juarez-busca-oportunidades-labores-para-vecinas-y-vecinos-2\/"},"modified":"2025-03-25T17:36:43","modified_gmt":"2025-03-25T23:36:43","slug":"feria-del-empleo-en-oaxaca-de-juarez-busca-oportunidades-labores-para-vecinas-y-vecinos-2","status":"publish","type":"post","link":"https:\/\/contextoanalisisperiodistico.com\/index.php\/2025\/03\/25\/feria-del-empleo-en-oaxaca-de-juarez-busca-oportunidades-labores-para-vecinas-y-vecinos-2\/","title":{"rendered":"Feria del Empleo en Oaxaca de Ju\u00e1rez busca oportunidades labores para vecinas y vecinos"},"content":{"rendered":"<div id=\"fb-root\"><\/div>\n\n<ul class=\"wp-block-list\">\n<li>El trabajo conjunto de todos los sectores es clave para avanzar hacia un futuro pr\u00f3spero, destac\u00f3 el presidente municipal Ray Chagoya.<\/li>\n<\/ul>\n\n\n\n<figure class=\"wp-block-image size-large\"><img fetchpriority=\"high\" decoding=\"async\" width=\"1024\" height=\"684\" src=\"https:\/\/contextoanalisisperiodistico.com\/wp-content\/uploads\/2025\/03\/img-20250325-wa01176308722260558851528-1024x684.jpg\" alt=\"\" class=\"wp-image-38976\" srcset=\"https:\/\/contextoanalisisperiodistico.com\/wp-content\/uploads\/2025\/03\/img-20250325-wa01176308722260558851528-1024x684.jpg 1024w, https:\/\/contextoanalisisperiodistico.com\/wp-content\/uploads\/2025\/03\/img-20250325-wa01176308722260558851528-300x200.jpg 300w, https:\/\/contextoanalisisperiodistico.com\/wp-content\/uploads\/2025\/03\/img-20250325-wa01176308722260558851528-768x513.jpg 768w, https:\/\/contextoanalisisperiodistico.com\/wp-content\/uploads\/2025\/03\/img-20250325-wa01176308722260558851528-1536x1027.jpg 1536w, https:\/\/contextoanalisisperiodistico.com\/wp-content\/uploads\/2025\/03\/img-20250325-wa01176308722260558851528.jpg 1616w\" sizes=\"(max-width: 1024px) 100vw, 1024px\" \/><\/figure>\n\n\n\n<figure class=\"wp-block-image\"><img decoding=\"async\" width=\"1024\" height=\"684\" src=\"https:\/\/contextoanalisisperiodistico.com\/wp-content\/uploads\/2025\/03\/img-20250325-wa01182483718674990690475-1024x684.jpg\" alt=\"\" class=\"wp-image-38974\" srcset=\"https:\/\/contextoanalisisperiodistico.com\/wp-content\/uploads\/2025\/03\/img-20250325-wa01182483718674990690475-1024x684.jpg 1024w, https:\/\/contextoanalisisperiodistico.com\/wp-content\/uploads\/2025\/03\/img-20250325-wa01182483718674990690475-300x200.jpg 300w, https:\/\/contextoanalisisperiodistico.com\/wp-content\/uploads\/2025\/03\/img-20250325-wa01182483718674990690475-768x513.jpg 768w, https:\/\/contextoanalisisperiodistico.com\/wp-content\/uploads\/2025\/03\/img-20250325-wa01182483718674990690475-1536x1027.jpg 1536w, https:\/\/contextoanalisisperiodistico.com\/wp-content\/uploads\/2025\/03\/img-20250325-wa01182483718674990690475.jpg 1616w\" sizes=\"(max-width: 1024px) 100vw, 1024px\" \/><\/figure>\n\n\n\n<figure class=\"wp-block-image\"><img decoding=\"async\" width=\"1024\" height=\"771\" src=\"https:\/\/contextoanalisisperiodistico.com\/wp-content\/uploads\/2025\/03\/img202503251039225922496072993036897-1024x771.jpg\" alt=\"\" class=\"wp-image-38977\" srcset=\"https:\/\/contextoanalisisperiodistico.com\/wp-content\/uploads\/2025\/03\/img202503251039225922496072993036897-1024x771.jpg 1024w, https:\/\/contextoanalisisperiodistico.com\/wp-content\/uploads\/2025\/03\/img202503251039225922496072993036897-300x226.jpg 300w, https:\/\/contextoanalisisperiodistico.com\/wp-content\/uploads\/2025\/03\/img202503251039225922496072993036897-768x578.jpg 768w, https:\/\/contextoanalisisperiodistico.com\/wp-content\/uploads\/2025\/03\/img202503251039225922496072993036897-1536x1157.jpg 1536w, https:\/\/contextoanalisisperiodistico.com\/wp-content\/uploads\/2025\/03\/img202503251039225922496072993036897.jpg 2000w\" sizes=\"(max-width: 1024px) 100vw, 1024px\" \/><\/figure>\n\n\n\n<figure class=\"wp-block-image\"><img loading=\"lazy\" decoding=\"async\" width=\"771\" height=\"1024\" src=\"https:\/\/contextoanalisisperiodistico.com\/wp-content\/uploads\/2025\/03\/img202503251038517628925678149268337-771x1024.jpg\" alt=\"\" class=\"wp-image-38975\" srcset=\"https:\/\/contextoanalisisperiodistico.com\/wp-content\/uploads\/2025\/03\/img202503251038517628925678149268337-771x1024.jpg 771w, https:\/\/contextoanalisisperiodistico.com\/wp-content\/uploads\/2025\/03\/img202503251038517628925678149268337-226x300.jpg 226w, https:\/\/contextoanalisisperiodistico.com\/wp-content\/uploads\/2025\/03\/img202503251038517628925678149268337-768x1020.jpg 768w, https:\/\/contextoanalisisperiodistico.com\/wp-content\/uploads\/2025\/03\/img202503251038517628925678149268337-1157x1536.jpg 1157w, https:\/\/contextoanalisisperiodistico.com\/wp-content\/uploads\/2025\/03\/img202503251038517628925678149268337-1024x1360.jpg 1024w, https:\/\/contextoanalisisperiodistico.com\/wp-content\/uploads\/2025\/03\/img202503251038517628925678149268337.jpg 1506w\" sizes=\"(max-width: 771px) 100vw, 771px\" \/><\/figure>\n\n\n\n<figure class=\"wp-block-image\"><img loading=\"lazy\" decoding=\"async\" width=\"771\" height=\"1024\" src=\"https:\/\/contextoanalisisperiodistico.com\/wp-content\/uploads\/2025\/03\/img202503251039273376994589705644413-771x1024.jpg\" alt=\"\" class=\"wp-image-38978\" srcset=\"https:\/\/contextoanalisisperiodistico.com\/wp-content\/uploads\/2025\/03\/img202503251039273376994589705644413-771x1024.jpg 771w, https:\/\/contextoanalisisperiodistico.com\/wp-content\/uploads\/2025\/03\/img202503251039273376994589705644413-226x300.jpg 226w, https:\/\/contextoanalisisperiodistico.com\/wp-content\/uploads\/2025\/03\/img202503251039273376994589705644413-768x1020.jpg 768w, https:\/\/contextoanalisisperiodistico.com\/wp-content\/uploads\/2025\/03\/img202503251039273376994589705644413-1157x1536.jpg 1157w, https:\/\/contextoanalisisperiodistico.com\/wp-content\/uploads\/2025\/03\/img202503251039273376994589705644413-1024x1360.jpg 1024w, https:\/\/contextoanalisisperiodistico.com\/wp-content\/uploads\/2025\/03\/img202503251039273376994589705644413.jpg 1506w\" sizes=\"(max-width: 771px) 100vw, 771px\" \/><\/figure>\n\n\n\n<p>Oaxaca de Ju\u00e1rez, Oax. 25 de marzo de 2025.- En el Palacio Municipal de Oaxaca de Ju\u00e1rez, se llev\u00f3 a cabo con \u00e9xito la Feria del Empleo, un evento organizado para proporcionar diversas opciones laborales a los habitantes del municipio.<\/p>\n\n\n\n<p>En la actividad, participaron tanto instancias gubernamentales como empresas de la iniciativa privada, con el objetivo de reducir la falta de empleos y generar oportunidades de desarrollo econ\u00f3mico para la ciudadan\u00eda.<\/p>\n\n\n\n<p>El presidente municipal, Ray Chagoya, destac\u00f3 en su intervenci\u00f3n que la mejor respuesta a la problem\u00e1tica de empleo es \u00absumar esfuerzos de todos los sectores\u00bb, se\u00f1alando que la colaboraci\u00f3n entre los distintos actores sociales y econ\u00f3micos es fundamental para avanzar hacia un futuro de prosperidad.<\/p>\n\n\n\n<p>Durante el evento, se ofrecieron vacantes en diversas \u00e1reas profesionales, incluyendo puestos para contadores, dise\u00f1adores, meseros, cocineros y abogados, entre otros. Un total de 30 empresas participaron, brindando una amplia gama de opciones a los asistentes que buscan mejorar sus condiciones laborales y personales.<\/p>\n\n\n\n<p>Ray Chagoya enfatiz\u00f3 que cuando un vecino o vecina consigue empleo, no solo fortalece a su familia, sino tambi\u00e9n a toda la ciudad. Por ello, afirm\u00f3 que actividades como la Feria del Empleo son fundamentales para continuar con el desarrollo econ\u00f3mico de Oaxaca de Ju\u00e1rez, asegurando que el trabajo es una herramienta clave para mejorar la calidad de vida de los oaxaque\u00f1os.<\/p>\n\n\n\n<p>En esta feria sumaron esfuerzos la Coordinaci\u00f3n del Servicio Nacional de Empleo del Gobierno del Estado de Oaxaca, la Secretar\u00eda de Trabajo y Previsi\u00f3n Social y la Secretar\u00eda de Prosperidad Econ\u00f3mica Vecinal.<\/p>\n","protected":false},"excerpt":{"rendered":"<p>Oaxaca de Ju\u00e1rez, Oax. 25 de marzo de 2025.- En el Palacio Municipal de Oaxaca&#8230;<\/p>\n","protected":false},"author":4,"featured_media":38973,"comment_status":"closed","ping_status":"open","sticky":false,"template":"","format":"standard","meta":{"footnotes":""},"categories":[9],"tags":[178,235,234,45],"jetpack_sharing_enabled":true,"featured_image_urls":{"full":["https:\/\/contextoanalisisperiodistico.com\/wp-content\/uploads\/2025\/03\/IMG-20250325-WA0116.jpg",1616,1080,false],"thumbnail":["https:\/\/contextoanalisisperiodistico.com\/wp-content\/uploads\/2025\/03\/IMG-20250325-WA0116-150x150.jpg",150,150,true],"medium":["https:\/\/contextoanalisisperiodistico.com\/wp-content\/uploads\/2025\/03\/IMG-20250325-WA0116-300x200.jpg",300,200,true],"medium_large":["https:\/\/contextoanalisisperiodistico.com\/wp-content\/uploads\/2025\/03\/IMG-20250325-WA0116-768x513.jpg",640,428,true],"large":["https:\/\/contextoanalisisperiodistico.com\/wp-content\/uploads\/2025\/03\/IMG-20250325-WA0116-1024x684.jpg",640,428,true],"1536x1536":["https:\/\/contextoanalisisperiodistico.com\/wp-content\/uploads\/2025\/03\/IMG-20250325-WA0116-1536x1027.jpg",1536,1027,true],"2048x2048":["https:\/\/contextoanalisisperiodistico.com\/wp-content\/uploads\/2025\/03\/IMG-20250325-WA0116.jpg",1616,1080,false],"covernews-slider-full":["https:\/\/contextoanalisisperiodistico.com\/wp-content\/uploads\/2025\/03\/IMG-20250325-WA0116-1115x715.jpg",1115,715,true],"covernews-slider-center":["https:\/\/contextoanalisisperiodistico.com\/wp-content\/uploads\/2025\/03\/IMG-20250325-WA0116-800x500.jpg",800,500,true],"covernews-featured":["https:\/\/contextoanalisisperiodistico.com\/wp-content\/uploads\/2025\/03\/IMG-20250325-WA0116-1024x684.jpg",1024,684,true],"covernews-medium":["https:\/\/contextoanalisisperiodistico.com\/wp-content\/uploads\/2025\/03\/IMG-20250325-WA0116-540x340.jpg",540,340,true],"covernews-medium-square":["https:\/\/contextoanalisisperiodistico.com\/wp-content\/uploads\/2025\/03\/IMG-20250325-WA0116-400x250.jpg",400,250,true]},"author_info":{"display_name":"Mario Gir\u00f3n","author_link":"https:\/\/contextoanalisisperiodistico.com\/index.php\/author\/director\/"},"category_info":"<a href=\"https:\/\/contextoanalisisperiodistico.com\/index.php\/category\/politica\/\" rel=\"category tag\">Pol\u00edtica<\/a>","tag_info":"Pol\u00edtica","comment_count":"0","jetpack_featured_media_url":"https:\/\/contextoanalisisperiodistico.com\/wp-content\/uploads\/2025\/03\/IMG-20250325-WA0116.jpg","_links":{"self":[{"href":"https:\/\/contextoanalisisperiodistico.com\/index.php\/wp-json\/wp\/v2\/posts\/38979"}],"collection":[{"href":"https:\/\/contextoanalisisperiodistico.com\/index.php\/wp-json\/wp\/v2\/posts"}],"about":[{"href":"https:\/\/contextoanalisisperiodistico.com\/index.php\/wp-json\/wp\/v2\/types\/post"}],"author":[{"embeddable":true,"href":"https:\/\/contextoanalisisperiodistico.com\/index.php\/wp-json\/wp\/v2\/users\/4"}],"replies":[{"embeddable":true,"href":"https:\/\/contextoanalisisperiodistico.com\/index.php\/wp-json\/wp\/v2\/comments?post=38979"}],"version-history":[{"count":1,"href":"https:\/\/contextoanalisisperiodistico.com\/index.php\/wp-json\/wp\/v2\/posts\/38979\/revisions"}],"predecessor-version":[{"id":38980,"href":"https:\/\/contextoanalisisperiodistico.com\/index.php\/wp-json\/wp\/v2\/posts\/38979\/revisions\/38980"}],"wp:featuredmedia":[{"embeddable":true,"href":"https:\/\/contextoanalisisperiodistico.com\/index.php\/wp-json\/wp\/v2\/media\/38973"}],"wp:attachment":[{"href":"https:\/\/contextoanalisisperiodistico.com\/index.php\/wp-json\/wp\/v2\/media?parent=38979"}],"wp:term":[{"taxonomy":"category","embeddable":true,"href":"https:\/\/contextoanalisisperiodistico.com\/index.php\/wp-json\/wp\/v2\/categories?post=38979"},{"taxonomy":"post_tag","embeddable":true,"href":"https:\/\/contextoanalisisperiodistico.com\/index.php\/wp-json\/wp\/v2\/tags?post=38979"}],"curies":[{"name":"wp","href":"https:\/\/api.w.org\/{rel}","templated":true}]}}