{"id":38971,"date":"2025-03-25T17:30:55","date_gmt":"2025-03-25T23:30:55","guid":{"rendered":"https:\/\/contextoanalisisperiodistico.com\/index.php\/2025\/03\/25\/impulsa-gobierno-de-oaxaca-implementacion-de-sistema-estatal-de-cuidados\/"},"modified":"2025-03-25T17:30:55","modified_gmt":"2025-03-25T23:30:55","slug":"impulsa-gobierno-de-oaxaca-implementacion-de-sistema-estatal-de-cuidados","status":"publish","type":"post","link":"https:\/\/contextoanalisisperiodistico.com\/index.php\/2025\/03\/25\/impulsa-gobierno-de-oaxaca-implementacion-de-sistema-estatal-de-cuidados\/","title":{"rendered":"Impulsa Gobierno de Oaxaca implementaci\u00f3n de Sistema Estatal de Cuidados"},"content":{"rendered":"<div id=\"fb-root\"><\/div>\n\n<p>\u2022 El Mandatario estatal Salom\u00f3n Jara encabez\u00f3 la instalaci\u00f3n de la Comisi\u00f3n para la Implementaci\u00f3n y Seguimiento de este ente<\/p>\n\n\n\n<figure class=\"wp-block-image size-large\"><img fetchpriority=\"high\" decoding=\"async\" width=\"1024\" height=\"682\" src=\"https:\/\/contextoanalisisperiodistico.com\/wp-content\/uploads\/2025\/03\/img-20250325-wa01358416173871897084397-1024x682.jpg\" alt=\"\" class=\"wp-image-38970\" srcset=\"https:\/\/contextoanalisisperiodistico.com\/wp-content\/uploads\/2025\/03\/img-20250325-wa01358416173871897084397-1024x682.jpg 1024w, https:\/\/contextoanalisisperiodistico.com\/wp-content\/uploads\/2025\/03\/img-20250325-wa01358416173871897084397-300x200.jpg 300w, https:\/\/contextoanalisisperiodistico.com\/wp-content\/uploads\/2025\/03\/img-20250325-wa01358416173871897084397-768x512.jpg 768w, https:\/\/contextoanalisisperiodistico.com\/wp-content\/uploads\/2025\/03\/img-20250325-wa01358416173871897084397-1536x1023.jpg 1536w, https:\/\/contextoanalisisperiodistico.com\/wp-content\/uploads\/2025\/03\/img-20250325-wa01358416173871897084397.jpg 1600w\" sizes=\"(max-width: 1024px) 100vw, 1024px\" \/><\/figure>\n\n\n\n<p>\u2022 Durante la Primera Sesi\u00f3n Ordinaria del Sistema Estatal para la Igualdad entre Mujeres y Hombres tambi\u00e9n se dieron a conocer las acciones de la Comisi\u00f3n para la Eliminaci\u00f3n de Matrimonios Infantiles y Uniones Tempranas y Forzadas<\/p>\n\n\n\n<p>Oaxaca de Ju\u00e1rez, Oax. 25 de marzo de 2025.- El Gobernador Salom\u00f3n Jara Cruz encabez\u00f3 la instalaci\u00f3n de la Comisi\u00f3n para la Implementaci\u00f3n y Seguimiento del Sistema Estatal de Cuidados, con el que Oaxaca se ubica a la vanguardia en la creaci\u00f3n de pol\u00edticas p\u00fablicas que garantizan el ejercicio pleno de los derechos de ni\u00f1as, ni\u00f1os y adolescentes; para que vivan libres de violencia y discriminaci\u00f3n.<\/p>\n\n\n\n<p>En el marco del D\u00eda Naranja y de la Primera Sesi\u00f3n Ordinaria del Sistema Estatal para la Igualdad entre Mujeres y Hombres 2025, el Mandatario oaxaque\u00f1o destac\u00f3 que su administraci\u00f3n trabaja para saldar la deuda hist\u00f3rica que se tiene con los sectores vulnerables, especialmente con las ind\u00edgenas y afromexicanas.<\/p>\n\n\n\n<p>\u201cHemos colocado en el centro de las decisiones a las mujeres oaxaque\u00f1as que tanto han aportado a nuestra tierra. Nuestro objetivo es impulsar y consolidar acciones concretas para hacer de la igualdad sustantiva un pilar del desarrollo social y humano de la entidad\u201d, refiri\u00f3.<\/p>\n\n\n\n<p>Jara Cruz destac\u00f3 que en la Primavera Oaxaque\u00f1a se garantiza la vigencia plena de los derechos humanos, como una condici\u00f3n irrevocable para la seguridad, la justicia, el bienestar y la paz del estado.<\/p>\n\n\n\n<p>Entre las acciones a desarrollar se encuentran, implementar la perspectiva de g\u00e9nero en el \u00e1mbito educativo, pol\u00edticas p\u00fablicas que fomenten la igualdad salarial, erradicar la violencia hacia las mujeres y visibilizar los cuidados y el trabajo no remunerado, entre otras.<\/p>\n\n\n\n<p>En el encuentro al que asistieron representantes de dependencias estatales, organismos internacionales, de la sociedad civil, instancias municipales y de la academia; el Gobernador oaxaque\u00f1o convoc\u00f3 a trabajar de manera conjunta para que la entidad sea un ejemplo de igualdad, justicia y bienestar para las mujeres.<\/p>\n\n\n\n<p>En su oportunidad, la titular de la Secretar\u00eda de las Mujeres (SM), Anah\u00ed Sarmiento P\u00e9rez describi\u00f3 algunas tareas de la Comisi\u00f3n para la Implementaci\u00f3n y Seguimiento del Sistema Estatal de Cuidados, como son la de promover una Reforma Constitucional para incorporar el derecho al cuidado como un compromiso de Estado.<br \/>Adem\u00e1s, impulsar las leyes secundarias necesarias para garantizar la creaci\u00f3n de dicho sistema, ampliar el acceso a estos servicios para que sean adecuados, oportunos, de calidad y dise\u00f1ados con perspectiva de g\u00e9nero.<\/p>\n\n\n\n<p>Esta acci\u00f3n ubicar\u00eda a Oaxaca entre las primeras entidades a nivel nacional en consolidar trabajos en la materia. Asimismo, ser\u00eda pionera en la aprobaci\u00f3n de la Comisi\u00f3n en el Sistema Estatal para la Igualdad entre Mujeres y Hombres.<\/p>\n\n\n\n<p>En la Sesi\u00f3n Ordinaria se dieron a conocer tambi\u00e9n las estrategias y l\u00edneas de acci\u00f3n de la Comisi\u00f3n para la Eliminaci\u00f3n de Matrimonios Infantiles y Uniones Tempranas y Forzadas, \u00fanica en su tipo en el pa\u00eds, desde donde se atender\u00e1n los impactos de estas uniones en la salud y bienestar f\u00edsico de las ni\u00f1as; en educaci\u00f3n y econom\u00eda comunitaria, por lo que se propone trabajar articuladamente en la promoci\u00f3n y defensa de sus derechos humanos.<\/p>\n\n\n\n<p>Para ello se contar\u00e1 con la colaboraci\u00f3n de organizaciones locales e internacionales como The Hunger Project (THP) y el Fondo de Poblaci\u00f3n de las Naciones Unidas (UNFPA por sus siglas en ingl\u00e9s).<\/p>\n\n\n\n<p>-0-<\/p>\n","protected":false},"excerpt":{"rendered":"<p>\u2022 El Mandatario estatal Salom\u00f3n Jara encabez\u00f3 la instalaci\u00f3n de la Comisi\u00f3n para la Implementaci\u00f3n&#8230;<\/p>\n","protected":false},"author":4,"featured_media":38969,"comment_status":"","ping_status":"open","sticky":false,"template":"","format":"standard","meta":{"footnotes":""},"categories":[9],"tags":[],"jetpack_sharing_enabled":true,"featured_image_urls":{"full":["https:\/\/contextoanalisisperiodistico.com\/wp-content\/uploads\/2025\/03\/IMG-20250325-WA0134.jpg",1600,1066,false],"thumbnail":["https:\/\/contextoanalisisperiodistico.com\/wp-content\/uploads\/2025\/03\/IMG-20250325-WA0134-150x150.jpg",150,150,true],"medium":["https:\/\/contextoanalisisperiodistico.com\/wp-content\/uploads\/2025\/03\/IMG-20250325-WA0134-300x200.jpg",300,200,true],"medium_large":["https:\/\/contextoanalisisperiodistico.com\/wp-content\/uploads\/2025\/03\/IMG-20250325-WA0134-768x512.jpg",640,427,true],"large":["https:\/\/contextoanalisisperiodistico.com\/wp-content\/uploads\/2025\/03\/IMG-20250325-WA0134-1024x682.jpg",640,426,true],"1536x1536":["https:\/\/contextoanalisisperiodistico.com\/wp-content\/uploads\/2025\/03\/IMG-20250325-WA0134-1536x1023.jpg",1536,1023,true],"2048x2048":["https:\/\/contextoanalisisperiodistico.com\/wp-content\/uploads\/2025\/03\/IMG-20250325-WA0134.jpg",1600,1066,false],"covernews-slider-full":["https:\/\/contextoanalisisperiodistico.com\/wp-content\/uploads\/2025\/03\/IMG-20250325-WA0134-1115x715.jpg",1115,715,true],"covernews-slider-center":["https:\/\/contextoanalisisperiodistico.com\/wp-content\/uploads\/2025\/03\/IMG-20250325-WA0134-800x500.jpg",800,500,true],"covernews-featured":["https:\/\/contextoanalisisperiodistico.com\/wp-content\/uploads\/2025\/03\/IMG-20250325-WA0134-1024x682.jpg",1024,682,true],"covernews-medium":["https:\/\/contextoanalisisperiodistico.com\/wp-content\/uploads\/2025\/03\/IMG-20250325-WA0134-540x340.jpg",540,340,true],"covernews-medium-square":["https:\/\/contextoanalisisperiodistico.com\/wp-content\/uploads\/2025\/03\/IMG-20250325-WA0134-400x250.jpg",400,250,true]},"author_info":{"display_name":"Mario Gir\u00f3n","author_link":"https:\/\/contextoanalisisperiodistico.com\/index.php\/author\/director\/"},"category_info":"<a href=\"https:\/\/contextoanalisisperiodistico.com\/index.php\/category\/politica\/\" rel=\"category tag\">Pol\u00edtica<\/a>","tag_info":"Pol\u00edtica","comment_count":"0","jetpack_featured_media_url":"https:\/\/contextoanalisisperiodistico.com\/wp-content\/uploads\/2025\/03\/IMG-20250325-WA0134.jpg","_links":{"self":[{"href":"https:\/\/contextoanalisisperiodistico.com\/index.php\/wp-json\/wp\/v2\/posts\/38971"}],"collection":[{"href":"https:\/\/contextoanalisisperiodistico.com\/index.php\/wp-json\/wp\/v2\/posts"}],"about":[{"href":"https:\/\/contextoanalisisperiodistico.com\/index.php\/wp-json\/wp\/v2\/types\/post"}],"author":[{"embeddable":true,"href":"https:\/\/contextoanalisisperiodistico.com\/index.php\/wp-json\/wp\/v2\/users\/4"}],"replies":[{"embeddable":true,"href":"https:\/\/contextoanalisisperiodistico.com\/index.php\/wp-json\/wp\/v2\/comments?post=38971"}],"version-history":[{"count":0,"href":"https:\/\/contextoanalisisperiodistico.com\/index.php\/wp-json\/wp\/v2\/posts\/38971\/revisions"}],"wp:featuredmedia":[{"embeddable":true,"href":"https:\/\/contextoanalisisperiodistico.com\/index.php\/wp-json\/wp\/v2\/media\/38969"}],"wp:attachment":[{"href":"https:\/\/contextoanalisisperiodistico.com\/index.php\/wp-json\/wp\/v2\/media?parent=38971"}],"wp:term":[{"taxonomy":"category","embeddable":true,"href":"https:\/\/contextoanalisisperiodistico.com\/index.php\/wp-json\/wp\/v2\/categories?post=38971"},{"taxonomy":"post_tag","embeddable":true,"href":"https:\/\/contextoanalisisperiodistico.com\/index.php\/wp-json\/wp\/v2\/tags?post=38971"}],"curies":[{"name":"wp","href":"https:\/\/api.w.org\/{rel}","templated":true}]}}