{"id":38966,"date":"2025-03-25T15:24:30","date_gmt":"2025-03-25T21:24:30","guid":{"rendered":"https:\/\/contextoanalisisperiodistico.com\/index.php\/2025\/03\/25\/florece-infraestructura-hospitalaria-en-la-primavera-oaxaquena\/"},"modified":"2025-03-25T15:25:29","modified_gmt":"2025-03-25T21:25:29","slug":"florece-infraestructura-hospitalaria-en-la-primavera-oaxaquena","status":"publish","type":"post","link":"https:\/\/contextoanalisisperiodistico.com\/index.php\/2025\/03\/25\/florece-infraestructura-hospitalaria-en-la-primavera-oaxaquena\/","title":{"rendered":"Florece infraestructura hospitalaria en la Primavera Oaxaque\u00f1a"},"content":{"rendered":"<div id=\"fb-root\"><\/div>\n\n<p>\u2022 En lo que va de la actual administraci\u00f3n, se han puesto en marcha 13 unidades m\u00e9dicas; adem\u00e1s, siete est\u00e1n por inaugurarse<\/p>\n\n\n\n<p>Oaxaca de Ju\u00e1rez, Oax., 25 de marzo de 2025.- El secretario de Salud, Efr\u00e9n Emmanuel Jarqu\u00edn Gonz\u00e1lez afirm\u00f3 que las obras de infraestructura hospitalaria florecen en el estado con el Gobierno de la Primavera Oaxaque\u00f1a, toda vez que, a la fecha, se han inaugurado 13 unidades m\u00e9dicas.<\/p>\n\n\n\n<p>Al participar en la conferencia de prensa encabezada por el Mandatario estatal, Salom\u00f3n Jara Cruz; el funcionario enumer\u00f3 estos edificios, entre los que destaca el Hospital General de la Mujer y la Ni\u00f1ez Oaxaque\u00f1a, ubicado en la agencia Reyes Mantec\u00f3n, perteneciente a San Bartolo Coyotepec, con una poblaci\u00f3n objetivo de un mill\u00f3n 700 mil personas.<\/p>\n\n\n\n<p>Tambi\u00e9n, el Hospital B\u00e1sico Comunitario de Ixtl\u00e1n de Ju\u00e1rez, los centros de salud de un n\u00facleo b\u00e1sico de San Nicol\u00e1s Hidalgo y de Servicios Ampliados de Santiago Astata; de dos n\u00facleos b\u00e1sicos en Fort\u00edn el Alto, San Gabriel Mixtepec y Santiago Yosond\u00faa.<\/p>\n\n\n\n<p>As\u00ed como la puesta en marcha de los centros de salud urbano de tres n\u00facleos b\u00e1sicos de Villa de Zaachila; de cuatro n\u00facleos de San Bartolo Tuxtepec y la sustituci\u00f3n de la unidad m\u00e9dica de Ensenada la Ventosa.<\/p>\n\n\n\n<p>Aunado a la rehabilitaci\u00f3n de los centros de salud urbano de dos n\u00facleos b\u00e1sicos de Santiago Zacatepec; de cuatro n\u00facleos de Ocotl\u00e1n de Morenos y el Centro de Salud con Servicios Ampliados (CESSA) de San Lucas Ojitl\u00e1n.<\/p>\n\n\n\n<p>El titular de Servicios de Salud de Oaxaca (SSO) afirm\u00f3 que, aunado a las 13 unidades m\u00e9dicas inauguradas, siete m\u00e1s est\u00e1n en proceso de concluirse: los hospitales General de 90 camas de San Juan Bautista Tuxtepec y el B\u00e1sico Comunitario de Jalapa de D\u00edaz; as\u00ed como el CESSA de San Pablo Yaganiza.<\/p>\n\n\n\n<p>Adem\u00e1s de los centros de salud de un n\u00facleo b\u00e1sico de Santa Mar\u00eda Colotepec y colonia 25 de Mayo de Juchit\u00e1n de Zaragoza; el de cinco n\u00facleos de San Pablo Villa de Mitla y de dos n\u00facleos de Reyes Mantec\u00f3n.<\/p>\n\n\n\n<p>\u201cVamos en el camino correcto y estamos trabajando para resarcir el rezago en salud, nosotros tenemos el compromiso de mejorar y concluir las obras pendientes\u201d, concluy\u00f3 Jarqu\u00edn Gonz\u00e1lez.<\/p>\n\n\n\n<p>-0-<\/p>\n","protected":false},"excerpt":{"rendered":"<p>\u2022 En lo que va de la actual administraci\u00f3n, se han puesto en marcha 13&#8230;<\/p>\n","protected":false},"author":4,"featured_media":38965,"comment_status":"closed","ping_status":"open","sticky":false,"template":"","format":"standard","meta":{"footnotes":""},"categories":[9],"tags":[],"jetpack_sharing_enabled":true,"featured_image_urls":{"full":["https:\/\/contextoanalisisperiodistico.com\/wp-content\/uploads\/2025\/03\/IMG-20250325-WA0097.jpg",1280,853,false],"thumbnail":["https:\/\/contextoanalisisperiodistico.com\/wp-content\/uploads\/2025\/03\/IMG-20250325-WA0097-150x150.jpg",150,150,true],"medium":["https:\/\/contextoanalisisperiodistico.com\/wp-content\/uploads\/2025\/03\/IMG-20250325-WA0097-300x200.jpg",300,200,true],"medium_large":["https:\/\/contextoanalisisperiodistico.com\/wp-content\/uploads\/2025\/03\/IMG-20250325-WA0097-768x512.jpg",640,427,true],"large":["https:\/\/contextoanalisisperiodistico.com\/wp-content\/uploads\/2025\/03\/IMG-20250325-WA0097-1024x682.jpg",640,426,true],"1536x1536":["https:\/\/contextoanalisisperiodistico.com\/wp-content\/uploads\/2025\/03\/IMG-20250325-WA0097.jpg",1280,853,false],"2048x2048":["https:\/\/contextoanalisisperiodistico.com\/wp-content\/uploads\/2025\/03\/IMG-20250325-WA0097.jpg",1280,853,false],"covernews-slider-full":["https:\/\/contextoanalisisperiodistico.com\/wp-content\/uploads\/2025\/03\/IMG-20250325-WA0097-1115x715.jpg",1115,715,true],"covernews-slider-center":["https:\/\/contextoanalisisperiodistico.com\/wp-content\/uploads\/2025\/03\/IMG-20250325-WA0097-800x500.jpg",800,500,true],"covernews-featured":["https:\/\/contextoanalisisperiodistico.com\/wp-content\/uploads\/2025\/03\/IMG-20250325-WA0097-1024x682.jpg",1024,682,true],"covernews-medium":["https:\/\/contextoanalisisperiodistico.com\/wp-content\/uploads\/2025\/03\/IMG-20250325-WA0097-540x340.jpg",540,340,true],"covernews-medium-square":["https:\/\/contextoanalisisperiodistico.com\/wp-content\/uploads\/2025\/03\/IMG-20250325-WA0097-400x250.jpg",400,250,true]},"author_info":{"display_name":"Mario Gir\u00f3n","author_link":"https:\/\/contextoanalisisperiodistico.com\/index.php\/author\/director\/"},"category_info":"<a href=\"https:\/\/contextoanalisisperiodistico.com\/index.php\/category\/politica\/\" rel=\"category tag\">Pol\u00edtica<\/a>","tag_info":"Pol\u00edtica","comment_count":"0","jetpack_featured_media_url":"https:\/\/contextoanalisisperiodistico.com\/wp-content\/uploads\/2025\/03\/IMG-20250325-WA0097.jpg","_links":{"self":[{"href":"https:\/\/contextoanalisisperiodistico.com\/index.php\/wp-json\/wp\/v2\/posts\/38966"}],"collection":[{"href":"https:\/\/contextoanalisisperiodistico.com\/index.php\/wp-json\/wp\/v2\/posts"}],"about":[{"href":"https:\/\/contextoanalisisperiodistico.com\/index.php\/wp-json\/wp\/v2\/types\/post"}],"author":[{"embeddable":true,"href":"https:\/\/contextoanalisisperiodistico.com\/index.php\/wp-json\/wp\/v2\/users\/4"}],"replies":[{"embeddable":true,"href":"https:\/\/contextoanalisisperiodistico.com\/index.php\/wp-json\/wp\/v2\/comments?post=38966"}],"version-history":[{"count":1,"href":"https:\/\/contextoanalisisperiodistico.com\/index.php\/wp-json\/wp\/v2\/posts\/38966\/revisions"}],"predecessor-version":[{"id":38967,"href":"https:\/\/contextoanalisisperiodistico.com\/index.php\/wp-json\/wp\/v2\/posts\/38966\/revisions\/38967"}],"wp:featuredmedia":[{"embeddable":true,"href":"https:\/\/contextoanalisisperiodistico.com\/index.php\/wp-json\/wp\/v2\/media\/38965"}],"wp:attachment":[{"href":"https:\/\/contextoanalisisperiodistico.com\/index.php\/wp-json\/wp\/v2\/media?parent=38966"}],"wp:term":[{"taxonomy":"category","embeddable":true,"href":"https:\/\/contextoanalisisperiodistico.com\/index.php\/wp-json\/wp\/v2\/categories?post=38966"},{"taxonomy":"post_tag","embeddable":true,"href":"https:\/\/contextoanalisisperiodistico.com\/index.php\/wp-json\/wp\/v2\/tags?post=38966"}],"curies":[{"name":"wp","href":"https:\/\/api.w.org\/{rel}","templated":true}]}}