{"id":38964,"date":"2025-03-25T15:20:19","date_gmt":"2025-03-25T21:20:19","guid":{"rendered":"https:\/\/contextoanalisisperiodistico.com\/index.php\/2025\/03\/25\/informa-ray-chagoya-acciones-impulsadas-en-su-administracion-en-la-ultima-semana\/"},"modified":"2025-03-25T15:20:19","modified_gmt":"2025-03-25T21:20:19","slug":"informa-ray-chagoya-acciones-impulsadas-en-su-administracion-en-la-ultima-semana","status":"publish","type":"post","link":"https:\/\/contextoanalisisperiodistico.com\/index.php\/2025\/03\/25\/informa-ray-chagoya-acciones-impulsadas-en-su-administracion-en-la-ultima-semana\/","title":{"rendered":"Informa Ray Chagoya acciones impulsadas en su administraci\u00f3n en la \u00faltima semana"},"content":{"rendered":"<div id=\"fb-root\"><\/div>\n\n<p>\u2022 Destaca esfuerzos en seguridad, instalaci\u00f3n de hidrantes y el programa \u00abAgua para Todos\u00bb<\/p>\n\n\n\n<figure class=\"wp-block-image size-large\"><img fetchpriority=\"high\" decoding=\"async\" width=\"1024\" height=\"825\" src=\"https:\/\/contextoanalisisperiodistico.com\/wp-content\/uploads\/2025\/03\/img-20250325-wa00994665839565432071715-1024x825.jpg\" alt=\"\" class=\"wp-image-38963\" srcset=\"https:\/\/contextoanalisisperiodistico.com\/wp-content\/uploads\/2025\/03\/img-20250325-wa00994665839565432071715-1024x825.jpg 1024w, https:\/\/contextoanalisisperiodistico.com\/wp-content\/uploads\/2025\/03\/img-20250325-wa00994665839565432071715-300x242.jpg 300w, https:\/\/contextoanalisisperiodistico.com\/wp-content\/uploads\/2025\/03\/img-20250325-wa00994665839565432071715-768x619.jpg 768w, https:\/\/contextoanalisisperiodistico.com\/wp-content\/uploads\/2025\/03\/img-20250325-wa00994665839565432071715.jpg 1221w\" sizes=\"(max-width: 1024px) 100vw, 1024px\" \/><\/figure>\n\n\n\n<p>Oaxaca de Ju\u00e1rez, Oax. 25 de marzo de 2025.- En conferencia de prensa, el Presidente Municipal de Oaxaca de Ju\u00e1rez, Ray Chagoya, present\u00f3 un informe sobre los avances en diversos temas que impactan en el bienestar de vecinas y vecinos, destacando los esfuerzos en seguridad e infraestructura h\u00eddrica.<\/p>\n\n\n\n<p>En materia de seguridad, se inform\u00f3 que la Polic\u00eda Municipal logr\u00f3 la detenci\u00f3n inmediata de un individuo, quien ingres\u00f3 a los sanitarios de un laboratorio, portando un arma blanca, hechos ocurridos esta ma\u00f1ana en la calle de Trujano.<\/p>\n\n\n\n<p>Gracias a la r\u00e1pida intervenci\u00f3n de las autoridades y a la colaboraci\u00f3n vecinal, la situaci\u00f3n fue controlada sin mayores consecuencias, y el detenido fue puesto a disposici\u00f3n de la autoridad correspondiente.<\/p>\n\n\n\n<p>El Presidente Municipal tambi\u00e9n destac\u00f3 los avances en el programa \u00abAgua para Todos\u00bb, impulsado en coordinaci\u00f3n con el Gobierno del Estado de Oaxaca, con el objetivo de garantizar el acceso al vital l\u00edquido ante la pr\u00f3xima temporada de estiaje.<\/p>\n\n\n\n<p>En este sentido, se inform\u00f3 que ya se han instalado 19 de los 36 hidrantes previstos para la ciudad, con \u00e9nfasis en zonas de alta necesidad como Montoya, San Mart\u00edn Mexicapam, Pueblo Nuevo, y Santa Rosa Panzacola, entre otras.<\/p>\n\n\n\n<p>Adem\u00e1s, en la colonia Los \u00c1ngeles se entregaron 250 herramientas de captaci\u00f3n de agua, y se tiene como meta entregar el total de estas a lo largo de la semana.<\/p>\n\n\n\n<p>Otro de los puntos abordados fue la mejora en la movilidad y seguridad en la zona de la Central de Abasto, con el objetivo de optimizar los tiempos de viaje y garantizar mayor seguridad a los usuarios del transporte p\u00fablico.<\/p>\n\n\n\n<p>En este sentido, el Municipio de Oaxaca de Ju\u00e1rez solicitar\u00e1 al Gobierno del Estado para la implementaci\u00f3n de medidas que fomenten el uso del transporte p\u00fablico y mejoren la infraestructura vial de la ciudad, retirando las paradas del llamado Binni Bus, ello ante las demandas de vecinas y vecinos.<\/p>\n\n\n\n<p>Finalmente, el Presidente Chagoya aclar\u00f3 nuevamente sobre el cobro de fotograf\u00edas en el Centro Hist\u00f3rico, reafirmando que en Oaxaca de Ju\u00e1rez no se realiza, ni se permitir\u00e1, ning\u00fan tipo de cobro por tomar fotos o videos en el espacio p\u00fablico.<\/p>\n\n\n\n<p>En respuesta a la desinformaci\u00f3n reciente, se abri\u00f3 un espacio de di\u00e1logo con fot\u00f3grafos profesionales y ciudadanos, donde se aclararon dudas y se reafirm\u00f3 el compromiso de la administraci\u00f3n municipal con la transparencia y el orden.<\/p>\n","protected":false},"excerpt":{"rendered":"<p>\u2022 Destaca esfuerzos en seguridad, instalaci\u00f3n de hidrantes y el programa \u00abAgua para Todos\u00bb Oaxaca&#8230;<\/p>\n","protected":false},"author":4,"featured_media":38962,"comment_status":"","ping_status":"open","sticky":false,"template":"","format":"standard","meta":{"footnotes":""},"categories":[9],"tags":[178,235,234,45],"jetpack_sharing_enabled":true,"featured_image_urls":{"full":["https:\/\/contextoanalisisperiodistico.com\/wp-content\/uploads\/2025\/03\/IMG-20250325-WA0101.jpg",1600,1126,false],"thumbnail":["https:\/\/contextoanalisisperiodistico.com\/wp-content\/uploads\/2025\/03\/IMG-20250325-WA0101-150x150.jpg",150,150,true],"medium":["https:\/\/contextoanalisisperiodistico.com\/wp-content\/uploads\/2025\/03\/IMG-20250325-WA0101-300x211.jpg",300,211,true],"medium_large":["https:\/\/contextoanalisisperiodistico.com\/wp-content\/uploads\/2025\/03\/IMG-20250325-WA0101-768x540.jpg",640,450,true],"large":["https:\/\/contextoanalisisperiodistico.com\/wp-content\/uploads\/2025\/03\/IMG-20250325-WA0101-1024x721.jpg",640,451,true],"1536x1536":["https:\/\/contextoanalisisperiodistico.com\/wp-content\/uploads\/2025\/03\/IMG-20250325-WA0101-1536x1081.jpg",1536,1081,true],"2048x2048":["https:\/\/contextoanalisisperiodistico.com\/wp-content\/uploads\/2025\/03\/IMG-20250325-WA0101.jpg",1600,1126,false],"covernews-slider-full":["https:\/\/contextoanalisisperiodistico.com\/wp-content\/uploads\/2025\/03\/IMG-20250325-WA0101-1115x715.jpg",1115,715,true],"covernews-slider-center":["https:\/\/contextoanalisisperiodistico.com\/wp-content\/uploads\/2025\/03\/IMG-20250325-WA0101-800x500.jpg",800,500,true],"covernews-featured":["https:\/\/contextoanalisisperiodistico.com\/wp-content\/uploads\/2025\/03\/IMG-20250325-WA0101-1024x721.jpg",1024,721,true],"covernews-medium":["https:\/\/contextoanalisisperiodistico.com\/wp-content\/uploads\/2025\/03\/IMG-20250325-WA0101-540x340.jpg",540,340,true],"covernews-medium-square":["https:\/\/contextoanalisisperiodistico.com\/wp-content\/uploads\/2025\/03\/IMG-20250325-WA0101-400x250.jpg",400,250,true]},"author_info":{"display_name":"Mario Gir\u00f3n","author_link":"https:\/\/contextoanalisisperiodistico.com\/index.php\/author\/director\/"},"category_info":"<a href=\"https:\/\/contextoanalisisperiodistico.com\/index.php\/category\/politica\/\" rel=\"category tag\">Pol\u00edtica<\/a>","tag_info":"Pol\u00edtica","comment_count":"0","jetpack_featured_media_url":"https:\/\/contextoanalisisperiodistico.com\/wp-content\/uploads\/2025\/03\/IMG-20250325-WA0101.jpg","_links":{"self":[{"href":"https:\/\/contextoanalisisperiodistico.com\/index.php\/wp-json\/wp\/v2\/posts\/38964"}],"collection":[{"href":"https:\/\/contextoanalisisperiodistico.com\/index.php\/wp-json\/wp\/v2\/posts"}],"about":[{"href":"https:\/\/contextoanalisisperiodistico.com\/index.php\/wp-json\/wp\/v2\/types\/post"}],"author":[{"embeddable":true,"href":"https:\/\/contextoanalisisperiodistico.com\/index.php\/wp-json\/wp\/v2\/users\/4"}],"replies":[{"embeddable":true,"href":"https:\/\/contextoanalisisperiodistico.com\/index.php\/wp-json\/wp\/v2\/comments?post=38964"}],"version-history":[{"count":0,"href":"https:\/\/contextoanalisisperiodistico.com\/index.php\/wp-json\/wp\/v2\/posts\/38964\/revisions"}],"wp:featuredmedia":[{"embeddable":true,"href":"https:\/\/contextoanalisisperiodistico.com\/index.php\/wp-json\/wp\/v2\/media\/38962"}],"wp:attachment":[{"href":"https:\/\/contextoanalisisperiodistico.com\/index.php\/wp-json\/wp\/v2\/media?parent=38964"}],"wp:term":[{"taxonomy":"category","embeddable":true,"href":"https:\/\/contextoanalisisperiodistico.com\/index.php\/wp-json\/wp\/v2\/categories?post=38964"},{"taxonomy":"post_tag","embeddable":true,"href":"https:\/\/contextoanalisisperiodistico.com\/index.php\/wp-json\/wp\/v2\/tags?post=38964"}],"curies":[{"name":"wp","href":"https:\/\/api.w.org\/{rel}","templated":true}]}}