{"id":38953,"date":"2025-03-25T12:10:31","date_gmt":"2025-03-25T18:10:31","guid":{"rendered":"https:\/\/contextoanalisisperiodistico.com\/index.php\/2025\/03\/25\/cabildo-de-oaxaca-de-juarez-aprueba-puntos-de-acuerdo-en-beneficio-de-vecinas-y-vecinos\/"},"modified":"2025-03-25T12:10:31","modified_gmt":"2025-03-25T18:10:31","slug":"cabildo-de-oaxaca-de-juarez-aprueba-puntos-de-acuerdo-en-beneficio-de-vecinas-y-vecinos","status":"publish","type":"post","link":"https:\/\/contextoanalisisperiodistico.com\/index.php\/2025\/03\/25\/cabildo-de-oaxaca-de-juarez-aprueba-puntos-de-acuerdo-en-beneficio-de-vecinas-y-vecinos\/","title":{"rendered":"Cabildo de Oaxaca de Ju\u00e1rez aprueba puntos de acuerdo en beneficio de vecinas y vecinos"},"content":{"rendered":"<div id=\"fb-root\"><\/div>\n\n<p>\u2022 Presidida por Ray Chagoya, se aprueban iniciativas para erradicar el trabajo infantil, fortalecer el deporte y reconocer a defensores de los derechos migrantes<\/p>\n\n\n\n<figure class=\"wp-block-image size-large\"><img fetchpriority=\"high\" decoding=\"async\" width=\"1024\" height=\"684\" src=\"https:\/\/contextoanalisisperiodistico.com\/wp-content\/uploads\/2025\/03\/img-20250325-wa00433279206135667661898-1024x684.jpg\" alt=\"\" class=\"wp-image-38951\" srcset=\"https:\/\/contextoanalisisperiodistico.com\/wp-content\/uploads\/2025\/03\/img-20250325-wa00433279206135667661898-1024x684.jpg 1024w, https:\/\/contextoanalisisperiodistico.com\/wp-content\/uploads\/2025\/03\/img-20250325-wa00433279206135667661898-300x200.jpg 300w, https:\/\/contextoanalisisperiodistico.com\/wp-content\/uploads\/2025\/03\/img-20250325-wa00433279206135667661898-768x513.jpg 768w, https:\/\/contextoanalisisperiodistico.com\/wp-content\/uploads\/2025\/03\/img-20250325-wa00433279206135667661898-1536x1027.jpg 1536w, https:\/\/contextoanalisisperiodistico.com\/wp-content\/uploads\/2025\/03\/img-20250325-wa00433279206135667661898.jpg 1616w\" sizes=\"(max-width: 1024px) 100vw, 1024px\" \/><\/figure>\n\n\n\n<figure class=\"wp-block-image\"><img decoding=\"async\" width=\"1024\" height=\"684\" src=\"https:\/\/contextoanalisisperiodistico.com\/wp-content\/uploads\/2025\/03\/img-20250325-wa00456380423574869450433-1024x684.jpg\" alt=\"\" class=\"wp-image-38952\" srcset=\"https:\/\/contextoanalisisperiodistico.com\/wp-content\/uploads\/2025\/03\/img-20250325-wa00456380423574869450433-1024x684.jpg 1024w, https:\/\/contextoanalisisperiodistico.com\/wp-content\/uploads\/2025\/03\/img-20250325-wa00456380423574869450433-300x200.jpg 300w, https:\/\/contextoanalisisperiodistico.com\/wp-content\/uploads\/2025\/03\/img-20250325-wa00456380423574869450433-768x513.jpg 768w, https:\/\/contextoanalisisperiodistico.com\/wp-content\/uploads\/2025\/03\/img-20250325-wa00456380423574869450433-1536x1027.jpg 1536w, https:\/\/contextoanalisisperiodistico.com\/wp-content\/uploads\/2025\/03\/img-20250325-wa00456380423574869450433.jpg 1616w\" sizes=\"(max-width: 1024px) 100vw, 1024px\" \/><\/figure>\n\n\n\n<p>Oaxaca de Ju\u00e1rez, Oax. 25 de marzo de 2025.- En la Sesi\u00f3n de Cabildo de este martes, presidida por Ray Chagoya, se aprob\u00f3 la aprobaci\u00f3n de la creaci\u00f3n e integraci\u00f3n de la Comisi\u00f3n Interinstitucional del Municipio de Oaxaca de Ju\u00e1rez para Erradicar el Trabajo Infantil (CITI), una medida que busca la colaboraci\u00f3n de diversas entidades para prevenir y erradicar este grave problema social.<\/p>\n\n\n\n<p>Adem\u00e1s, se aprob\u00f3 la integraci\u00f3n del Consejo Directivo del Instituto Municipal del Deporte, con el objetivo de impulsar el deporte en el municipio y fomentar una cultura de bienestar f\u00edsico entre las y los oaxaque\u00f1os. Esta acci\u00f3n reafirma el compromiso del Gobierno Municipal con el desarrollo integral de las vecinas y vecinos.<\/p>\n\n\n\n<p>En la misma sesi\u00f3n, se aprob\u00f3 la entrega de las Llaves de la Ciudad al doctor honoris causa Jaime Lucero y al diputado migrante Zeferino Garc\u00eda Jer\u00f3nimo, dos personas que han trabajado incansablemente por la defensa y los derechos de los migrantes, un fen\u00f3meno que afecta a miles de familias en la ciudad. El reconocimiento destaca su dedicaci\u00f3n a una causa que sigue siendo fundamental para nuestra comunidad.<\/p>\n\n\n\n<p>Tambi\u00e9n se record\u00f3 la importancia de conmemorar el D\u00eda Naranja, el 25 de cada mes, como una fecha simb\u00f3lica para la erradicaci\u00f3n de la violencia contra las mujeres, reafirmando el compromiso del municipio en la lucha contra la violencia de g\u00e9nero.<\/p>\n\n\n\n<p>Por \u00faltimo, el Cabildo reafirm\u00f3 que la reciente informaci\u00f3n sobre el supuesto cobro de fotograf\u00edas en el Centro Hist\u00f3rico de Oaxaca, aclarando que es falso y que ya se sostuvo un di\u00e1logo abierto con m\u00e1s de 100 fot\u00f3grafos de la ciudad.<\/p>\n","protected":false},"excerpt":{"rendered":"<p>\u2022 Presidida por Ray Chagoya, se aprueban iniciativas para erradicar el trabajo infantil, fortalecer el&#8230;<\/p>\n","protected":false},"author":4,"featured_media":38950,"comment_status":"","ping_status":"open","sticky":false,"template":"","format":"standard","meta":{"footnotes":""},"categories":[9],"tags":[178,235,234,45],"jetpack_sharing_enabled":true,"featured_image_urls":{"full":["https:\/\/contextoanalisisperiodistico.com\/wp-content\/uploads\/2025\/03\/IMG-20250325-WA0040.jpg",1600,1069,false],"thumbnail":["https:\/\/contextoanalisisperiodistico.com\/wp-content\/uploads\/2025\/03\/IMG-20250325-WA0040-150x150.jpg",150,150,true],"medium":["https:\/\/contextoanalisisperiodistico.com\/wp-content\/uploads\/2025\/03\/IMG-20250325-WA0040-300x200.jpg",300,200,true],"medium_large":["https:\/\/contextoanalisisperiodistico.com\/wp-content\/uploads\/2025\/03\/IMG-20250325-WA0040-768x513.jpg",640,428,true],"large":["https:\/\/contextoanalisisperiodistico.com\/wp-content\/uploads\/2025\/03\/IMG-20250325-WA0040-1024x684.jpg",640,428,true],"1536x1536":["https:\/\/contextoanalisisperiodistico.com\/wp-content\/uploads\/2025\/03\/IMG-20250325-WA0040-1536x1026.jpg",1536,1026,true],"2048x2048":["https:\/\/contextoanalisisperiodistico.com\/wp-content\/uploads\/2025\/03\/IMG-20250325-WA0040.jpg",1600,1069,false],"covernews-slider-full":["https:\/\/contextoanalisisperiodistico.com\/wp-content\/uploads\/2025\/03\/IMG-20250325-WA0040-1115x715.jpg",1115,715,true],"covernews-slider-center":["https:\/\/contextoanalisisperiodistico.com\/wp-content\/uploads\/2025\/03\/IMG-20250325-WA0040-800x500.jpg",800,500,true],"covernews-featured":["https:\/\/contextoanalisisperiodistico.com\/wp-content\/uploads\/2025\/03\/IMG-20250325-WA0040-1024x684.jpg",1024,684,true],"covernews-medium":["https:\/\/contextoanalisisperiodistico.com\/wp-content\/uploads\/2025\/03\/IMG-20250325-WA0040-540x340.jpg",540,340,true],"covernews-medium-square":["https:\/\/contextoanalisisperiodistico.com\/wp-content\/uploads\/2025\/03\/IMG-20250325-WA0040-400x250.jpg",400,250,true]},"author_info":{"display_name":"Mario Gir\u00f3n","author_link":"https:\/\/contextoanalisisperiodistico.com\/index.php\/author\/director\/"},"category_info":"<a href=\"https:\/\/contextoanalisisperiodistico.com\/index.php\/category\/politica\/\" rel=\"category tag\">Pol\u00edtica<\/a>","tag_info":"Pol\u00edtica","comment_count":"0","jetpack_featured_media_url":"https:\/\/contextoanalisisperiodistico.com\/wp-content\/uploads\/2025\/03\/IMG-20250325-WA0040.jpg","_links":{"self":[{"href":"https:\/\/contextoanalisisperiodistico.com\/index.php\/wp-json\/wp\/v2\/posts\/38953"}],"collection":[{"href":"https:\/\/contextoanalisisperiodistico.com\/index.php\/wp-json\/wp\/v2\/posts"}],"about":[{"href":"https:\/\/contextoanalisisperiodistico.com\/index.php\/wp-json\/wp\/v2\/types\/post"}],"author":[{"embeddable":true,"href":"https:\/\/contextoanalisisperiodistico.com\/index.php\/wp-json\/wp\/v2\/users\/4"}],"replies":[{"embeddable":true,"href":"https:\/\/contextoanalisisperiodistico.com\/index.php\/wp-json\/wp\/v2\/comments?post=38953"}],"version-history":[{"count":0,"href":"https:\/\/contextoanalisisperiodistico.com\/index.php\/wp-json\/wp\/v2\/posts\/38953\/revisions"}],"wp:featuredmedia":[{"embeddable":true,"href":"https:\/\/contextoanalisisperiodistico.com\/index.php\/wp-json\/wp\/v2\/media\/38950"}],"wp:attachment":[{"href":"https:\/\/contextoanalisisperiodistico.com\/index.php\/wp-json\/wp\/v2\/media?parent=38953"}],"wp:term":[{"taxonomy":"category","embeddable":true,"href":"https:\/\/contextoanalisisperiodistico.com\/index.php\/wp-json\/wp\/v2\/categories?post=38953"},{"taxonomy":"post_tag","embeddable":true,"href":"https:\/\/contextoanalisisperiodistico.com\/index.php\/wp-json\/wp\/v2\/tags?post=38953"}],"curies":[{"name":"wp","href":"https:\/\/api.w.org\/{rel}","templated":true}]}}