{"id":38949,"date":"2025-03-25T12:04:35","date_gmt":"2025-03-25T18:04:35","guid":{"rendered":"https:\/\/contextoanalisisperiodistico.com\/index.php\/2025\/03\/25\/transforma-hospital-de-la-mujer-y-la-ninez-oaxaquena-atencion-de-embarazos-y-partos\/"},"modified":"2025-03-25T12:04:35","modified_gmt":"2025-03-25T18:04:35","slug":"transforma-hospital-de-la-mujer-y-la-ninez-oaxaquena-atencion-de-embarazos-y-partos","status":"publish","type":"post","link":"https:\/\/contextoanalisisperiodistico.com\/index.php\/2025\/03\/25\/transforma-hospital-de-la-mujer-y-la-ninez-oaxaquena-atencion-de-embarazos-y-partos\/","title":{"rendered":"Transforma Hospital de la Mujer y la Ni\u00f1ez Oaxaque\u00f1a atenci\u00f3n de embarazos y partos"},"content":{"rendered":"<div id=\"fb-root\"><\/div>\n\n<p>\u2022 El Gobernador Salom\u00f3n Jara recorri\u00f3 las instalaciones de este nosocomio, el cual ya se encuentra en operaci\u00f3n y brinda servicio al 50 por ciento<\/p>\n\n\n\n<figure class=\"wp-block-image size-large\"><img fetchpriority=\"high\" decoding=\"async\" width=\"1024\" height=\"700\" src=\"https:\/\/contextoanalisisperiodistico.com\/wp-content\/uploads\/2025\/03\/img-20250325-wa00351705586932084521163-1024x700.jpg\" alt=\"\" class=\"wp-image-38948\" srcset=\"https:\/\/contextoanalisisperiodistico.com\/wp-content\/uploads\/2025\/03\/img-20250325-wa00351705586932084521163-1024x700.jpg 1024w, https:\/\/contextoanalisisperiodistico.com\/wp-content\/uploads\/2025\/03\/img-20250325-wa00351705586932084521163-300x205.jpg 300w, https:\/\/contextoanalisisperiodistico.com\/wp-content\/uploads\/2025\/03\/img-20250325-wa00351705586932084521163-768x525.jpg 768w, https:\/\/contextoanalisisperiodistico.com\/wp-content\/uploads\/2025\/03\/img-20250325-wa00351705586932084521163.jpg 1248w\" sizes=\"(max-width: 1024px) 100vw, 1024px\" \/><\/figure>\n\n\n\n<figure class=\"wp-block-image\"><img decoding=\"async\" width=\"300\" height=\"200\" src=\"https:\/\/contextoanalisisperiodistico.com\/wp-content\/uploads\/2025\/03\/img-20250325-wa00392819493492538814578-300x200.jpg\" alt=\"\" class=\"wp-image-38946\" srcset=\"https:\/\/contextoanalisisperiodistico.com\/wp-content\/uploads\/2025\/03\/img-20250325-wa00392819493492538814578-300x200.jpg 300w, https:\/\/contextoanalisisperiodistico.com\/wp-content\/uploads\/2025\/03\/img-20250325-wa00392819493492538814578-768x512.jpg 768w, https:\/\/contextoanalisisperiodistico.com\/wp-content\/uploads\/2025\/03\/img-20250325-wa00392819493492538814578.jpg 900w\" sizes=\"(max-width: 300px) 100vw, 300px\" \/><\/figure>\n\n\n\n<figure class=\"wp-block-image\"><img decoding=\"async\" width=\"300\" height=\"200\" src=\"https:\/\/contextoanalisisperiodistico.com\/wp-content\/uploads\/2025\/03\/img-20250325-wa00385821596138867646547-300x200.jpg\" alt=\"\" class=\"wp-image-38944\" srcset=\"https:\/\/contextoanalisisperiodistico.com\/wp-content\/uploads\/2025\/03\/img-20250325-wa00385821596138867646547-300x200.jpg 300w, https:\/\/contextoanalisisperiodistico.com\/wp-content\/uploads\/2025\/03\/img-20250325-wa00385821596138867646547-768x512.jpg 768w, https:\/\/contextoanalisisperiodistico.com\/wp-content\/uploads\/2025\/03\/img-20250325-wa00385821596138867646547.jpg 900w\" sizes=\"(max-width: 300px) 100vw, 300px\" \/><\/figure>\n\n\n\n<figure class=\"wp-block-image\"><img loading=\"lazy\" decoding=\"async\" width=\"300\" height=\"200\" src=\"https:\/\/contextoanalisisperiodistico.com\/wp-content\/uploads\/2025\/03\/img-20250325-wa00329014294583280341815-300x200.jpg\" alt=\"\" class=\"wp-image-38947\" srcset=\"https:\/\/contextoanalisisperiodistico.com\/wp-content\/uploads\/2025\/03\/img-20250325-wa00329014294583280341815-300x200.jpg 300w, https:\/\/contextoanalisisperiodistico.com\/wp-content\/uploads\/2025\/03\/img-20250325-wa00329014294583280341815-768x512.jpg 768w, https:\/\/contextoanalisisperiodistico.com\/wp-content\/uploads\/2025\/03\/img-20250325-wa00329014294583280341815.jpg 900w\" sizes=\"(max-width: 300px) 100vw, 300px\" \/><\/figure>\n\n\n\n<figure class=\"wp-block-image\"><img loading=\"lazy\" decoding=\"async\" width=\"300\" height=\"205\" src=\"https:\/\/contextoanalisisperiodistico.com\/wp-content\/uploads\/2025\/03\/img-20250325-wa00368696463758283932028-300x205.jpg\" alt=\"\" class=\"wp-image-38945\" srcset=\"https:\/\/contextoanalisisperiodistico.com\/wp-content\/uploads\/2025\/03\/img-20250325-wa00368696463758283932028-300x205.jpg 300w, https:\/\/contextoanalisisperiodistico.com\/wp-content\/uploads\/2025\/03\/img-20250325-wa00368696463758283932028-768x524.jpg 768w, https:\/\/contextoanalisisperiodistico.com\/wp-content\/uploads\/2025\/03\/img-20250325-wa00368696463758283932028.jpg 879w\" sizes=\"(max-width: 300px) 100vw, 300px\" \/><\/figure>\n\n\n\n<p>San Bartolo Coyotepec, Oax. 25 de marzo de 2025.- En un recorrido por el reci\u00e9n inaugurado Hospital General de la Mujer y la Ni\u00f1ez Oaxaque\u00f1a, se present\u00f3 el C\u00f3digo Mariposa, protocolo especializado y \u00fanico en el estado para brindar acompa\u00f1amiento sensible y humanitario a las madres y familias que enfrentan la p\u00e9rdida de un beb\u00e9 durante el embarazo, parto o poco despu\u00e9s de nacer.<\/p>\n\n\n\n<p>Al encabezar esta actividad con representantes de los medios de comunicaci\u00f3n, el Gobernador Salom\u00f3n Jara Cruz inform\u00f3 que este nosocomio ya se encuentra en operaci\u00f3n y brinda servicio al 50 por ciento de su capacidad.<\/p>\n\n\n\n<p>\u201cEs de los mejores hospitales de tercer nivel que hay en el pa\u00eds. Nosotros estamos trabajando por Oaxaca, haciendo lo que nunca se hac\u00eda; nuestro objetivo es servir al pueblo y nos sentimos satisfechos por todo el apoyo que el Gobierno de M\u00e9xico nos ha brindado\u201d, expres\u00f3 el Mandatario estatal.<\/p>\n\n\n\n<p>De esta manera, el director del Hospital General de la Mujer y la Ni\u00f1ez Oaxaque\u00f1a, Carlos Castellanos Torres indic\u00f3 que este edificio cuenta con el protocolo C\u00f3digo Mariposa, el cual se activa cuando hay una p\u00e9rdida gestacional para que las madres puedan despedirse de su beb\u00e9 en un ambiente de respeto, mediante el \u00e1rea de tanatolog\u00eda, que brinda apoyo emocional para esta etapa de duelo.<\/p>\n\n\n\n<p>\u201cEn la gran mayor\u00eda de instituciones cuando una paciente pierde a su beb\u00e9, muchas veces no hay personal de psicolog\u00eda y no se sabe c\u00f3mo apoyar; por ello la importancia del equipo que tenemos aqu\u00ed\u201d, puntualiz\u00f3.<\/p>\n\n\n\n<p>Algunas de las \u00e1reas equipadas que fueron recorridas son: Urgencias, Consulta Externa, Servicio de Aborto Seguro, Triage, Observaci\u00f3n, Consultorios, Farmacia, Radiolog\u00eda e Imagen, Somatometr\u00eda, Trabajo Social, C\u00f3digo Mariposa, Puerperio Fisiol\u00f3gico y Quir\u00fargico, Central de Enfermer\u00eda, UCIN, entre otras.<\/p>\n\n\n\n<p>Con estas acciones, el Hospital de la Mujer y la Ni\u00f1ez se consolida como un referente en atenci\u00f3n m\u00e9dica integral y humanizada en el estado, reafirmando el compromiso del Gobierno de la Primavera Oaxaque\u00f1a con la salud y el bienestar emocional de las mujeres.<\/p>\n\n\n\n<p>-0-<\/p>\n","protected":false},"excerpt":{"rendered":"<p>\u2022 El Gobernador Salom\u00f3n Jara recorri\u00f3 las instalaciones de este nosocomio, el cual ya se&#8230;<\/p>\n","protected":false},"author":4,"featured_media":38943,"comment_status":"","ping_status":"open","sticky":false,"template":"","format":"standard","meta":{"footnotes":""},"categories":[9],"tags":[],"jetpack_sharing_enabled":true,"featured_image_urls":{"full":["https:\/\/contextoanalisisperiodistico.com\/wp-content\/uploads\/2025\/03\/IMG-20250325-WA0034.jpg",900,600,false],"thumbnail":["https:\/\/contextoanalisisperiodistico.com\/wp-content\/uploads\/2025\/03\/IMG-20250325-WA0034-150x150.jpg",150,150,true],"medium":["https:\/\/contextoanalisisperiodistico.com\/wp-content\/uploads\/2025\/03\/IMG-20250325-WA0034-300x200.jpg",300,200,true],"medium_large":["https:\/\/contextoanalisisperiodistico.com\/wp-content\/uploads\/2025\/03\/IMG-20250325-WA0034-768x512.jpg",640,427,true],"large":["https:\/\/contextoanalisisperiodistico.com\/wp-content\/uploads\/2025\/03\/IMG-20250325-WA0034.jpg",640,427,false],"1536x1536":["https:\/\/contextoanalisisperiodistico.com\/wp-content\/uploads\/2025\/03\/IMG-20250325-WA0034.jpg",900,600,false],"2048x2048":["https:\/\/contextoanalisisperiodistico.com\/wp-content\/uploads\/2025\/03\/IMG-20250325-WA0034.jpg",900,600,false],"covernews-slider-full":["https:\/\/contextoanalisisperiodistico.com\/wp-content\/uploads\/2025\/03\/IMG-20250325-WA0034.jpg",900,600,false],"covernews-slider-center":["https:\/\/contextoanalisisperiodistico.com\/wp-content\/uploads\/2025\/03\/IMG-20250325-WA0034-800x500.jpg",800,500,true],"covernews-featured":["https:\/\/contextoanalisisperiodistico.com\/wp-content\/uploads\/2025\/03\/IMG-20250325-WA0034.jpg",900,600,false],"covernews-medium":["https:\/\/contextoanalisisperiodistico.com\/wp-content\/uploads\/2025\/03\/IMG-20250325-WA0034-540x340.jpg",540,340,true],"covernews-medium-square":["https:\/\/contextoanalisisperiodistico.com\/wp-content\/uploads\/2025\/03\/IMG-20250325-WA0034-400x250.jpg",400,250,true]},"author_info":{"display_name":"Mario Gir\u00f3n","author_link":"https:\/\/contextoanalisisperiodistico.com\/index.php\/author\/director\/"},"category_info":"<a href=\"https:\/\/contextoanalisisperiodistico.com\/index.php\/category\/politica\/\" rel=\"category tag\">Pol\u00edtica<\/a>","tag_info":"Pol\u00edtica","comment_count":"0","jetpack_featured_media_url":"https:\/\/contextoanalisisperiodistico.com\/wp-content\/uploads\/2025\/03\/IMG-20250325-WA0034.jpg","_links":{"self":[{"href":"https:\/\/contextoanalisisperiodistico.com\/index.php\/wp-json\/wp\/v2\/posts\/38949"}],"collection":[{"href":"https:\/\/contextoanalisisperiodistico.com\/index.php\/wp-json\/wp\/v2\/posts"}],"about":[{"href":"https:\/\/contextoanalisisperiodistico.com\/index.php\/wp-json\/wp\/v2\/types\/post"}],"author":[{"embeddable":true,"href":"https:\/\/contextoanalisisperiodistico.com\/index.php\/wp-json\/wp\/v2\/users\/4"}],"replies":[{"embeddable":true,"href":"https:\/\/contextoanalisisperiodistico.com\/index.php\/wp-json\/wp\/v2\/comments?post=38949"}],"version-history":[{"count":0,"href":"https:\/\/contextoanalisisperiodistico.com\/index.php\/wp-json\/wp\/v2\/posts\/38949\/revisions"}],"wp:featuredmedia":[{"embeddable":true,"href":"https:\/\/contextoanalisisperiodistico.com\/index.php\/wp-json\/wp\/v2\/media\/38943"}],"wp:attachment":[{"href":"https:\/\/contextoanalisisperiodistico.com\/index.php\/wp-json\/wp\/v2\/media?parent=38949"}],"wp:term":[{"taxonomy":"category","embeddable":true,"href":"https:\/\/contextoanalisisperiodistico.com\/index.php\/wp-json\/wp\/v2\/categories?post=38949"},{"taxonomy":"post_tag","embeddable":true,"href":"https:\/\/contextoanalisisperiodistico.com\/index.php\/wp-json\/wp\/v2\/tags?post=38949"}],"curies":[{"name":"wp","href":"https:\/\/api.w.org\/{rel}","templated":true}]}}