{"id":38941,"date":"2025-03-25T06:24:44","date_gmt":"2025-03-25T12:24:44","guid":{"rendered":"https:\/\/contextoanalisisperiodistico.com\/index.php\/2025\/03\/25\/en-dialogo-abierto-ray-chagoya-se-reune-con-fotografos-profesionales-y-ciudadania-capitalina\/"},"modified":"2025-03-25T06:25:55","modified_gmt":"2025-03-25T12:25:55","slug":"en-dialogo-abierto-ray-chagoya-se-reune-con-fotografos-profesionales-y-ciudadania-capitalina","status":"publish","type":"post","link":"https:\/\/contextoanalisisperiodistico.com\/index.php\/2025\/03\/25\/en-dialogo-abierto-ray-chagoya-se-reune-con-fotografos-profesionales-y-ciudadania-capitalina\/","title":{"rendered":"En di\u00e1logo abierto, Ray Chagoya se re\u00fane con fot\u00f3grafos profesionales y capitalinos"},"content":{"rendered":"<div id=\"fb-root\"><\/div>\n\n<p>\u2022La intenci\u00f3n es poner orden en esta actividad que realizan profesionales de la fotograf\u00eda en la ciudad capital<\/p>\n\n\n\n<figure class=\"wp-block-image size-large\"><img fetchpriority=\"high\" decoding=\"async\" width=\"1024\" height=\"683\" src=\"https:\/\/contextoanalisisperiodistico.com\/wp-content\/uploads\/2025\/03\/img-20250324-wa01932913432971027926504-1024x683.jpg\" alt=\"\" class=\"wp-image-38936\" srcset=\"https:\/\/contextoanalisisperiodistico.com\/wp-content\/uploads\/2025\/03\/img-20250324-wa01932913432971027926504-1024x683.jpg 1024w, https:\/\/contextoanalisisperiodistico.com\/wp-content\/uploads\/2025\/03\/img-20250324-wa01932913432971027926504-300x200.jpg 300w, https:\/\/contextoanalisisperiodistico.com\/wp-content\/uploads\/2025\/03\/img-20250324-wa01932913432971027926504-768x512.jpg 768w, https:\/\/contextoanalisisperiodistico.com\/wp-content\/uploads\/2025\/03\/img-20250324-wa01932913432971027926504-1536x1025.jpg 1536w, https:\/\/contextoanalisisperiodistico.com\/wp-content\/uploads\/2025\/03\/img-20250324-wa01932913432971027926504.jpg 2000w\" sizes=\"(max-width: 1024px) 100vw, 1024px\" \/><\/figure>\n\n\n\n<figure class=\"wp-block-image\"><img decoding=\"async\" width=\"1024\" height=\"683\" src=\"https:\/\/contextoanalisisperiodistico.com\/wp-content\/uploads\/2025\/03\/img-20250324-wa01943780070984801687689-1024x683.jpg\" alt=\"\" class=\"wp-image-38937\" srcset=\"https:\/\/contextoanalisisperiodistico.com\/wp-content\/uploads\/2025\/03\/img-20250324-wa01943780070984801687689-1024x683.jpg 1024w, https:\/\/contextoanalisisperiodistico.com\/wp-content\/uploads\/2025\/03\/img-20250324-wa01943780070984801687689-300x200.jpg 300w, https:\/\/contextoanalisisperiodistico.com\/wp-content\/uploads\/2025\/03\/img-20250324-wa01943780070984801687689-768x512.jpg 768w, https:\/\/contextoanalisisperiodistico.com\/wp-content\/uploads\/2025\/03\/img-20250324-wa01943780070984801687689-1536x1025.jpg 1536w, https:\/\/contextoanalisisperiodistico.com\/wp-content\/uploads\/2025\/03\/img-20250324-wa01943780070984801687689.jpg 2000w\" sizes=\"(max-width: 1024px) 100vw, 1024px\" \/><\/figure>\n\n\n\n<figure class=\"wp-block-image\"><img decoding=\"async\" width=\"1024\" height=\"683\" src=\"https:\/\/contextoanalisisperiodistico.com\/wp-content\/uploads\/2025\/03\/img-20250324-wa01927175991473076497955-1024x683.jpg\" alt=\"\" class=\"wp-image-38938\" srcset=\"https:\/\/contextoanalisisperiodistico.com\/wp-content\/uploads\/2025\/03\/img-20250324-wa01927175991473076497955-1024x683.jpg 1024w, https:\/\/contextoanalisisperiodistico.com\/wp-content\/uploads\/2025\/03\/img-20250324-wa01927175991473076497955-300x200.jpg 300w, https:\/\/contextoanalisisperiodistico.com\/wp-content\/uploads\/2025\/03\/img-20250324-wa01927175991473076497955-768x512.jpg 768w, https:\/\/contextoanalisisperiodistico.com\/wp-content\/uploads\/2025\/03\/img-20250324-wa01927175991473076497955-1536x1025.jpg 1536w, https:\/\/contextoanalisisperiodistico.com\/wp-content\/uploads\/2025\/03\/img-20250324-wa01927175991473076497955.jpg 2000w\" sizes=\"(max-width: 1024px) 100vw, 1024px\" \/><\/figure>\n\n\n\n<figure class=\"wp-block-image\"><img loading=\"lazy\" decoding=\"async\" width=\"1024\" height=\"683\" src=\"https:\/\/contextoanalisisperiodistico.com\/wp-content\/uploads\/2025\/03\/img-20250324-wa01906020004987490571861-1024x683.jpg\" alt=\"\" class=\"wp-image-38939\" srcset=\"https:\/\/contextoanalisisperiodistico.com\/wp-content\/uploads\/2025\/03\/img-20250324-wa01906020004987490571861-1024x683.jpg 1024w, https:\/\/contextoanalisisperiodistico.com\/wp-content\/uploads\/2025\/03\/img-20250324-wa01906020004987490571861-300x200.jpg 300w, https:\/\/contextoanalisisperiodistico.com\/wp-content\/uploads\/2025\/03\/img-20250324-wa01906020004987490571861-768x512.jpg 768w, https:\/\/contextoanalisisperiodistico.com\/wp-content\/uploads\/2025\/03\/img-20250324-wa01906020004987490571861-1536x1025.jpg 1536w, https:\/\/contextoanalisisperiodistico.com\/wp-content\/uploads\/2025\/03\/img-20250324-wa01906020004987490571861.jpg 2000w\" sizes=\"(max-width: 1024px) 100vw, 1024px\" \/><\/figure>\n\n\n\n<figure class=\"wp-block-image\"><img loading=\"lazy\" decoding=\"async\" width=\"1024\" height=\"683\" src=\"https:\/\/contextoanalisisperiodistico.com\/wp-content\/uploads\/2025\/03\/img-20250324-wa01896761851399675608511-1024x683.jpg\" alt=\"\" class=\"wp-image-38940\" srcset=\"https:\/\/contextoanalisisperiodistico.com\/wp-content\/uploads\/2025\/03\/img-20250324-wa01896761851399675608511-1024x683.jpg 1024w, https:\/\/contextoanalisisperiodistico.com\/wp-content\/uploads\/2025\/03\/img-20250324-wa01896761851399675608511-300x200.jpg 300w, https:\/\/contextoanalisisperiodistico.com\/wp-content\/uploads\/2025\/03\/img-20250324-wa01896761851399675608511-768x512.jpg 768w, https:\/\/contextoanalisisperiodistico.com\/wp-content\/uploads\/2025\/03\/img-20250324-wa01896761851399675608511-1536x1025.jpg 1536w, https:\/\/contextoanalisisperiodistico.com\/wp-content\/uploads\/2025\/03\/img-20250324-wa01896761851399675608511.jpg 2000w\" sizes=\"(max-width: 1024px) 100vw, 1024px\" \/><\/figure>\n\n\n\n<p>Oaxaca de Ju\u00e1rez, Oax., 24 de marzo de 2024.\u2013 En un di\u00e1logo abierto y de frente con cerca de cien profesionales de la fotograf\u00eda, el presidente municipal Ray Chagoya indic\u00f3 que la administraci\u00f3n municipal est\u00e1 trabajando arduamente para poner orden en la ciudad y garantizar que las actividades de fotograf\u00eda o producci\u00f3n se lleven a cabo de manera organizada.<\/p>\n\n\n\n<p>\u201cEvitemos caer en la desinformaci\u00f3n. Por eso dejamos claro que no se generar\u00e1 ning\u00fan costo por el uso de los espacios p\u00fablicos; vecinas y vecinos, estamos en nuestro derecho de fotografiar y videofilmar nuestra hermosa ciudad\u201d, enfatiz\u00f3.<\/p>\n\n\n\n<p>\u201cLas puertas del gobierno municipal est\u00e1n abiertas. Escuchamos los comentarios de cada uno de los asistentes, despejando las dudas y aclarando la informaci\u00f3n falsa que hab\u00eda circulado\u201d, dijo el presidente municipal.<\/p>\n\n\n\n<p>Durante el encuentro, Ray Chagoya dej\u00f3 en claro que no existe ning\u00fan cobro por parte del Municipio para la actividad fotogr\u00e1fica en espacios p\u00fablicos. Sin embargo, destac\u00f3 la importancia de que los fot\u00f3grafos profesionales realicen los tr\u00e1mites correspondientes, los cuales ya est\u00e1n establecidos por la ley desde hace muchos a\u00f1os.<\/p>\n\n\n\n<p>\u201cEs fundamental que estemos organizados y trabajemos en orden para garantizar que el ejercicio de la fotograf\u00eda se haga de manera profesional y conforme a la normativa\u201d, puntualiz\u00f3.<\/p>\n\n\n\n<p>El presidente municipal resalt\u00f3 la voluntad de su gobierno de facilitar el trabajo de los fot\u00f3grafos, promoviendo espacios de di\u00e1logo y coordinaci\u00f3n. A su vez, hizo un llamado para seguir el proceso administrativo requerido para el ejercicio de la profesi\u00f3n en la ciudad, asegurando un ambiente de trabajo justo y transparente.<\/p>\n","protected":false},"excerpt":{"rendered":"<p>\u2022La intenci\u00f3n es poner orden en esta actividad que realizan profesionales de la fotograf\u00eda en&#8230;<\/p>\n","protected":false},"author":4,"featured_media":38935,"comment_status":"closed","ping_status":"open","sticky":false,"template":"","format":"standard","meta":{"footnotes":""},"categories":[9],"tags":[178,235,234,45],"jetpack_sharing_enabled":true,"featured_image_urls":{"full":["https:\/\/contextoanalisisperiodistico.com\/wp-content\/uploads\/2025\/03\/IMG-20250324-WA0191-scaled.jpg",2560,1706,false],"thumbnail":["https:\/\/contextoanalisisperiodistico.com\/wp-content\/uploads\/2025\/03\/IMG-20250324-WA0191-150x150.jpg",150,150,true],"medium":["https:\/\/contextoanalisisperiodistico.com\/wp-content\/uploads\/2025\/03\/IMG-20250324-WA0191-300x200.jpg",300,200,true],"medium_large":["https:\/\/contextoanalisisperiodistico.com\/wp-content\/uploads\/2025\/03\/IMG-20250324-WA0191-768x512.jpg",640,427,true],"large":["https:\/\/contextoanalisisperiodistico.com\/wp-content\/uploads\/2025\/03\/IMG-20250324-WA0191-1024x683.jpg",640,427,true],"1536x1536":["https:\/\/contextoanalisisperiodistico.com\/wp-content\/uploads\/2025\/03\/IMG-20250324-WA0191-1536x1024.jpg",1536,1024,true],"2048x2048":["https:\/\/contextoanalisisperiodistico.com\/wp-content\/uploads\/2025\/03\/IMG-20250324-WA0191-2048x1365.jpg",2048,1365,true],"covernews-slider-full":["https:\/\/contextoanalisisperiodistico.com\/wp-content\/uploads\/2025\/03\/IMG-20250324-WA0191-1115x715.jpg",1115,715,true],"covernews-slider-center":["https:\/\/contextoanalisisperiodistico.com\/wp-content\/uploads\/2025\/03\/IMG-20250324-WA0191-scaled.jpg",750,500,false],"covernews-featured":["https:\/\/contextoanalisisperiodistico.com\/wp-content\/uploads\/2025\/03\/IMG-20250324-WA0191-scaled.jpg",1024,682,false],"covernews-medium":["https:\/\/contextoanalisisperiodistico.com\/wp-content\/uploads\/2025\/03\/IMG-20250324-WA0191-scaled.jpg",510,340,false],"covernews-medium-square":["https:\/\/contextoanalisisperiodistico.com\/wp-content\/uploads\/2025\/03\/IMG-20250324-WA0191-scaled.jpg",375,250,false]},"author_info":{"display_name":"Mario Gir\u00f3n","author_link":"https:\/\/contextoanalisisperiodistico.com\/index.php\/author\/director\/"},"category_info":"<a href=\"https:\/\/contextoanalisisperiodistico.com\/index.php\/category\/politica\/\" rel=\"category tag\">Pol\u00edtica<\/a>","tag_info":"Pol\u00edtica","comment_count":"0","jetpack_featured_media_url":"https:\/\/contextoanalisisperiodistico.com\/wp-content\/uploads\/2025\/03\/IMG-20250324-WA0191-scaled.jpg","_links":{"self":[{"href":"https:\/\/contextoanalisisperiodistico.com\/index.php\/wp-json\/wp\/v2\/posts\/38941"}],"collection":[{"href":"https:\/\/contextoanalisisperiodistico.com\/index.php\/wp-json\/wp\/v2\/posts"}],"about":[{"href":"https:\/\/contextoanalisisperiodistico.com\/index.php\/wp-json\/wp\/v2\/types\/post"}],"author":[{"embeddable":true,"href":"https:\/\/contextoanalisisperiodistico.com\/index.php\/wp-json\/wp\/v2\/users\/4"}],"replies":[{"embeddable":true,"href":"https:\/\/contextoanalisisperiodistico.com\/index.php\/wp-json\/wp\/v2\/comments?post=38941"}],"version-history":[{"count":1,"href":"https:\/\/contextoanalisisperiodistico.com\/index.php\/wp-json\/wp\/v2\/posts\/38941\/revisions"}],"predecessor-version":[{"id":38942,"href":"https:\/\/contextoanalisisperiodistico.com\/index.php\/wp-json\/wp\/v2\/posts\/38941\/revisions\/38942"}],"wp:featuredmedia":[{"embeddable":true,"href":"https:\/\/contextoanalisisperiodistico.com\/index.php\/wp-json\/wp\/v2\/media\/38935"}],"wp:attachment":[{"href":"https:\/\/contextoanalisisperiodistico.com\/index.php\/wp-json\/wp\/v2\/media?parent=38941"}],"wp:term":[{"taxonomy":"category","embeddable":true,"href":"https:\/\/contextoanalisisperiodistico.com\/index.php\/wp-json\/wp\/v2\/categories?post=38941"},{"taxonomy":"post_tag","embeddable":true,"href":"https:\/\/contextoanalisisperiodistico.com\/index.php\/wp-json\/wp\/v2\/tags?post=38941"}],"curies":[{"name":"wp","href":"https:\/\/api.w.org\/{rel}","templated":true}]}}