{"id":38934,"date":"2025-03-24T19:08:57","date_gmt":"2025-03-25T01:08:57","guid":{"rendered":"https:\/\/contextoanalisisperiodistico.com\/index.php\/2025\/03\/24\/reitera-ray-chagoya-de-falsos-supuestos-cobros-por-fotografiar-en-el-centro-historico\/"},"modified":"2025-03-24T19:08:57","modified_gmt":"2025-03-25T01:08:57","slug":"reitera-ray-chagoya-de-falsos-supuestos-cobros-por-fotografiar-en-el-centro-historico","status":"publish","type":"post","link":"https:\/\/contextoanalisisperiodistico.com\/index.php\/2025\/03\/24\/reitera-ray-chagoya-de-falsos-supuestos-cobros-por-fotografiar-en-el-centro-historico\/","title":{"rendered":"Reitera Ray Chagoya de falsos supuestos cobros por fotografiar en el Centro Hist\u00f3rico"},"content":{"rendered":"<div id=\"fb-root\"><\/div>\n\n<p>\u2022Por el contrario, las producciones profesionales deben solicitar un permiso en el Municipio de Oaxaca de Ju\u00e1rez.<\/p>\n\n\n\n<p>Oaxaca de Ju\u00e1rez, Oax. 24 de marzo 2025.\u2013 En la capital de Oaxaca nos enorgullece que los visitantes y habitantes disfruten de nuestras hermosas calles y escenarios, especialmente durante esta temporada primaveral, cuando nuestros paisajes cobran una belleza \u00fanica, afirm\u00f3 el presidente Ray Chagoya.<\/p>\n\n\n\n<p>Manifest\u00f3 que es com\u00fan que las personas tomen fotos y compartan su experiencia visual de la ciudad. Sin embargo, el edil de la capital destac\u00f3 que es fundamental evitar caer en la desinformaci\u00f3n.<\/p>\n\n\n\n<p>En este sentido, reiter\u00f3 que la administraci\u00f3n municipal est\u00e1 trabajando arduamente para poner orden en la ciudad y garantizar que las actividades de fotograf\u00eda o producci\u00f3n se lleven a cabo de manera organizada y respetuosa con el entorno urbano, as\u00ed como con las vecinas y vecinos.<\/p>\n\n\n\n<p>En este contexto, hizo un llamado a la ciudadan\u00eda para que, cuando se trate de una producci\u00f3n profesional, se acerquen al Municipio a solicitar el permiso correspondiente. Es importante recalcar que esta medida aplica exclusivamente para producciones profesionales. Los creadores de contenido no est\u00e1n sujetos a esta regulaci\u00f3n.<\/p>\n\n\n\n<p>Espacios emblem\u00e1ticos como Santo Domingo, el Jard\u00edn Labastida y la Plaza de la Danza, entre otros, son algunos de los lugares que suelen ser solicitados por las producciones profesionales. Esta solicitud de permisos tiene como objetivo primordial el principio de orden en la ciudad.<\/p>\n\n\n\n<p>El trabajo del gobierno municipal es informar a la ciudadan\u00eda de manera clara sobre este tr\u00e1mite, el cual no debe considerarse algo ajeno o complicado, sino una acci\u00f3n convencional que contribuye a la organizaci\u00f3n de las actividades en nuestra ciudad.<\/p>\n\n\n\n<p>El presidente municipal, Ray Chagoya, reitera su compromiso para hacer de Oaxaca de Ju\u00e1rez un lugar m\u00e1s organizado y accesible, donde todos podamos disfrutar de sus hermosos espacios de manera ordenada y respetuosa.<\/p>\n\n\n\n<figure class=\"wp-block-video\"><video controls src=\"https:\/\/contextoanalisisperiodistico.com\/wp-content\/uploads\/2025\/03\/VID-20250324-WA0174.mp4\"><\/video><\/figure>\n","protected":false},"excerpt":{"rendered":"<p>\u2022Por el contrario, las producciones profesionales deben solicitar un permiso en el Municipio de Oaxaca&#8230;<\/p>\n","protected":false},"author":4,"featured_media":38932,"comment_status":"","ping_status":"open","sticky":false,"template":"","format":"standard","meta":{"footnotes":""},"categories":[9],"tags":[178,235,234,45],"jetpack_sharing_enabled":true,"featured_image_urls":{"full":["https:\/\/contextoanalisisperiodistico.com\/wp-content\/uploads\/2025\/03\/IMG_20250324_185937.jpg",720,1095,false],"thumbnail":["https:\/\/contextoanalisisperiodistico.com\/wp-content\/uploads\/2025\/03\/IMG_20250324_185937-150x150.jpg",150,150,true],"medium":["https:\/\/contextoanalisisperiodistico.com\/wp-content\/uploads\/2025\/03\/IMG_20250324_185937-197x300.jpg",197,300,true],"medium_large":["https:\/\/contextoanalisisperiodistico.com\/wp-content\/uploads\/2025\/03\/IMG_20250324_185937.jpg",640,973,false],"large":["https:\/\/contextoanalisisperiodistico.com\/wp-content\/uploads\/2025\/03\/IMG_20250324_185937-673x1024.jpg",640,974,true],"1536x1536":["https:\/\/contextoanalisisperiodistico.com\/wp-content\/uploads\/2025\/03\/IMG_20250324_185937.jpg",720,1095,false],"2048x2048":["https:\/\/contextoanalisisperiodistico.com\/wp-content\/uploads\/2025\/03\/IMG_20250324_185937.jpg",720,1095,false],"covernews-slider-full":["https:\/\/contextoanalisisperiodistico.com\/wp-content\/uploads\/2025\/03\/IMG_20250324_185937-720x715.jpg",720,715,true],"covernews-slider-center":["https:\/\/contextoanalisisperiodistico.com\/wp-content\/uploads\/2025\/03\/IMG_20250324_185937-720x500.jpg",720,500,true],"covernews-featured":["https:\/\/contextoanalisisperiodistico.com\/wp-content\/uploads\/2025\/03\/IMG_20250324_185937.jpg",720,1095,false],"covernews-medium":["https:\/\/contextoanalisisperiodistico.com\/wp-content\/uploads\/2025\/03\/IMG_20250324_185937-540x340.jpg",540,340,true],"covernews-medium-square":["https:\/\/contextoanalisisperiodistico.com\/wp-content\/uploads\/2025\/03\/IMG_20250324_185937-400x250.jpg",400,250,true]},"author_info":{"display_name":"Mario Gir\u00f3n","author_link":"https:\/\/contextoanalisisperiodistico.com\/index.php\/author\/director\/"},"category_info":"<a href=\"https:\/\/contextoanalisisperiodistico.com\/index.php\/category\/politica\/\" rel=\"category tag\">Pol\u00edtica<\/a>","tag_info":"Pol\u00edtica","comment_count":"0","jetpack_featured_media_url":"https:\/\/contextoanalisisperiodistico.com\/wp-content\/uploads\/2025\/03\/IMG_20250324_185937.jpg","_links":{"self":[{"href":"https:\/\/contextoanalisisperiodistico.com\/index.php\/wp-json\/wp\/v2\/posts\/38934"}],"collection":[{"href":"https:\/\/contextoanalisisperiodistico.com\/index.php\/wp-json\/wp\/v2\/posts"}],"about":[{"href":"https:\/\/contextoanalisisperiodistico.com\/index.php\/wp-json\/wp\/v2\/types\/post"}],"author":[{"embeddable":true,"href":"https:\/\/contextoanalisisperiodistico.com\/index.php\/wp-json\/wp\/v2\/users\/4"}],"replies":[{"embeddable":true,"href":"https:\/\/contextoanalisisperiodistico.com\/index.php\/wp-json\/wp\/v2\/comments?post=38934"}],"version-history":[{"count":0,"href":"https:\/\/contextoanalisisperiodistico.com\/index.php\/wp-json\/wp\/v2\/posts\/38934\/revisions"}],"wp:featuredmedia":[{"embeddable":true,"href":"https:\/\/contextoanalisisperiodistico.com\/index.php\/wp-json\/wp\/v2\/media\/38932"}],"wp:attachment":[{"href":"https:\/\/contextoanalisisperiodistico.com\/index.php\/wp-json\/wp\/v2\/media?parent=38934"}],"wp:term":[{"taxonomy":"category","embeddable":true,"href":"https:\/\/contextoanalisisperiodistico.com\/index.php\/wp-json\/wp\/v2\/categories?post=38934"},{"taxonomy":"post_tag","embeddable":true,"href":"https:\/\/contextoanalisisperiodistico.com\/index.php\/wp-json\/wp\/v2\/tags?post=38934"}],"curies":[{"name":"wp","href":"https:\/\/api.w.org\/{rel}","templated":true}]}}