{"id":38928,"date":"2025-03-24T18:27:18","date_gmt":"2025-03-25T00:27:18","guid":{"rendered":"https:\/\/contextoanalisisperiodistico.com\/index.php\/2025\/03\/24\/implementa-soapa-acciones-para-abasto-de-agua-en-norte-y-oriente-de-la-zona-metropolitana\/"},"modified":"2025-03-24T18:27:18","modified_gmt":"2025-03-25T00:27:18","slug":"implementa-soapa-acciones-para-abasto-de-agua-en-norte-y-oriente-de-la-zona-metropolitana","status":"publish","type":"post","link":"https:\/\/contextoanalisisperiodistico.com\/index.php\/2025\/03\/24\/implementa-soapa-acciones-para-abasto-de-agua-en-norte-y-oriente-de-la-zona-metropolitana\/","title":{"rendered":"Implementa Soapa acciones para abasto de agua en norte y oriente de la Zona Metropolitana"},"content":{"rendered":"<div id=\"fb-root\"><\/div>\n\n<p>\u2022 La dependencia ha distribuido el l\u00edquido mediante pipas y se han instalado 25 hidrantes m\u00f3viles<\/p>\n\n\n\n<p>\u2022 Se han realizado mesas de trabajo para atender las inquietudes de la ciudadan\u00eda<\/p>\n\n\n\n<p>Oaxaca de Ju\u00e1rez, Oax., 24 de marzo de 2025.- El Sistema Operador de los Servicios de Agua Potable y Alcantarillado (Soapa) report\u00f3 un avance del 65 por ciento en el suministro del vital l\u00edquido para el norte y oriente de la Zona Metropolitana de Oaxaca.<\/p>\n\n\n\n<p>Inform\u00f3 que, durante marzo, se brind\u00f3 el servicio a 42 sectores que registraban una demora mayor a 30 d\u00edas.<\/p>\n\n\n\n<p>En tanto se regulariza el abastecimiento a trav\u00e9s de la red de agua potable, el organismo estatal ha garantizado la entrega de este recurso a las familias mediante el env\u00edo de pipas, tal es el caso del sector oriente parte baja de la agencia Dolores, con 22 pipas.<\/p>\n\n\n\n<p>Asimismo, a trav\u00e9s del programa \u201cAgua para todas y todos 2025\u201d que impulsa el Gobierno del Estado, se han instalado 13 hidrantes m\u00f3viles en puntos estrat\u00e9gicos de la zona norte y 12 en la parte oriente para asegurar el acceso al agua durante esta temporada de estiaje.<\/p>\n\n\n\n<p>De manera complementaria, en el primer trimestre del 2025, el organismo operador ha atendido 37 reportes de fugas en la red de distribuci\u00f3n con el objetivo de evitar el desperdicio y garantizar su reparto eficiente.<\/p>\n\n\n\n<p>El director general de Soapa, Omar P\u00e9rez Ben\u00edtez destac\u00f3 que la dependencia mantiene un di\u00e1logo abierto con la ciudadan\u00eda para atender sus inquietudes. \u201cEstamos dando atenci\u00f3n a la situaci\u00f3n. Hemos realizado mesas de trabajo con representantes de los Comit\u00e9s de Vida Vecinal (Comvive) para escuchar sus inquietudes. Nuestro equipo t\u00e9cnico y operativo ya est\u00e1 trabajando para garantizar el servicio\u201d, destac\u00f3.<\/p>\n\n\n\n<p>El retraso en el servicio en estas zonas de la capital oaxaque\u00f1a se debe a fallas el\u00e9ctricas registradas en los pozos Candiani II y el pozo 17, lo que afecta el funcionamiento de los equipos electromec\u00e1nicos.<\/p>\n\n\n\n<p>-0-<\/p>\n\n\n\n<figure class=\"wp-block-image size-large\"><img fetchpriority=\"high\" decoding=\"async\" width=\"900\" height=\"600\" src=\"https:\/\/contextoanalisisperiodistico.com\/wp-content\/uploads\/2025\/03\/img-20250324-wa01532261113692336705958.jpg\" alt=\"\" class=\"wp-image-38925\" srcset=\"https:\/\/contextoanalisisperiodistico.com\/wp-content\/uploads\/2025\/03\/img-20250324-wa01532261113692336705958.jpg 900w, https:\/\/contextoanalisisperiodistico.com\/wp-content\/uploads\/2025\/03\/img-20250324-wa01532261113692336705958-300x200.jpg 300w, https:\/\/contextoanalisisperiodistico.com\/wp-content\/uploads\/2025\/03\/img-20250324-wa01532261113692336705958-768x512.jpg 768w\" sizes=\"(max-width: 900px) 100vw, 900px\" \/><\/figure>\n\n\n\n<figure class=\"wp-block-image\"><img decoding=\"async\" width=\"300\" height=\"200\" src=\"https:\/\/contextoanalisisperiodistico.com\/wp-content\/uploads\/2025\/03\/img-20250324-wa01547574911185844534653-300x200.jpg\" alt=\"\" class=\"wp-image-38927\" srcset=\"https:\/\/contextoanalisisperiodistico.com\/wp-content\/uploads\/2025\/03\/img-20250324-wa01547574911185844534653-300x200.jpg 300w, https:\/\/contextoanalisisperiodistico.com\/wp-content\/uploads\/2025\/03\/img-20250324-wa01547574911185844534653-768x512.jpg 768w, https:\/\/contextoanalisisperiodistico.com\/wp-content\/uploads\/2025\/03\/img-20250324-wa01547574911185844534653.jpg 900w\" sizes=\"(max-width: 300px) 100vw, 300px\" \/><\/figure>\n\n\n\n<figure class=\"wp-block-image\"><img decoding=\"async\" width=\"300\" height=\"200\" src=\"https:\/\/contextoanalisisperiodistico.com\/wp-content\/uploads\/2025\/03\/img-20250324-wa01558555929478842265235-300x200.jpg\" alt=\"\" class=\"wp-image-38923\" srcset=\"https:\/\/contextoanalisisperiodistico.com\/wp-content\/uploads\/2025\/03\/img-20250324-wa01558555929478842265235-300x200.jpg 300w, https:\/\/contextoanalisisperiodistico.com\/wp-content\/uploads\/2025\/03\/img-20250324-wa01558555929478842265235-768x512.jpg 768w, https:\/\/contextoanalisisperiodistico.com\/wp-content\/uploads\/2025\/03\/img-20250324-wa01558555929478842265235.jpg 900w\" sizes=\"(max-width: 300px) 100vw, 300px\" \/><\/figure>\n\n\n\n<figure class=\"wp-block-image\"><img loading=\"lazy\" decoding=\"async\" width=\"300\" height=\"200\" src=\"https:\/\/contextoanalisisperiodistico.com\/wp-content\/uploads\/2025\/03\/img-20250324-wa0157265412286019661504-300x200.jpg\" alt=\"\" class=\"wp-image-38924\" srcset=\"https:\/\/contextoanalisisperiodistico.com\/wp-content\/uploads\/2025\/03\/img-20250324-wa0157265412286019661504-300x200.jpg 300w, https:\/\/contextoanalisisperiodistico.com\/wp-content\/uploads\/2025\/03\/img-20250324-wa0157265412286019661504-768x512.jpg 768w, https:\/\/contextoanalisisperiodistico.com\/wp-content\/uploads\/2025\/03\/img-20250324-wa0157265412286019661504.jpg 900w\" sizes=\"(max-width: 300px) 100vw, 300px\" \/><\/figure>\n\n\n\n<figure class=\"wp-block-image\"><img loading=\"lazy\" decoding=\"async\" width=\"300\" height=\"200\" src=\"https:\/\/contextoanalisisperiodistico.com\/wp-content\/uploads\/2025\/03\/img-20250324-wa01562328282364149070940-300x200.jpg\" alt=\"\" class=\"wp-image-38926\" srcset=\"https:\/\/contextoanalisisperiodistico.com\/wp-content\/uploads\/2025\/03\/img-20250324-wa01562328282364149070940-300x200.jpg 300w, https:\/\/contextoanalisisperiodistico.com\/wp-content\/uploads\/2025\/03\/img-20250324-wa01562328282364149070940-768x512.jpg 768w, https:\/\/contextoanalisisperiodistico.com\/wp-content\/uploads\/2025\/03\/img-20250324-wa01562328282364149070940.jpg 900w\" sizes=\"(max-width: 300px) 100vw, 300px\" \/><\/figure>\n","protected":false},"excerpt":{"rendered":"<p>\u2022 La dependencia ha distribuido el l\u00edquido mediante pipas y se han instalado 25 hidrantes&#8230;<\/p>\n","protected":false},"author":4,"featured_media":38922,"comment_status":"","ping_status":"open","sticky":false,"template":"","format":"standard","meta":{"footnotes":""},"categories":[9],"tags":[],"jetpack_sharing_enabled":true,"featured_image_urls":{"full":["https:\/\/contextoanalisisperiodistico.com\/wp-content\/uploads\/2025\/03\/IMG-20250324-WA0152.jpg",900,600,false],"thumbnail":["https:\/\/contextoanalisisperiodistico.com\/wp-content\/uploads\/2025\/03\/IMG-20250324-WA0152-150x150.jpg",150,150,true],"medium":["https:\/\/contextoanalisisperiodistico.com\/wp-content\/uploads\/2025\/03\/IMG-20250324-WA0152-300x200.jpg",300,200,true],"medium_large":["https:\/\/contextoanalisisperiodistico.com\/wp-content\/uploads\/2025\/03\/IMG-20250324-WA0152-768x512.jpg",640,427,true],"large":["https:\/\/contextoanalisisperiodistico.com\/wp-content\/uploads\/2025\/03\/IMG-20250324-WA0152.jpg",640,427,false],"1536x1536":["https:\/\/contextoanalisisperiodistico.com\/wp-content\/uploads\/2025\/03\/IMG-20250324-WA0152.jpg",900,600,false],"2048x2048":["https:\/\/contextoanalisisperiodistico.com\/wp-content\/uploads\/2025\/03\/IMG-20250324-WA0152.jpg",900,600,false],"covernews-slider-full":["https:\/\/contextoanalisisperiodistico.com\/wp-content\/uploads\/2025\/03\/IMG-20250324-WA0152.jpg",900,600,false],"covernews-slider-center":["https:\/\/contextoanalisisperiodistico.com\/wp-content\/uploads\/2025\/03\/IMG-20250324-WA0152-800x500.jpg",800,500,true],"covernews-featured":["https:\/\/contextoanalisisperiodistico.com\/wp-content\/uploads\/2025\/03\/IMG-20250324-WA0152.jpg",900,600,false],"covernews-medium":["https:\/\/contextoanalisisperiodistico.com\/wp-content\/uploads\/2025\/03\/IMG-20250324-WA0152-540x340.jpg",540,340,true],"covernews-medium-square":["https:\/\/contextoanalisisperiodistico.com\/wp-content\/uploads\/2025\/03\/IMG-20250324-WA0152-400x250.jpg",400,250,true]},"author_info":{"display_name":"Mario Gir\u00f3n","author_link":"https:\/\/contextoanalisisperiodistico.com\/index.php\/author\/director\/"},"category_info":"<a href=\"https:\/\/contextoanalisisperiodistico.com\/index.php\/category\/politica\/\" rel=\"category tag\">Pol\u00edtica<\/a>","tag_info":"Pol\u00edtica","comment_count":"0","jetpack_featured_media_url":"https:\/\/contextoanalisisperiodistico.com\/wp-content\/uploads\/2025\/03\/IMG-20250324-WA0152.jpg","_links":{"self":[{"href":"https:\/\/contextoanalisisperiodistico.com\/index.php\/wp-json\/wp\/v2\/posts\/38928"}],"collection":[{"href":"https:\/\/contextoanalisisperiodistico.com\/index.php\/wp-json\/wp\/v2\/posts"}],"about":[{"href":"https:\/\/contextoanalisisperiodistico.com\/index.php\/wp-json\/wp\/v2\/types\/post"}],"author":[{"embeddable":true,"href":"https:\/\/contextoanalisisperiodistico.com\/index.php\/wp-json\/wp\/v2\/users\/4"}],"replies":[{"embeddable":true,"href":"https:\/\/contextoanalisisperiodistico.com\/index.php\/wp-json\/wp\/v2\/comments?post=38928"}],"version-history":[{"count":0,"href":"https:\/\/contextoanalisisperiodistico.com\/index.php\/wp-json\/wp\/v2\/posts\/38928\/revisions"}],"wp:featuredmedia":[{"embeddable":true,"href":"https:\/\/contextoanalisisperiodistico.com\/index.php\/wp-json\/wp\/v2\/media\/38922"}],"wp:attachment":[{"href":"https:\/\/contextoanalisisperiodistico.com\/index.php\/wp-json\/wp\/v2\/media?parent=38928"}],"wp:term":[{"taxonomy":"category","embeddable":true,"href":"https:\/\/contextoanalisisperiodistico.com\/index.php\/wp-json\/wp\/v2\/categories?post=38928"},{"taxonomy":"post_tag","embeddable":true,"href":"https:\/\/contextoanalisisperiodistico.com\/index.php\/wp-json\/wp\/v2\/tags?post=38928"}],"curies":[{"name":"wp","href":"https:\/\/api.w.org\/{rel}","templated":true}]}}