{"id":38902,"date":"2025-03-24T16:01:08","date_gmt":"2025-03-24T22:01:08","guid":{"rendered":"https:\/\/contextoanalisisperiodistico.com\/index.php\/2025\/03\/24\/el-fentalino-te-mata-lema-del-42intercolegial-estatal-cobao-2025\/"},"modified":"2025-03-24T16:01:08","modified_gmt":"2025-03-24T22:01:08","slug":"el-fentalino-te-mata-lema-del-42intercolegial-estatal-cobao-2025","status":"publish","type":"post","link":"https:\/\/contextoanalisisperiodistico.com\/index.php\/2025\/03\/24\/el-fentalino-te-mata-lema-del-42intercolegial-estatal-cobao-2025\/","title":{"rendered":"\u201cEl Fentalino te mata\u201d, lema del 42\u00b0Intercolegial Estatal COBAO 2025"},"content":{"rendered":"<div id=\"fb-root\"><\/div>\n\n<p>*La cita, 26, 27 y 28 de marzo, en la sede del Plantel n\u00famero 32 de Cuil\u00e1pam de Guerrero<\/p>\n\n\n\n<figure class=\"wp-block-video\"><video controls src=\"https:\/\/contextoanalisisperiodistico.com\/wp-content\/uploads\/2025\/03\/VID20250324122616.mp4\"><\/video><\/figure>\n\n\n\n<figure class=\"wp-block-video\"><video controls src=\"https:\/\/contextoanalisisperiodistico.com\/wp-content\/uploads\/2025\/03\/VID20250324122927.mp4\"><\/video><\/figure>\n\n\n\n<p>Mario GIR\u00d3N<br \/>\u201cEl Fentalino te mata\u201d, es lema de cuidado estudiantil en la edici\u00f3n 42 del Intercolegial Estatal Acad\u00e9mico, Cultural y Deportivo del Colegio de Bachilleres de Oaxaca, anunciado esta ma\u00f1ana, por la directoral general del COBAO, Mtra. Angelica P\u00e9rez Garc\u00eda. Mil 629 alumnos, 849 mujeres y 780 varones participar\u00e1n en una sana convivencia a partir del 26, 27 y 28 del presente marzo, inform\u00f3 la funcionaria.<br \/>En rueda de prensa con representantes de diversos medios de comunicaci\u00f3n, la acad\u00e9mica P\u00e9rez Garc\u00eda se refiri\u00f3 al origen del citado lema, el cual, significa un mensaje importante de vida en la m\u00e1xima justa estudiantil de educaci\u00f3n media superior en Oaxaca:<br \/>\u201cEn el marco de lo establecido por la nueva Escuela Mexicana, totalmente en armon\u00eda con la pol\u00edtica p\u00fablica de vida saludable que impulsa nuestra Presidenta, Claudia Sheinbaum Pardo y en corresponsabilidad con la formaci\u00f3n integral de nuestros adolescentes y juventudes, como autoridad educativa estamos cumpliendo la obligaci\u00f3n de realizar acciones para el cuidado de nuestro estudiantado considerado el activo m\u00e1s valioso que tenemos en este momento ya que representan el futuro inmediato de nuestra Naci\u00f3n\u201d.<br \/>En la sala de juntas, en donde cuelgan fotograf\u00edas de mujeres y hombres, estudiantes del COBAO, medallistas en Olimpiadas de Conocimiento, tanto en el pa\u00eds como en diversas partes del mundo, la Mtra. Angelica P\u00e9rez Garc\u00eda explic\u00f3 que alumnos de los 68 planteles del subsistema COBAO participar\u00e1n en la fase estatal del Intercolegial 2025, cuya sede ser\u00e1 el plantel 32 de Cuil\u00e1pam de Guerrero.<br \/>La directora Garc\u00eda P\u00e9rez ser\u00e1 quien presida el arranque de las hostilidades el pr\u00f3ximo d\u00eda 26 del presente, con el desfile de alumnos y docentes de los planteles participantes. La hora pactada es las 9 de la ma\u00f1ana y las principales calles de Cuil\u00e1pam de Guerrero ser\u00e1n la ruta de los protagonistas de esta nueva historia acad\u00e9mica, cultural y deportiva.<br \/>Por ejemplo, en el campo de la Ciencia, los alumnos que calificaron a la fase estatal demostrar\u00e1n conocimientos e intentar\u00e1n ganara en materia de Ciencias Naturales, Experimentales y Tecnolog\u00eda, Ciencias Sociales, Cultura Digital, Pensamiento Matem\u00e1tico, Lenguaje y Comunicaci\u00f3n, Ingl\u00e9s y Humanidades.<br \/>As\u00ed como la creatividad e innovaci\u00f3n se hace presente en la presentaci\u00f3n de prototipos en Expociencia y Tecnolog\u00eda, adem\u00e1s de una exposici\u00f3n en Fotomicrograf\u00eda Cient\u00edfica y simult\u00e1neamente el concurso de Encuentro Acad\u00e9mico con la disertaci\u00f3n de diversos temas en Ciencias Experimentales, Matem\u00e1ticas, Ciencias Sociales, Humanidades y Comunicaci\u00f3n.<br \/>En los concursos Culturales y Art\u00edsticos, los participantes dar\u00e1n a conocer seguridad, elocuencia, armon\u00eda, inspiraci\u00f3n y originalidad en un Foro Juvenil, j\u00f3venes escritores en cuento, poes\u00eda, m\u00fasica, teatro, canto, baile moderno y folcl\u00f3rico.<br \/>En el concurso C\u00edvico destacar\u00e1 la demostraci\u00f3n de disciplina y formalidad de cada integrante en Banda de Guerra y Escolta, gallard\u00eda, entonaci\u00f3n, volumen, uniformidad y habilidad del comandante.<br \/>En los encuentros deportivos destacar\u00e1n: basquetbol, futbol, beisbol, voleibol, ajedrez, atletismo y las diversas pruebas de campo en la pista del Polideportivo, en El Tequio y Unidad Deportiva de Cuil\u00e1pam de Guerrero.<br \/>El mi\u00e9rcoles 26 de marzo, a las 9:40 horas, en la cancha de basquetbol de la Unidad Deportiva del Cuil\u00e1pam de Guerrero, ser\u00e1 la inauguraci\u00f3n de una muestra gastron\u00f3mica, siguiendo con los lineamientos de la SEP de acuerdo a la Nueva Escuela Mexicana, ofreciendo al estudiantado del COBAO alimentos saludables, sin fines de lucro, a un costo accesible.<\/p>\n","protected":false},"excerpt":{"rendered":"<p>*La cita, 26, 27 y 28 de marzo, en la sede del Plantel n\u00famero 32&#8230;<\/p>\n","protected":false},"author":4,"featured_media":38899,"comment_status":"","ping_status":"open","sticky":false,"template":"","format":"standard","meta":{"footnotes":""},"categories":[9],"tags":[262,266,265],"jetpack_sharing_enabled":true,"featured_image_urls":{"full":["https:\/\/contextoanalisisperiodistico.com\/wp-content\/uploads\/2025\/03\/IMG_20250324_155130.jpg",720,1084,false],"thumbnail":["https:\/\/contextoanalisisperiodistico.com\/wp-content\/uploads\/2025\/03\/IMG_20250324_155130-150x150.jpg",150,150,true],"medium":["https:\/\/contextoanalisisperiodistico.com\/wp-content\/uploads\/2025\/03\/IMG_20250324_155130-199x300.jpg",199,300,true],"medium_large":["https:\/\/contextoanalisisperiodistico.com\/wp-content\/uploads\/2025\/03\/IMG_20250324_155130.jpg",640,964,false],"large":["https:\/\/contextoanalisisperiodistico.com\/wp-content\/uploads\/2025\/03\/IMG_20250324_155130-680x1024.jpg",640,964,true],"1536x1536":["https:\/\/contextoanalisisperiodistico.com\/wp-content\/uploads\/2025\/03\/IMG_20250324_155130.jpg",720,1084,false],"2048x2048":["https:\/\/contextoanalisisperiodistico.com\/wp-content\/uploads\/2025\/03\/IMG_20250324_155130.jpg",720,1084,false],"covernews-slider-full":["https:\/\/contextoanalisisperiodistico.com\/wp-content\/uploads\/2025\/03\/IMG_20250324_155130-720x715.jpg",720,715,true],"covernews-slider-center":["https:\/\/contextoanalisisperiodistico.com\/wp-content\/uploads\/2025\/03\/IMG_20250324_155130-720x500.jpg",720,500,true],"covernews-featured":["https:\/\/contextoanalisisperiodistico.com\/wp-content\/uploads\/2025\/03\/IMG_20250324_155130.jpg",720,1084,false],"covernews-medium":["https:\/\/contextoanalisisperiodistico.com\/wp-content\/uploads\/2025\/03\/IMG_20250324_155130-540x340.jpg",540,340,true],"covernews-medium-square":["https:\/\/contextoanalisisperiodistico.com\/wp-content\/uploads\/2025\/03\/IMG_20250324_155130-400x250.jpg",400,250,true]},"author_info":{"display_name":"Mario Gir\u00f3n","author_link":"https:\/\/contextoanalisisperiodistico.com\/index.php\/author\/director\/"},"category_info":"<a href=\"https:\/\/contextoanalisisperiodistico.com\/index.php\/category\/politica\/\" rel=\"category tag\">Pol\u00edtica<\/a>","tag_info":"Pol\u00edtica","comment_count":"0","jetpack_featured_media_url":"https:\/\/contextoanalisisperiodistico.com\/wp-content\/uploads\/2025\/03\/IMG_20250324_155130.jpg","_links":{"self":[{"href":"https:\/\/contextoanalisisperiodistico.com\/index.php\/wp-json\/wp\/v2\/posts\/38902"}],"collection":[{"href":"https:\/\/contextoanalisisperiodistico.com\/index.php\/wp-json\/wp\/v2\/posts"}],"about":[{"href":"https:\/\/contextoanalisisperiodistico.com\/index.php\/wp-json\/wp\/v2\/types\/post"}],"author":[{"embeddable":true,"href":"https:\/\/contextoanalisisperiodistico.com\/index.php\/wp-json\/wp\/v2\/users\/4"}],"replies":[{"embeddable":true,"href":"https:\/\/contextoanalisisperiodistico.com\/index.php\/wp-json\/wp\/v2\/comments?post=38902"}],"version-history":[{"count":0,"href":"https:\/\/contextoanalisisperiodistico.com\/index.php\/wp-json\/wp\/v2\/posts\/38902\/revisions"}],"wp:featuredmedia":[{"embeddable":true,"href":"https:\/\/contextoanalisisperiodistico.com\/index.php\/wp-json\/wp\/v2\/media\/38899"}],"wp:attachment":[{"href":"https:\/\/contextoanalisisperiodistico.com\/index.php\/wp-json\/wp\/v2\/media?parent=38902"}],"wp:term":[{"taxonomy":"category","embeddable":true,"href":"https:\/\/contextoanalisisperiodistico.com\/index.php\/wp-json\/wp\/v2\/categories?post=38902"},{"taxonomy":"post_tag","embeddable":true,"href":"https:\/\/contextoanalisisperiodistico.com\/index.php\/wp-json\/wp\/v2\/tags?post=38902"}],"curies":[{"name":"wp","href":"https:\/\/api.w.org\/{rel}","templated":true}]}}