{"id":38896,"date":"2025-03-24T12:52:32","date_gmt":"2025-03-24T18:52:32","guid":{"rendered":"https:\/\/contextoanalisisperiodistico.com\/?p=38896"},"modified":"2025-03-24T13:42:26","modified_gmt":"2025-03-24T19:42:26","slug":"rescato-salomon-jara-del-abandono-el-edificio-del-hospital-de-la-mujer-y-la-ninez-oaxaquena","status":"publish","type":"post","link":"https:\/\/contextoanalisisperiodistico.com\/index.php\/2025\/03\/24\/rescato-salomon-jara-del-abandono-el-edificio-del-hospital-de-la-mujer-y-la-ninez-oaxaquena\/","title":{"rendered":"Rescat\u00f3 Salom\u00f3n Jara del abandono el edificio del Hospital de la Mujer y la Ni\u00f1ez Oaxaque\u00f1a"},"content":{"rendered":"<div id=\"fb-root\"><\/div>\n\n<p>\u2022 El Gobernador del Estado explic\u00f3 que este inmueble era un elefante blanco, heredado por la anterior administraci\u00f3n<\/p>\n\n\n\n<p>\u2022 Consejero Jur\u00eddico inform\u00f3 que no exist\u00eda certeza jur\u00eddica sobre la posesi\u00f3n de la propiedad<\/p>\n\n\n\n<p>Oaxaca de Ju\u00e1rez, Oax. 24 de marzo de 2025.- El Gobernador Salom\u00f3n Jara Cruz explic\u00f3 las acciones que realiz\u00f3 su administraci\u00f3n para reordenar el proyecto del Hospital de la Mujer y la Ni\u00f1ez Oaxaque\u00f1a, que fue inaugurado el viernes pasado.<\/p>\n\n\n\n<p>En conferencia de prensa, el Mandatario estatal se\u00f1al\u00f3 que, cuando inici\u00f3 su administraci\u00f3n recibi\u00f3 este inmueble como un \u201celefante blanco\u201d, sin que siquiera hubiera certeza jur\u00eddica sobre la posesi\u00f3n del inmueble.<\/p>\n\n\n\n<p>\u201cHay quienes pretenden desinformar y confundir al pueblo, diciendo que el hospital ya hab\u00eda sido inaugurado por el anterior gobierno estatal. Dicen que ya exist\u00eda, que ya se hab\u00eda inaugurado una, dos, tres veces; y la verdad es que este hospital no ten\u00eda ni pies ni cabeza\u201d, dijo.<\/p>\n\n\n\n<p>En este sentido, Jara Cruz reiter\u00f3 su agradecimiento a la Presidenta Claudia Sheinbaum, quien apoy\u00f3 con todas las medidas realizadas para poner en marcha este centro m\u00e9dico, que, con los gobiernos de la Cuarta Transformaci\u00f3n y la Primavera Oaxaque\u00f1a, es una realidad; en la que la salud dej\u00f3 de ser una mercanc\u00eda, y pas\u00f3 a ser un derecho.<\/p>\n\n\n\n<p>Al respecto, el titular de la Consejer\u00eda Jur\u00eddica y Asistencia Legal del Gobierno de Oaxaca, Geovany V\u00e1squez Sagrero record\u00f3 que la administraci\u00f3n estatal anterior entreg\u00f3 este edificio al Instituto de Seguridad y Servicios Sociales de los Trabajadores del Estado (ISSSTE), en pago por pasivos por concepto de cuotas.<\/p>\n\n\n\n<p>\u201cDejaron un desorden total en el tema de la escritura; quisieron realizar una operaci\u00f3n que se llama jur\u00eddicamente daci\u00f3n en pago, sin embargo, lo hicieron mal, lo hicieron privado, no lo llevaron ante un notario p\u00fablico, no elevaron a escritura p\u00fablica este instrumento, ni hicieron la inscripci\u00f3n en el Instituto Catastral y el Instituto de la Funci\u00f3n Registral\u201d, dijo.<\/p>\n\n\n\n<p>El funcionario detall\u00f3 que, la administraci\u00f3n del Gobernador Salom\u00f3n Jara, llev\u00f3 a cabo todas las gestiones ante el ISSSTE y el IMSS-Bienestar para regularizar la documentaci\u00f3n de este hospital.<\/p>\n\n\n\n<p>Hoy, agreg\u00f3, se cuenta con una inscripci\u00f3n registral, una c\u00e9dula catastral, y ante el Instituto de Administraci\u00f3n y Aval\u00faos de Bienes Nacionales (Indaabin).<\/p>\n\n\n\n<p>El Hospital General de la Mujer y la Ni\u00f1ez Oaxaque\u00f1a beneficiar\u00e1 a un mill\u00f3n 750 mil personas no derechohabientes; con tecnolog\u00eda \u00fanica en el estado, como: un tom\u00f3grafo de 128 cortes; el primer mast\u00f3grafo digital y el primer fluoroscopio en la entidad; adem\u00e1s, brinda el primer servicio de neonatolog\u00eda con cunas de calor radiante y fototerapia para atender a beb\u00e9s prematuros.<\/p>\n\n\n\n<p>-0-<\/p>\n","protected":false},"excerpt":{"rendered":"<p>\u2022 El Gobernador del Estado explic\u00f3 que este inmueble era un elefante blanco, heredado por&#8230;<\/p>\n","protected":false},"author":4,"featured_media":38897,"comment_status":"closed","ping_status":"open","sticky":false,"template":"","format":"standard","meta":{"footnotes":""},"categories":[9],"tags":[],"jetpack_sharing_enabled":true,"featured_image_urls":{"full":["https:\/\/contextoanalisisperiodistico.com\/wp-content\/uploads\/2025\/03\/IMG-20250324-WA0067.jpg",1280,853,false],"thumbnail":["https:\/\/contextoanalisisperiodistico.com\/wp-content\/uploads\/2025\/03\/IMG-20250324-WA0067-150x150.jpg",150,150,true],"medium":["https:\/\/contextoanalisisperiodistico.com\/wp-content\/uploads\/2025\/03\/IMG-20250324-WA0067-300x200.jpg",300,200,true],"medium_large":["https:\/\/contextoanalisisperiodistico.com\/wp-content\/uploads\/2025\/03\/IMG-20250324-WA0067-768x512.jpg",640,427,true],"large":["https:\/\/contextoanalisisperiodistico.com\/wp-content\/uploads\/2025\/03\/IMG-20250324-WA0067-1024x682.jpg",640,426,true],"1536x1536":["https:\/\/contextoanalisisperiodistico.com\/wp-content\/uploads\/2025\/03\/IMG-20250324-WA0067.jpg",1280,853,false],"2048x2048":["https:\/\/contextoanalisisperiodistico.com\/wp-content\/uploads\/2025\/03\/IMG-20250324-WA0067.jpg",1280,853,false],"covernews-slider-full":["https:\/\/contextoanalisisperiodistico.com\/wp-content\/uploads\/2025\/03\/IMG-20250324-WA0067-1115x715.jpg",1115,715,true],"covernews-slider-center":["https:\/\/contextoanalisisperiodistico.com\/wp-content\/uploads\/2025\/03\/IMG-20250324-WA0067-800x500.jpg",800,500,true],"covernews-featured":["https:\/\/contextoanalisisperiodistico.com\/wp-content\/uploads\/2025\/03\/IMG-20250324-WA0067-1024x682.jpg",1024,682,true],"covernews-medium":["https:\/\/contextoanalisisperiodistico.com\/wp-content\/uploads\/2025\/03\/IMG-20250324-WA0067-540x340.jpg",540,340,true],"covernews-medium-square":["https:\/\/contextoanalisisperiodistico.com\/wp-content\/uploads\/2025\/03\/IMG-20250324-WA0067-400x250.jpg",400,250,true]},"author_info":{"display_name":"Mario Gir\u00f3n","author_link":"https:\/\/contextoanalisisperiodistico.com\/index.php\/author\/director\/"},"category_info":"<a href=\"https:\/\/contextoanalisisperiodistico.com\/index.php\/category\/politica\/\" rel=\"category tag\">Pol\u00edtica<\/a>","tag_info":"Pol\u00edtica","comment_count":"0","jetpack_featured_media_url":"https:\/\/contextoanalisisperiodistico.com\/wp-content\/uploads\/2025\/03\/IMG-20250324-WA0067.jpg","_links":{"self":[{"href":"https:\/\/contextoanalisisperiodistico.com\/index.php\/wp-json\/wp\/v2\/posts\/38896"}],"collection":[{"href":"https:\/\/contextoanalisisperiodistico.com\/index.php\/wp-json\/wp\/v2\/posts"}],"about":[{"href":"https:\/\/contextoanalisisperiodistico.com\/index.php\/wp-json\/wp\/v2\/types\/post"}],"author":[{"embeddable":true,"href":"https:\/\/contextoanalisisperiodistico.com\/index.php\/wp-json\/wp\/v2\/users\/4"}],"replies":[{"embeddable":true,"href":"https:\/\/contextoanalisisperiodistico.com\/index.php\/wp-json\/wp\/v2\/comments?post=38896"}],"version-history":[{"count":1,"href":"https:\/\/contextoanalisisperiodistico.com\/index.php\/wp-json\/wp\/v2\/posts\/38896\/revisions"}],"predecessor-version":[{"id":38898,"href":"https:\/\/contextoanalisisperiodistico.com\/index.php\/wp-json\/wp\/v2\/posts\/38896\/revisions\/38898"}],"wp:featuredmedia":[{"embeddable":true,"href":"https:\/\/contextoanalisisperiodistico.com\/index.php\/wp-json\/wp\/v2\/media\/38897"}],"wp:attachment":[{"href":"https:\/\/contextoanalisisperiodistico.com\/index.php\/wp-json\/wp\/v2\/media?parent=38896"}],"wp:term":[{"taxonomy":"category","embeddable":true,"href":"https:\/\/contextoanalisisperiodistico.com\/index.php\/wp-json\/wp\/v2\/categories?post=38896"},{"taxonomy":"post_tag","embeddable":true,"href":"https:\/\/contextoanalisisperiodistico.com\/index.php\/wp-json\/wp\/v2\/tags?post=38896"}],"curies":[{"name":"wp","href":"https:\/\/api.w.org\/{rel}","templated":true}]}}