{"id":38895,"date":"2025-03-24T12:03:19","date_gmt":"2025-03-24T18:03:19","guid":{"rendered":"https:\/\/contextoanalisisperiodistico.com\/index.php\/2025\/03\/24\/feria-del-empleo-en-oaxaca-de-juarez-una-oportunidad-para-el-crecimiento-laboral\/"},"modified":"2025-03-24T12:03:19","modified_gmt":"2025-03-24T18:03:19","slug":"feria-del-empleo-en-oaxaca-de-juarez-una-oportunidad-para-el-crecimiento-laboral","status":"publish","type":"post","link":"https:\/\/contextoanalisisperiodistico.com\/index.php\/2025\/03\/24\/feria-del-empleo-en-oaxaca-de-juarez-una-oportunidad-para-el-crecimiento-laboral\/","title":{"rendered":"Feria del Empleo en Oaxaca de Ju\u00e1rez: una oportunidad para el crecimiento laboral"},"content":{"rendered":"<div id=\"fb-root\"><\/div>\n\n<p>\u2022 Vecinas y vecinos de la capital oaxaque\u00f1a podr\u00e1n conocer ofertas laborales de manera directa con los empleadores<\/p>\n\n\n\n<p>Oaxaca de Ju\u00e1rez, 24 de marzo de 2025 \u2013 Este martes 25 de marzo, el Palacio Municipal de Oaxaca de Ju\u00e1rez ser\u00e1 sede de la Feria del Empleo, un evento dirigido a personas en busca de oportunidades laborales. La jornada, que se llevar\u00e1 a cabo de 10:00 a 15:00 horas y contar\u00e1 con la participaci\u00f3n de diversas empresas que ofrecer\u00e1n vacantes para distintos sectores.<\/p>\n\n\n\n<p>Esta feria es una acci\u00f3n en colaboraci\u00f3n con la Coordinaci\u00f3n del Servicio Nacional de Empleo del Gobierno del Estado de Oaxaca, la Secretar\u00eda de Trabajo y Previsi\u00f3n Social y la Secretar\u00eda de Prosperidad Econ\u00f3mica Vecinal, con la cual se busca conectar a quienes buscan empleo con las mejores oportunidades laborales disponibles en la capital oaxaque\u00f1a.<\/p>\n\n\n\n<p>La actividad es impulsada por el Presidente Municipal, Ray Chagoya, como parte de su compromiso con el desarrollo econ\u00f3mico y el bienestar de los oaxaque\u00f1os.<\/p>\n\n\n\n<p>Durante el evento, las y los asistentes podr\u00e1n acceder a vacantes en diversas \u00e1reas, recibir orientaci\u00f3n laboral y realizar entrevistas directamente con los empleadores. Adem\u00e1s, se brindar\u00e1n servicios de asesor\u00eda sobre el desarrollo profesional y el fortalecimiento de habilidades.<\/p>\n\n\n\n<p>Este esfuerzo conjunto reafirma el compromiso de la administraci\u00f3n municipal con el bienestar social y econ\u00f3mico de las familias oaxaque\u00f1as, proporcionando una plataforma efectiva para que m\u00e1s personas accedan a empleos dignos conforme lo establece la ley.<\/p>\n","protected":false},"excerpt":{"rendered":"<p>\u2022 Vecinas y vecinos de la capital oaxaque\u00f1a podr\u00e1n conocer ofertas laborales de manera directa&#8230;<\/p>\n","protected":false},"author":4,"featured_media":38894,"comment_status":"","ping_status":"open","sticky":false,"template":"","format":"standard","meta":{"footnotes":""},"categories":[3],"tags":[178,235,234,45],"jetpack_sharing_enabled":true,"featured_image_urls":{"full":["https:\/\/contextoanalisisperiodistico.com\/wp-content\/uploads\/2025\/03\/IMG-20250324-WA0062.jpg",1080,1346,false],"thumbnail":["https:\/\/contextoanalisisperiodistico.com\/wp-content\/uploads\/2025\/03\/IMG-20250324-WA0062-150x150.jpg",150,150,true],"medium":["https:\/\/contextoanalisisperiodistico.com\/wp-content\/uploads\/2025\/03\/IMG-20250324-WA0062-241x300.jpg",241,300,true],"medium_large":["https:\/\/contextoanalisisperiodistico.com\/wp-content\/uploads\/2025\/03\/IMG-20250324-WA0062-768x957.jpg",640,798,true],"large":["https:\/\/contextoanalisisperiodistico.com\/wp-content\/uploads\/2025\/03\/IMG-20250324-WA0062-822x1024.jpg",640,797,true],"1536x1536":["https:\/\/contextoanalisisperiodistico.com\/wp-content\/uploads\/2025\/03\/IMG-20250324-WA0062.jpg",1080,1346,false],"2048x2048":["https:\/\/contextoanalisisperiodistico.com\/wp-content\/uploads\/2025\/03\/IMG-20250324-WA0062.jpg",1080,1346,false],"covernews-slider-full":["https:\/\/contextoanalisisperiodistico.com\/wp-content\/uploads\/2025\/03\/IMG-20250324-WA0062-1080x715.jpg",1080,715,true],"covernews-slider-center":["https:\/\/contextoanalisisperiodistico.com\/wp-content\/uploads\/2025\/03\/IMG-20250324-WA0062-800x500.jpg",800,500,true],"covernews-featured":["https:\/\/contextoanalisisperiodistico.com\/wp-content\/uploads\/2025\/03\/IMG-20250324-WA0062-1024x1276.jpg",1024,1276,true],"covernews-medium":["https:\/\/contextoanalisisperiodistico.com\/wp-content\/uploads\/2025\/03\/IMG-20250324-WA0062-540x340.jpg",540,340,true],"covernews-medium-square":["https:\/\/contextoanalisisperiodistico.com\/wp-content\/uploads\/2025\/03\/IMG-20250324-WA0062-400x250.jpg",400,250,true]},"author_info":{"display_name":"Mario Gir\u00f3n","author_link":"https:\/\/contextoanalisisperiodistico.com\/index.php\/author\/director\/"},"category_info":"<a href=\"https:\/\/contextoanalisisperiodistico.com\/index.php\/category\/ciudad\/\" rel=\"category tag\">Ciudad<\/a>","tag_info":"Ciudad","comment_count":"0","jetpack_featured_media_url":"https:\/\/contextoanalisisperiodistico.com\/wp-content\/uploads\/2025\/03\/IMG-20250324-WA0062.jpg","_links":{"self":[{"href":"https:\/\/contextoanalisisperiodistico.com\/index.php\/wp-json\/wp\/v2\/posts\/38895"}],"collection":[{"href":"https:\/\/contextoanalisisperiodistico.com\/index.php\/wp-json\/wp\/v2\/posts"}],"about":[{"href":"https:\/\/contextoanalisisperiodistico.com\/index.php\/wp-json\/wp\/v2\/types\/post"}],"author":[{"embeddable":true,"href":"https:\/\/contextoanalisisperiodistico.com\/index.php\/wp-json\/wp\/v2\/users\/4"}],"replies":[{"embeddable":true,"href":"https:\/\/contextoanalisisperiodistico.com\/index.php\/wp-json\/wp\/v2\/comments?post=38895"}],"version-history":[{"count":0,"href":"https:\/\/contextoanalisisperiodistico.com\/index.php\/wp-json\/wp\/v2\/posts\/38895\/revisions"}],"wp:featuredmedia":[{"embeddable":true,"href":"https:\/\/contextoanalisisperiodistico.com\/index.php\/wp-json\/wp\/v2\/media\/38894"}],"wp:attachment":[{"href":"https:\/\/contextoanalisisperiodistico.com\/index.php\/wp-json\/wp\/v2\/media?parent=38895"}],"wp:term":[{"taxonomy":"category","embeddable":true,"href":"https:\/\/contextoanalisisperiodistico.com\/index.php\/wp-json\/wp\/v2\/categories?post=38895"},{"taxonomy":"post_tag","embeddable":true,"href":"https:\/\/contextoanalisisperiodistico.com\/index.php\/wp-json\/wp\/v2\/tags?post=38895"}],"curies":[{"name":"wp","href":"https:\/\/api.w.org\/{rel}","templated":true}]}}