{"id":38893,"date":"2025-03-24T10:54:56","date_gmt":"2025-03-24T16:54:56","guid":{"rendered":"https:\/\/contextoanalisisperiodistico.com\/index.php\/2025\/03\/24\/avanza-plan-de-iluminacion-de-calles-y-avenidas-de-la-zona-metropolitana-sic\/"},"modified":"2025-03-24T10:54:56","modified_gmt":"2025-03-24T16:54:56","slug":"avanza-plan-de-iluminacion-de-calles-y-avenidas-de-la-zona-metropolitana-sic","status":"publish","type":"post","link":"https:\/\/contextoanalisisperiodistico.com\/index.php\/2025\/03\/24\/avanza-plan-de-iluminacion-de-calles-y-avenidas-de-la-zona-metropolitana-sic\/","title":{"rendered":"Avanza plan de iluminaci\u00f3n de calles y avenidas de la Zona Metropolitana: SIC"},"content":{"rendered":"<div id=\"fb-root\"><\/div>\n\n<p>\u2022 A la fecha se han rehabilitado y colocado mil 45 luminarias de un total de 2 mil 30 en los municipios de Oaxaca de Ju\u00e1rez, Santa Luc\u00eda del Camino y Santa Cruz Xoxocotl\u00e1n<\/p>\n\n\n\n<figure class=\"wp-block-image size-large\"><img fetchpriority=\"high\" decoding=\"async\" width=\"1024\" height=\"576\" src=\"https:\/\/contextoanalisisperiodistico.com\/wp-content\/uploads\/2025\/03\/img-20250324-wa00372365894242020436342-1024x576.jpg\" alt=\"\" class=\"wp-image-38892\" srcset=\"https:\/\/contextoanalisisperiodistico.com\/wp-content\/uploads\/2025\/03\/img-20250324-wa00372365894242020436342-1024x576.jpg 1024w, https:\/\/contextoanalisisperiodistico.com\/wp-content\/uploads\/2025\/03\/img-20250324-wa00372365894242020436342-300x169.jpg 300w, https:\/\/contextoanalisisperiodistico.com\/wp-content\/uploads\/2025\/03\/img-20250324-wa00372365894242020436342-768x432.jpg 768w, https:\/\/contextoanalisisperiodistico.com\/wp-content\/uploads\/2025\/03\/img-20250324-wa00372365894242020436342.jpg 1500w\" sizes=\"(max-width: 1024px) 100vw, 1024px\" \/><\/figure>\n\n\n\n<figure class=\"wp-block-image\"><img decoding=\"async\" width=\"1024\" height=\"576\" src=\"https:\/\/contextoanalisisperiodistico.com\/wp-content\/uploads\/2025\/03\/img-20250324-wa00395358159319392336895-1024x576.jpg\" alt=\"\" class=\"wp-image-38891\" srcset=\"https:\/\/contextoanalisisperiodistico.com\/wp-content\/uploads\/2025\/03\/img-20250324-wa00395358159319392336895-1024x576.jpg 1024w, https:\/\/contextoanalisisperiodistico.com\/wp-content\/uploads\/2025\/03\/img-20250324-wa00395358159319392336895-300x169.jpg 300w, https:\/\/contextoanalisisperiodistico.com\/wp-content\/uploads\/2025\/03\/img-20250324-wa00395358159319392336895-768x432.jpg 768w, https:\/\/contextoanalisisperiodistico.com\/wp-content\/uploads\/2025\/03\/img-20250324-wa00395358159319392336895.jpg 1500w\" sizes=\"(max-width: 1024px) 100vw, 1024px\" \/><\/figure>\n\n\n\n<figure class=\"wp-block-image\"><img decoding=\"async\" width=\"1024\" height=\"683\" src=\"https:\/\/contextoanalisisperiodistico.com\/wp-content\/uploads\/2025\/03\/img-20250324-wa00363634293843415645286-1024x683.jpg\" alt=\"\" class=\"wp-image-38890\" srcset=\"https:\/\/contextoanalisisperiodistico.com\/wp-content\/uploads\/2025\/03\/img-20250324-wa00363634293843415645286-1024x683.jpg 1024w, https:\/\/contextoanalisisperiodistico.com\/wp-content\/uploads\/2025\/03\/img-20250324-wa00363634293843415645286-300x200.jpg 300w, https:\/\/contextoanalisisperiodistico.com\/wp-content\/uploads\/2025\/03\/img-20250324-wa00363634293843415645286-768x512.jpg 768w, https:\/\/contextoanalisisperiodistico.com\/wp-content\/uploads\/2025\/03\/img-20250324-wa00363634293843415645286.jpg 1500w\" sizes=\"(max-width: 1024px) 100vw, 1024px\" \/><\/figure>\n\n\n\n<p>Oaxaca de Ju\u00e1rez, Oax., 24 de marzo de 2025.- La Zona Metropolitana de Oaxaca se transforma con calles y avenidas iluminadas, como parte de las acciones del Programa de Embellecimiento y Dignificaci\u00f3n de las Vialidades de Accesos a la Capital del Estado, que contempla la colocaci\u00f3n de 2 mil 30 luminarias en los municipios de Oaxaca de Ju\u00e1rez, Santa Luc\u00eda del Camino y Santa Cruz Xoxocotl\u00e1n.<\/p>\n\n\n\n<p>Al destacar lo anterior, el titular de la Secretar\u00eda de Infraestructuras y Comunicaciones (SIC), Carlos Vichido Hern\u00e1ndez inform\u00f3 que se han instalado mil 45 l\u00e1mparas, con las cuales se aumenta la seguridad y previenen accidentes en estas localidades.<\/p>\n\n\n\n<p>Precis\u00f3 que a la fecha se ha cumplido con la colocaci\u00f3n de 350 luminarias en Santa Cruz Xoxocotl\u00e1n y 30 en la Central de Abasto; 605 de 650 en Santa Luc\u00eda del Camino y se avanza en Oaxaca de Ju\u00e1rez donde la meta son mil luminarias.<\/p>\n\n\n\n<p>\u201cSeguimos trabajando con resultados tangibles, pues contamos como nunca antes con vialidades rehabilitadas en cuanto a pavimentaci\u00f3n y con iluminaci\u00f3n suficiente para generar condiciones de seguridad y tr\u00e1nsito fluido tanto peatonal como de automotores\u201d, dijo.<\/p>\n\n\n\n<p>Uno de los compromisos de la Primavera Oaxaque\u00f1a, resalt\u00f3 el funcionario, es generar bienestar a la poblaci\u00f3n en aspectos fundamentales como vialidad, infraestructura y seguridad, que aportan a la reconstrucci\u00f3n del tejido social, desarrollo econ\u00f3mico y convivencia social.<\/p>\n\n\n\n<p>Finalmente, reiter\u00f3 el compromiso de la SIC para redoblar esfuerzos tanto en el Mega Plan de Bacheo y Reencarpetamiento como en los trabajos de rehabilitaci\u00f3n de luminarias que se realizan en la Zona Metropolitana.<\/p>\n\n\n\n<p>-0-<\/p>\n","protected":false},"excerpt":{"rendered":"<p>\u2022 A la fecha se han rehabilitado y colocado mil 45 luminarias de un total&#8230;<\/p>\n","protected":false},"author":4,"featured_media":38889,"comment_status":"","ping_status":"open","sticky":false,"template":"","format":"standard","meta":{"footnotes":""},"categories":[3],"tags":[],"jetpack_sharing_enabled":true,"featured_image_urls":{"full":["https:\/\/contextoanalisisperiodistico.com\/wp-content\/uploads\/2025\/03\/IMG-20250324-WA0038.jpg",1500,844,false],"thumbnail":["https:\/\/contextoanalisisperiodistico.com\/wp-content\/uploads\/2025\/03\/IMG-20250324-WA0038-150x150.jpg",150,150,true],"medium":["https:\/\/contextoanalisisperiodistico.com\/wp-content\/uploads\/2025\/03\/IMG-20250324-WA0038-300x169.jpg",300,169,true],"medium_large":["https:\/\/contextoanalisisperiodistico.com\/wp-content\/uploads\/2025\/03\/IMG-20250324-WA0038-768x432.jpg",640,360,true],"large":["https:\/\/contextoanalisisperiodistico.com\/wp-content\/uploads\/2025\/03\/IMG-20250324-WA0038-1024x576.jpg",640,360,true],"1536x1536":["https:\/\/contextoanalisisperiodistico.com\/wp-content\/uploads\/2025\/03\/IMG-20250324-WA0038.jpg",1500,844,false],"2048x2048":["https:\/\/contextoanalisisperiodistico.com\/wp-content\/uploads\/2025\/03\/IMG-20250324-WA0038.jpg",1500,844,false],"covernews-slider-full":["https:\/\/contextoanalisisperiodistico.com\/wp-content\/uploads\/2025\/03\/IMG-20250324-WA0038-1115x715.jpg",1115,715,true],"covernews-slider-center":["https:\/\/contextoanalisisperiodistico.com\/wp-content\/uploads\/2025\/03\/IMG-20250324-WA0038-800x500.jpg",800,500,true],"covernews-featured":["https:\/\/contextoanalisisperiodistico.com\/wp-content\/uploads\/2025\/03\/IMG-20250324-WA0038-1024x576.jpg",1024,576,true],"covernews-medium":["https:\/\/contextoanalisisperiodistico.com\/wp-content\/uploads\/2025\/03\/IMG-20250324-WA0038-540x340.jpg",540,340,true],"covernews-medium-square":["https:\/\/contextoanalisisperiodistico.com\/wp-content\/uploads\/2025\/03\/IMG-20250324-WA0038-400x250.jpg",400,250,true]},"author_info":{"display_name":"Mario Gir\u00f3n","author_link":"https:\/\/contextoanalisisperiodistico.com\/index.php\/author\/director\/"},"category_info":"<a href=\"https:\/\/contextoanalisisperiodistico.com\/index.php\/category\/ciudad\/\" rel=\"category tag\">Ciudad<\/a>","tag_info":"Ciudad","comment_count":"0","jetpack_featured_media_url":"https:\/\/contextoanalisisperiodistico.com\/wp-content\/uploads\/2025\/03\/IMG-20250324-WA0038.jpg","_links":{"self":[{"href":"https:\/\/contextoanalisisperiodistico.com\/index.php\/wp-json\/wp\/v2\/posts\/38893"}],"collection":[{"href":"https:\/\/contextoanalisisperiodistico.com\/index.php\/wp-json\/wp\/v2\/posts"}],"about":[{"href":"https:\/\/contextoanalisisperiodistico.com\/index.php\/wp-json\/wp\/v2\/types\/post"}],"author":[{"embeddable":true,"href":"https:\/\/contextoanalisisperiodistico.com\/index.php\/wp-json\/wp\/v2\/users\/4"}],"replies":[{"embeddable":true,"href":"https:\/\/contextoanalisisperiodistico.com\/index.php\/wp-json\/wp\/v2\/comments?post=38893"}],"version-history":[{"count":0,"href":"https:\/\/contextoanalisisperiodistico.com\/index.php\/wp-json\/wp\/v2\/posts\/38893\/revisions"}],"wp:featuredmedia":[{"embeddable":true,"href":"https:\/\/contextoanalisisperiodistico.com\/index.php\/wp-json\/wp\/v2\/media\/38889"}],"wp:attachment":[{"href":"https:\/\/contextoanalisisperiodistico.com\/index.php\/wp-json\/wp\/v2\/media?parent=38893"}],"wp:term":[{"taxonomy":"category","embeddable":true,"href":"https:\/\/contextoanalisisperiodistico.com\/index.php\/wp-json\/wp\/v2\/categories?post=38893"},{"taxonomy":"post_tag","embeddable":true,"href":"https:\/\/contextoanalisisperiodistico.com\/index.php\/wp-json\/wp\/v2\/tags?post=38893"}],"curies":[{"name":"wp","href":"https:\/\/api.w.org\/{rel}","templated":true}]}}