{"id":38888,"date":"2025-03-23T21:07:48","date_gmt":"2025-03-24T03:07:48","guid":{"rendered":"https:\/\/contextoanalisisperiodistico.com\/index.php\/2025\/03\/23\/a-las-y-los-ciudadanos-de-oaxaca-de-juarez\/"},"modified":"2025-03-23T21:07:48","modified_gmt":"2025-03-24T03:07:48","slug":"a-las-y-los-ciudadanos-de-oaxaca-de-juarez","status":"publish","type":"post","link":"https:\/\/contextoanalisisperiodistico.com\/index.php\/2025\/03\/23\/a-las-y-los-ciudadanos-de-oaxaca-de-juarez\/","title":{"rendered":"A las y los ciudadanos de Oaxaca de Ju\u00e1rez:"},"content":{"rendered":"<div id=\"fb-root\"><\/div>\n\n<p>(Comunicado) En Oaxaca valoramos profundamente el derecho de todas las personas a disfrutar de nuestros espacios p\u00fablicos, as\u00ed como a capturar, en fotograf\u00edas o videos, la belleza de nuestra ciudad. Por ello, queremos reiterar que tomar fotograf\u00edas de car\u00e1cter personal o familiar en espacios p\u00fablicos es totalmente libre, no requiere permisos y no genera ning\u00fan cobro.<\/p>\n\n\n\n<p>Sabemos lo importante que es para las vecinas, vecinos y visitantes conservar recuerdos de los momentos que viven en nuestras calles, plazas y monumentos. Oaxaca es de todas y todos.<\/p>\n\n\n\n<p>Para mantener el orden y el buen uso del espacio p\u00fablico, cuando se trata de filmaciones con fines comerciales \u2014es decir, aquellas que implican el uso de equipo profesional, personal t\u00e9cnico, actores, modelos u otros elementos propios de una producci\u00f3n audiovisual\u2014, es necesario tramitar un permiso conforme al Reglamento de Espect\u00e1culos y Diversiones P\u00fablicas de 2017. Esta medida no busca limitar la creatividad ni la actividad econ\u00f3mica, sino garantizar condiciones equitativas y ordenadas para todas las personas y empresas que utilizan el espacio p\u00fablico como escenario de trabajo.<\/p>\n\n\n\n<p>En relaci\u00f3n con un video que ha circulado recientemente en redes sociales, aclaramos que se trat\u00f3 de una filmaci\u00f3n comercial para una marca con fines de lucro, por lo cual, en cumplimiento de la normatividad vigente, se invit\u00f3 cordialmente a los responsables a regularizar su situaci\u00f3n ante la Unidad de Tr\u00e1mites Empresariales del municipio.<\/p>\n\n\n\n<p>Reiteramos nuestro compromiso con una ciudad abierta y creativa. Seguiremos trabajando para que Oaxaca sea un espacio de expresi\u00f3n, arte, turismo y convivencia, en orden y con respeto para todas y todos.<\/p>\n","protected":false},"excerpt":{"rendered":"<p>(Comunicado) En Oaxaca valoramos profundamente el derecho de todas las personas a disfrutar de nuestros&#8230;<\/p>\n","protected":false},"author":4,"featured_media":38887,"comment_status":"","ping_status":"open","sticky":false,"template":"","format":"standard","meta":{"footnotes":""},"categories":[9],"tags":[178,235,234,45],"jetpack_sharing_enabled":true,"featured_image_urls":{"full":["https:\/\/contextoanalisisperiodistico.com\/wp-content\/uploads\/2025\/03\/IMG_20250323_210652.jpg",720,339,false],"thumbnail":["https:\/\/contextoanalisisperiodistico.com\/wp-content\/uploads\/2025\/03\/IMG_20250323_210652-150x150.jpg",150,150,true],"medium":["https:\/\/contextoanalisisperiodistico.com\/wp-content\/uploads\/2025\/03\/IMG_20250323_210652-300x141.jpg",300,141,true],"medium_large":["https:\/\/contextoanalisisperiodistico.com\/wp-content\/uploads\/2025\/03\/IMG_20250323_210652.jpg",640,301,false],"large":["https:\/\/contextoanalisisperiodistico.com\/wp-content\/uploads\/2025\/03\/IMG_20250323_210652.jpg",640,301,false],"1536x1536":["https:\/\/contextoanalisisperiodistico.com\/wp-content\/uploads\/2025\/03\/IMG_20250323_210652.jpg",720,339,false],"2048x2048":["https:\/\/contextoanalisisperiodistico.com\/wp-content\/uploads\/2025\/03\/IMG_20250323_210652.jpg",720,339,false],"covernews-slider-full":["https:\/\/contextoanalisisperiodistico.com\/wp-content\/uploads\/2025\/03\/IMG_20250323_210652.jpg",720,339,false],"covernews-slider-center":["https:\/\/contextoanalisisperiodistico.com\/wp-content\/uploads\/2025\/03\/IMG_20250323_210652.jpg",720,339,false],"covernews-featured":["https:\/\/contextoanalisisperiodistico.com\/wp-content\/uploads\/2025\/03\/IMG_20250323_210652.jpg",720,339,false],"covernews-medium":["https:\/\/contextoanalisisperiodistico.com\/wp-content\/uploads\/2025\/03\/IMG_20250323_210652-540x339.jpg",540,339,true],"covernews-medium-square":["https:\/\/contextoanalisisperiodistico.com\/wp-content\/uploads\/2025\/03\/IMG_20250323_210652-400x250.jpg",400,250,true]},"author_info":{"display_name":"Mario Gir\u00f3n","author_link":"https:\/\/contextoanalisisperiodistico.com\/index.php\/author\/director\/"},"category_info":"<a href=\"https:\/\/contextoanalisisperiodistico.com\/index.php\/category\/politica\/\" rel=\"category tag\">Pol\u00edtica<\/a>","tag_info":"Pol\u00edtica","comment_count":"0","jetpack_featured_media_url":"https:\/\/contextoanalisisperiodistico.com\/wp-content\/uploads\/2025\/03\/IMG_20250323_210652.jpg","_links":{"self":[{"href":"https:\/\/contextoanalisisperiodistico.com\/index.php\/wp-json\/wp\/v2\/posts\/38888"}],"collection":[{"href":"https:\/\/contextoanalisisperiodistico.com\/index.php\/wp-json\/wp\/v2\/posts"}],"about":[{"href":"https:\/\/contextoanalisisperiodistico.com\/index.php\/wp-json\/wp\/v2\/types\/post"}],"author":[{"embeddable":true,"href":"https:\/\/contextoanalisisperiodistico.com\/index.php\/wp-json\/wp\/v2\/users\/4"}],"replies":[{"embeddable":true,"href":"https:\/\/contextoanalisisperiodistico.com\/index.php\/wp-json\/wp\/v2\/comments?post=38888"}],"version-history":[{"count":0,"href":"https:\/\/contextoanalisisperiodistico.com\/index.php\/wp-json\/wp\/v2\/posts\/38888\/revisions"}],"wp:featuredmedia":[{"embeddable":true,"href":"https:\/\/contextoanalisisperiodistico.com\/index.php\/wp-json\/wp\/v2\/media\/38887"}],"wp:attachment":[{"href":"https:\/\/contextoanalisisperiodistico.com\/index.php\/wp-json\/wp\/v2\/media?parent=38888"}],"wp:term":[{"taxonomy":"category","embeddable":true,"href":"https:\/\/contextoanalisisperiodistico.com\/index.php\/wp-json\/wp\/v2\/categories?post=38888"},{"taxonomy":"post_tag","embeddable":true,"href":"https:\/\/contextoanalisisperiodistico.com\/index.php\/wp-json\/wp\/v2\/tags?post=38888"}],"curies":[{"name":"wp","href":"https:\/\/api.w.org\/{rel}","templated":true}]}}