{"id":38886,"date":"2025-03-23T18:35:45","date_gmt":"2025-03-24T00:35:45","guid":{"rendered":"https:\/\/contextoanalisisperiodistico.com\/index.php\/2025\/03\/23\/atiende-imss-bienestar-a-cinco-lesionados-de-san-francisco-coatlan\/"},"modified":"2025-03-23T18:35:45","modified_gmt":"2025-03-24T00:35:45","slug":"atiende-imss-bienestar-a-cinco-lesionados-de-san-francisco-coatlan","status":"publish","type":"post","link":"https:\/\/contextoanalisisperiodistico.com\/index.php\/2025\/03\/23\/atiende-imss-bienestar-a-cinco-lesionados-de-san-francisco-coatlan\/","title":{"rendered":"Atiende IMSS-Bienestar a cinco lesionados de San Francisco Coatl\u00e1n"},"content":{"rendered":"<div id=\"fb-root\"><\/div>\n\n<ul class=\"wp-block-list\">\n<li>El Ministerio P\u00fablico de Miahuatl\u00e1n tom\u00f3 conocimiento de los hechos y la Polic\u00eda Estatal resguarda el lugar_<\/li>\n<\/ul>\n\n\n\n<p>Miahuatl\u00e1n de Porfirio D\u00edaz, Oax. 23 de marzo de 2025.- El director del Hospital Rural Miahuatl\u00e1n IMSS-Bienestar, Esa\u00fa Ram\u00edrez Gij\u00f3n inform\u00f3 que se brinda atenci\u00f3n m\u00e9dica a cinco pobladores de San Francisco Coatl\u00e1n que resultaron lesionados con arma de fuego, en el incidente registrado esta ma\u00f1ana en el paraje El Limar.<\/p>\n\n\n\n<p>Detall\u00f3 a que a todos se les estabiliz\u00f3 el dolor, cur\u00f3 heridas y se contuvo el sangrado, adem\u00e1s se inmoviliz\u00f3 por vendaje en extremidades seg\u00fan el caso.<\/p>\n\n\n\n<p>Estas personas, todos de sexo masculino, ingresaron al \u00e1rea de urgencias, referidos del Centro de Salud con Servicios Ampliados (CESSA) de San Sebasti\u00e1n Coatl\u00e1n.<\/p>\n\n\n\n<p>Conforme lo establece la ley, estos hechos fueron notificados al Ministerio P\u00fablico de Miahuatl\u00e1n para iniciar las diligencias que haya lugar, y a la Polic\u00eda Estatal para el resguardo del nosocomio.<\/p>\n\n\n\n<p>-0-<\/p>\n","protected":false},"excerpt":{"rendered":"<p>Miahuatl\u00e1n de Porfirio D\u00edaz, Oax. 23 de marzo de 2025.- El director del Hospital Rural&#8230;<\/p>\n","protected":false},"author":4,"featured_media":38885,"comment_status":"","ping_status":"open","sticky":false,"template":"","format":"standard","meta":{"footnotes":""},"categories":[7],"tags":[],"jetpack_sharing_enabled":true,"featured_image_urls":{"full":["https:\/\/contextoanalisisperiodistico.com\/wp-content\/uploads\/2025\/03\/IMG-20250323-WA0117.jpg",1280,359,false],"thumbnail":["https:\/\/contextoanalisisperiodistico.com\/wp-content\/uploads\/2025\/03\/IMG-20250323-WA0117-150x150.jpg",150,150,true],"medium":["https:\/\/contextoanalisisperiodistico.com\/wp-content\/uploads\/2025\/03\/IMG-20250323-WA0117-300x84.jpg",300,84,true],"medium_large":["https:\/\/contextoanalisisperiodistico.com\/wp-content\/uploads\/2025\/03\/IMG-20250323-WA0117-768x215.jpg",640,179,true],"large":["https:\/\/contextoanalisisperiodistico.com\/wp-content\/uploads\/2025\/03\/IMG-20250323-WA0117-1024x287.jpg",640,179,true],"1536x1536":["https:\/\/contextoanalisisperiodistico.com\/wp-content\/uploads\/2025\/03\/IMG-20250323-WA0117.jpg",1280,359,false],"2048x2048":["https:\/\/contextoanalisisperiodistico.com\/wp-content\/uploads\/2025\/03\/IMG-20250323-WA0117.jpg",1280,359,false],"covernews-slider-full":["https:\/\/contextoanalisisperiodistico.com\/wp-content\/uploads\/2025\/03\/IMG-20250323-WA0117-1115x359.jpg",1115,359,true],"covernews-slider-center":["https:\/\/contextoanalisisperiodistico.com\/wp-content\/uploads\/2025\/03\/IMG-20250323-WA0117-800x359.jpg",800,359,true],"covernews-featured":["https:\/\/contextoanalisisperiodistico.com\/wp-content\/uploads\/2025\/03\/IMG-20250323-WA0117-1024x287.jpg",1024,287,true],"covernews-medium":["https:\/\/contextoanalisisperiodistico.com\/wp-content\/uploads\/2025\/03\/IMG-20250323-WA0117-540x340.jpg",540,340,true],"covernews-medium-square":["https:\/\/contextoanalisisperiodistico.com\/wp-content\/uploads\/2025\/03\/IMG-20250323-WA0117-400x250.jpg",400,250,true]},"author_info":{"display_name":"Mario Gir\u00f3n","author_link":"https:\/\/contextoanalisisperiodistico.com\/index.php\/author\/director\/"},"category_info":"<a href=\"https:\/\/contextoanalisisperiodistico.com\/index.php\/category\/municipios\/\" rel=\"category tag\">Municipios<\/a>","tag_info":"Municipios","comment_count":"0","jetpack_featured_media_url":"https:\/\/contextoanalisisperiodistico.com\/wp-content\/uploads\/2025\/03\/IMG-20250323-WA0117.jpg","_links":{"self":[{"href":"https:\/\/contextoanalisisperiodistico.com\/index.php\/wp-json\/wp\/v2\/posts\/38886"}],"collection":[{"href":"https:\/\/contextoanalisisperiodistico.com\/index.php\/wp-json\/wp\/v2\/posts"}],"about":[{"href":"https:\/\/contextoanalisisperiodistico.com\/index.php\/wp-json\/wp\/v2\/types\/post"}],"author":[{"embeddable":true,"href":"https:\/\/contextoanalisisperiodistico.com\/index.php\/wp-json\/wp\/v2\/users\/4"}],"replies":[{"embeddable":true,"href":"https:\/\/contextoanalisisperiodistico.com\/index.php\/wp-json\/wp\/v2\/comments?post=38886"}],"version-history":[{"count":0,"href":"https:\/\/contextoanalisisperiodistico.com\/index.php\/wp-json\/wp\/v2\/posts\/38886\/revisions"}],"wp:featuredmedia":[{"embeddable":true,"href":"https:\/\/contextoanalisisperiodistico.com\/index.php\/wp-json\/wp\/v2\/media\/38885"}],"wp:attachment":[{"href":"https:\/\/contextoanalisisperiodistico.com\/index.php\/wp-json\/wp\/v2\/media?parent=38886"}],"wp:term":[{"taxonomy":"category","embeddable":true,"href":"https:\/\/contextoanalisisperiodistico.com\/index.php\/wp-json\/wp\/v2\/categories?post=38886"},{"taxonomy":"post_tag","embeddable":true,"href":"https:\/\/contextoanalisisperiodistico.com\/index.php\/wp-json\/wp\/v2\/tags?post=38886"}],"curies":[{"name":"wp","href":"https:\/\/api.w.org\/{rel}","templated":true}]}}