{"id":38859,"date":"2025-03-23T07:55:28","date_gmt":"2025-03-23T13:55:28","guid":{"rendered":"https:\/\/contextoanalisisperiodistico.com\/index.php\/2025\/03\/23\/participan-350-deportistas-en-la-clasica-ciclista-benito-juarez-2025\/"},"modified":"2025-03-23T07:55:28","modified_gmt":"2025-03-23T13:55:28","slug":"participan-350-deportistas-en-la-clasica-ciclista-benito-juarez-2025","status":"publish","type":"post","link":"https:\/\/contextoanalisisperiodistico.com\/index.php\/2025\/03\/23\/participan-350-deportistas-en-la-clasica-ciclista-benito-juarez-2025\/","title":{"rendered":"Participan 350 deportistas en la Cl\u00e1sica Ciclista Benito Ju\u00e1rez 2025"},"content":{"rendered":"<div id=\"fb-root\"><\/div>\n\n<p>\u2022 Las y los provenientes de Oaxaca y diferentes estados del pa\u00eds compitieron en las modalidades ruta y monta\u00f1a<\/p>\n\n\n\n<figure class=\"wp-block-image size-large\"><img fetchpriority=\"high\" decoding=\"async\" width=\"1024\" height=\"768\" src=\"https:\/\/contextoanalisisperiodistico.com\/wp-content\/uploads\/2025\/03\/img-20250322-wa01325072394377060343894-1024x768.jpg\" alt=\"\" class=\"wp-image-38855\" srcset=\"https:\/\/contextoanalisisperiodistico.com\/wp-content\/uploads\/2025\/03\/img-20250322-wa01325072394377060343894-1024x768.jpg 1024w, https:\/\/contextoanalisisperiodistico.com\/wp-content\/uploads\/2025\/03\/img-20250322-wa01325072394377060343894-300x225.jpg 300w, https:\/\/contextoanalisisperiodistico.com\/wp-content\/uploads\/2025\/03\/img-20250322-wa01325072394377060343894-768x576.jpg 768w, https:\/\/contextoanalisisperiodistico.com\/wp-content\/uploads\/2025\/03\/img-20250322-wa01325072394377060343894.jpg 1280w\" sizes=\"(max-width: 1024px) 100vw, 1024px\" \/><\/figure>\n\n\n\n<figure class=\"wp-block-image\"><img decoding=\"async\" width=\"1024\" height=\"682\" src=\"https:\/\/contextoanalisisperiodistico.com\/wp-content\/uploads\/2025\/03\/img-20250322-wa01347676800827017870052-1024x682.jpg\" alt=\"\" class=\"wp-image-38857\" srcset=\"https:\/\/contextoanalisisperiodistico.com\/wp-content\/uploads\/2025\/03\/img-20250322-wa01347676800827017870052-1024x682.jpg 1024w, https:\/\/contextoanalisisperiodistico.com\/wp-content\/uploads\/2025\/03\/img-20250322-wa01347676800827017870052-300x200.jpg 300w, https:\/\/contextoanalisisperiodistico.com\/wp-content\/uploads\/2025\/03\/img-20250322-wa01347676800827017870052-768x512.jpg 768w, https:\/\/contextoanalisisperiodistico.com\/wp-content\/uploads\/2025\/03\/img-20250322-wa01347676800827017870052.jpg 1280w\" sizes=\"(max-width: 1024px) 100vw, 1024px\" \/><\/figure>\n\n\n\n<figure class=\"wp-block-image\"><img decoding=\"async\" width=\"1024\" height=\"682\" src=\"https:\/\/contextoanalisisperiodistico.com\/wp-content\/uploads\/2025\/03\/img-20250322-wa01303668801135544066967-1024x682.jpg\" alt=\"\" class=\"wp-image-38856\" srcset=\"https:\/\/contextoanalisisperiodistico.com\/wp-content\/uploads\/2025\/03\/img-20250322-wa01303668801135544066967-1024x682.jpg 1024w, https:\/\/contextoanalisisperiodistico.com\/wp-content\/uploads\/2025\/03\/img-20250322-wa01303668801135544066967-300x200.jpg 300w, https:\/\/contextoanalisisperiodistico.com\/wp-content\/uploads\/2025\/03\/img-20250322-wa01303668801135544066967-768x511.jpg 768w, https:\/\/contextoanalisisperiodistico.com\/wp-content\/uploads\/2025\/03\/img-20250322-wa01303668801135544066967.jpg 1280w\" sizes=\"(max-width: 1024px) 100vw, 1024px\" \/><\/figure>\n\n\n\n<figure class=\"wp-block-image\"><img loading=\"lazy\" decoding=\"async\" width=\"1024\" height=\"679\" src=\"https:\/\/contextoanalisisperiodistico.com\/wp-content\/uploads\/2025\/03\/img-20250322-wa01295584966332979849721-1024x679.jpg\" alt=\"\" class=\"wp-image-38858\" srcset=\"https:\/\/contextoanalisisperiodistico.com\/wp-content\/uploads\/2025\/03\/img-20250322-wa01295584966332979849721-1024x679.jpg 1024w, https:\/\/contextoanalisisperiodistico.com\/wp-content\/uploads\/2025\/03\/img-20250322-wa01295584966332979849721-300x199.jpg 300w, https:\/\/contextoanalisisperiodistico.com\/wp-content\/uploads\/2025\/03\/img-20250322-wa01295584966332979849721-768x509.jpg 768w, https:\/\/contextoanalisisperiodistico.com\/wp-content\/uploads\/2025\/03\/img-20250322-wa01295584966332979849721.jpg 1280w\" sizes=\"(max-width: 1024px) 100vw, 1024px\" \/><\/figure>\n\n\n\n<p>Oaxaca de Ju\u00e1rez, Oax. 22 de marzo de 2025.- Con la participaci\u00f3n de 350 ciclistas provenientes de distintas regiones del estado de Oaxaca y entidades del pa\u00eds, se llev\u00f3 a cabo la Cl\u00e1sica Ciclista Benito Ju\u00e1rez 2025 en las modalidades de ruta y monta\u00f1a.<\/p>\n\n\n\n<p>El evento se destac\u00f3 por su competitividad y gran afluencia, que inici\u00f3 a las 7:00 horas en el Monumento a Ju\u00e1rez, en donde el director del Instituto del Deporte del Estado de Oaxaca (Indeporte), Arturo de Jes\u00fas Ch\u00e1vez Ram\u00edrez realiz\u00f3 el banderazo de salida de la modalidad monta\u00f1a.<\/p>\n\n\n\n<p>Las categor\u00edas femenil, libre varonil y m\u00e1ster varonil llevaron a cabo tres vueltas sobre la Carretera Federal 190 y posteriormente recorrieron la Carretera Federal 175 rumbo a la meta en el Centro Ecotur\u00edstico La Cumbre Ixtepeji<\/p>\n\n\n\n<p>A las 8:00 horas comenz\u00f3 la modalidad de ruta, con la categor\u00eda libre varonil, la cual comprendi\u00f3 15 vueltas antes de partir a la meta. Despu\u00e9s, se incorporaron las categor\u00edas juvenil (hasta 18 a\u00f1os), libre femenil, m\u00e1ster A (35 a 44 a\u00f1os) y m\u00e1ster B (m\u00e1s de 45 a\u00f1os), siguiendo la din\u00e1mica establecida de la competencia.<\/p>\n\n\n\n<p>Tras un desafiante recorrido, las y los participantes llegaron a La Cumbre Ixtepeji, quienes recibieron la medalla conmemorativa del evento<br \/>como reconocimiento a su esfuerzo.<\/p>\n\n\n\n<p>El Director del Indeporte presidi\u00f3 la ceremonia de premiaci\u00f3n y entreg\u00f3 incentivos econ\u00f3micos a los primeros cinco lugares de todas las categor\u00edas, en ambas modalidades. Adem\u00e1s, al primer lugar de cada categor\u00eda se le distingui\u00f3 con la playera que las y los acredit\u00f3 como campeones de la cl\u00e1sica ciclista.<\/p>\n\n\n\n<p>Destac\u00f3 la participaci\u00f3n de Ricardo Santiago, ganador de la modalidad de monta\u00f1a, quien representar\u00e1 a Oaxaca en el Evento Nacional Clasificatorio de Nacionales Conade 2025 en los pr\u00f3ximos d\u00edas.<\/p>\n\n\n\n<p>Esta actividad reafirma el compromiso del Gobierno del Estado con el fomento al deporte como motor de desarrollo social. Adem\u00e1s, promueve la integraci\u00f3n de participantes de diversas edades y entidades como Tlaxcala, Puebla, Chiapas, Estado de M\u00e9xico y la Ciudad de M\u00e9xico.<\/p>\n\n\n\n<p>-0-<\/p>\n","protected":false},"excerpt":{"rendered":"<p>\u2022 Las y los provenientes de Oaxaca y diferentes estados del pa\u00eds compitieron en las&#8230;<\/p>\n","protected":false},"author":4,"featured_media":38854,"comment_status":"","ping_status":"open","sticky":false,"template":"","format":"standard","meta":{"footnotes":""},"categories":[5],"tags":[],"jetpack_sharing_enabled":true,"featured_image_urls":{"full":["https:\/\/contextoanalisisperiodistico.com\/wp-content\/uploads\/2025\/03\/IMG-20250322-WA0131.jpg",1280,853,false],"thumbnail":["https:\/\/contextoanalisisperiodistico.com\/wp-content\/uploads\/2025\/03\/IMG-20250322-WA0131-150x150.jpg",150,150,true],"medium":["https:\/\/contextoanalisisperiodistico.com\/wp-content\/uploads\/2025\/03\/IMG-20250322-WA0131-300x200.jpg",300,200,true],"medium_large":["https:\/\/contextoanalisisperiodistico.com\/wp-content\/uploads\/2025\/03\/IMG-20250322-WA0131-768x512.jpg",640,427,true],"large":["https:\/\/contextoanalisisperiodistico.com\/wp-content\/uploads\/2025\/03\/IMG-20250322-WA0131-1024x682.jpg",640,426,true],"1536x1536":["https:\/\/contextoanalisisperiodistico.com\/wp-content\/uploads\/2025\/03\/IMG-20250322-WA0131.jpg",1280,853,false],"2048x2048":["https:\/\/contextoanalisisperiodistico.com\/wp-content\/uploads\/2025\/03\/IMG-20250322-WA0131.jpg",1280,853,false],"covernews-slider-full":["https:\/\/contextoanalisisperiodistico.com\/wp-content\/uploads\/2025\/03\/IMG-20250322-WA0131-1115x715.jpg",1115,715,true],"covernews-slider-center":["https:\/\/contextoanalisisperiodistico.com\/wp-content\/uploads\/2025\/03\/IMG-20250322-WA0131-800x500.jpg",800,500,true],"covernews-featured":["https:\/\/contextoanalisisperiodistico.com\/wp-content\/uploads\/2025\/03\/IMG-20250322-WA0131-1024x682.jpg",1024,682,true],"covernews-medium":["https:\/\/contextoanalisisperiodistico.com\/wp-content\/uploads\/2025\/03\/IMG-20250322-WA0131-540x340.jpg",540,340,true],"covernews-medium-square":["https:\/\/contextoanalisisperiodistico.com\/wp-content\/uploads\/2025\/03\/IMG-20250322-WA0131-400x250.jpg",400,250,true]},"author_info":{"display_name":"Mario Gir\u00f3n","author_link":"https:\/\/contextoanalisisperiodistico.com\/index.php\/author\/director\/"},"category_info":"<a href=\"https:\/\/contextoanalisisperiodistico.com\/index.php\/category\/deportes\/\" rel=\"category tag\">Deportes<\/a>","tag_info":"Deportes","comment_count":"0","jetpack_featured_media_url":"https:\/\/contextoanalisisperiodistico.com\/wp-content\/uploads\/2025\/03\/IMG-20250322-WA0131.jpg","_links":{"self":[{"href":"https:\/\/contextoanalisisperiodistico.com\/index.php\/wp-json\/wp\/v2\/posts\/38859"}],"collection":[{"href":"https:\/\/contextoanalisisperiodistico.com\/index.php\/wp-json\/wp\/v2\/posts"}],"about":[{"href":"https:\/\/contextoanalisisperiodistico.com\/index.php\/wp-json\/wp\/v2\/types\/post"}],"author":[{"embeddable":true,"href":"https:\/\/contextoanalisisperiodistico.com\/index.php\/wp-json\/wp\/v2\/users\/4"}],"replies":[{"embeddable":true,"href":"https:\/\/contextoanalisisperiodistico.com\/index.php\/wp-json\/wp\/v2\/comments?post=38859"}],"version-history":[{"count":0,"href":"https:\/\/contextoanalisisperiodistico.com\/index.php\/wp-json\/wp\/v2\/posts\/38859\/revisions"}],"wp:featuredmedia":[{"embeddable":true,"href":"https:\/\/contextoanalisisperiodistico.com\/index.php\/wp-json\/wp\/v2\/media\/38854"}],"wp:attachment":[{"href":"https:\/\/contextoanalisisperiodistico.com\/index.php\/wp-json\/wp\/v2\/media?parent=38859"}],"wp:term":[{"taxonomy":"category","embeddable":true,"href":"https:\/\/contextoanalisisperiodistico.com\/index.php\/wp-json\/wp\/v2\/categories?post=38859"},{"taxonomy":"post_tag","embeddable":true,"href":"https:\/\/contextoanalisisperiodistico.com\/index.php\/wp-json\/wp\/v2\/tags?post=38859"}],"curies":[{"name":"wp","href":"https:\/\/api.w.org\/{rel}","templated":true}]}}