{"id":38852,"date":"2025-03-22T19:17:42","date_gmt":"2025-03-23T01:17:42","guid":{"rendered":"https:\/\/contextoanalisisperiodistico.com\/?p=38852"},"modified":"2025-03-22T19:19:41","modified_gmt":"2025-03-23T01:19:41","slug":"redobla-salomon-jara-apoyos-a-la-educacion-de-santiago-suchilquitongo","status":"publish","type":"post","link":"https:\/\/contextoanalisisperiodistico.com\/index.php\/2025\/03\/22\/redobla-salomon-jara-apoyos-a-la-educacion-de-santiago-suchilquitongo\/","title":{"rendered":"Redobla Salom\u00f3n Jara apoyos a la educaci\u00f3n de Santiago Suchilquitongo"},"content":{"rendered":"<div id=\"fb-root\"><\/div>\n\n<p>\u2022 El Gobernador de Oaxaca aprob\u00f3 adem\u00e1s la pavimentaci\u00f3n de un camino con un presupuesto de 2.5 millones de pesos<\/p>\n\n\n\n<figure class=\"wp-block-image size-large\"><img fetchpriority=\"high\" decoding=\"async\" width=\"1024\" height=\"682\" src=\"https:\/\/contextoanalisisperiodistico.com\/wp-content\/uploads\/2025\/03\/img-20250322-wa01166493948364801148298-1024x682.jpg\" alt=\"\" class=\"wp-image-38849\" srcset=\"https:\/\/contextoanalisisperiodistico.com\/wp-content\/uploads\/2025\/03\/img-20250322-wa01166493948364801148298-1024x682.jpg 1024w, https:\/\/contextoanalisisperiodistico.com\/wp-content\/uploads\/2025\/03\/img-20250322-wa01166493948364801148298-300x200.jpg 300w, https:\/\/contextoanalisisperiodistico.com\/wp-content\/uploads\/2025\/03\/img-20250322-wa01166493948364801148298-768x512.jpg 768w, https:\/\/contextoanalisisperiodistico.com\/wp-content\/uploads\/2025\/03\/img-20250322-wa01166493948364801148298.jpg 1280w\" sizes=\"(max-width: 1024px) 100vw, 1024px\" \/><\/figure>\n\n\n\n<figure class=\"wp-block-image\"><img decoding=\"async\" width=\"1024\" height=\"682\" src=\"https:\/\/contextoanalisisperiodistico.com\/wp-content\/uploads\/2025\/03\/img-20250322-wa01225753201050582582383-1024x682.jpg\" alt=\"\" class=\"wp-image-38850\" srcset=\"https:\/\/contextoanalisisperiodistico.com\/wp-content\/uploads\/2025\/03\/img-20250322-wa01225753201050582582383-1024x682.jpg 1024w, https:\/\/contextoanalisisperiodistico.com\/wp-content\/uploads\/2025\/03\/img-20250322-wa01225753201050582582383-300x200.jpg 300w, https:\/\/contextoanalisisperiodistico.com\/wp-content\/uploads\/2025\/03\/img-20250322-wa01225753201050582582383-768x512.jpg 768w, https:\/\/contextoanalisisperiodistico.com\/wp-content\/uploads\/2025\/03\/img-20250322-wa01225753201050582582383.jpg 1280w\" sizes=\"(max-width: 1024px) 100vw, 1024px\" \/><\/figure>\n\n\n\n<figure class=\"wp-block-image\"><img decoding=\"async\" width=\"1024\" height=\"682\" src=\"https:\/\/contextoanalisisperiodistico.com\/wp-content\/uploads\/2025\/03\/img-20250322-wa01216000498092339778789-1024x682.jpg\" alt=\"\" class=\"wp-image-38847\" srcset=\"https:\/\/contextoanalisisperiodistico.com\/wp-content\/uploads\/2025\/03\/img-20250322-wa01216000498092339778789-1024x682.jpg 1024w, https:\/\/contextoanalisisperiodistico.com\/wp-content\/uploads\/2025\/03\/img-20250322-wa01216000498092339778789-300x200.jpg 300w, https:\/\/contextoanalisisperiodistico.com\/wp-content\/uploads\/2025\/03\/img-20250322-wa01216000498092339778789-768x512.jpg 768w, https:\/\/contextoanalisisperiodistico.com\/wp-content\/uploads\/2025\/03\/img-20250322-wa01216000498092339778789.jpg 1280w\" sizes=\"(max-width: 1024px) 100vw, 1024px\" \/><\/figure>\n\n\n\n<figure class=\"wp-block-image\"><img loading=\"lazy\" decoding=\"async\" width=\"1024\" height=\"682\" src=\"https:\/\/contextoanalisisperiodistico.com\/wp-content\/uploads\/2025\/03\/img-20250322-wa01205775224100318498549-1024x682.jpg\" alt=\"\" class=\"wp-image-38848\" srcset=\"https:\/\/contextoanalisisperiodistico.com\/wp-content\/uploads\/2025\/03\/img-20250322-wa01205775224100318498549-1024x682.jpg 1024w, https:\/\/contextoanalisisperiodistico.com\/wp-content\/uploads\/2025\/03\/img-20250322-wa01205775224100318498549-300x200.jpg 300w, https:\/\/contextoanalisisperiodistico.com\/wp-content\/uploads\/2025\/03\/img-20250322-wa01205775224100318498549-768x512.jpg 768w, https:\/\/contextoanalisisperiodistico.com\/wp-content\/uploads\/2025\/03\/img-20250322-wa01205775224100318498549.jpg 1280w\" sizes=\"(max-width: 1024px) 100vw, 1024px\" \/><\/figure>\n\n\n\n<figure class=\"wp-block-image\"><img loading=\"lazy\" decoding=\"async\" width=\"1024\" height=\"682\" src=\"https:\/\/contextoanalisisperiodistico.com\/wp-content\/uploads\/2025\/03\/img-20250322-wa01171631206861741875559-1024x682.jpg\" alt=\"\" class=\"wp-image-38851\" srcset=\"https:\/\/contextoanalisisperiodistico.com\/wp-content\/uploads\/2025\/03\/img-20250322-wa01171631206861741875559-1024x682.jpg 1024w, https:\/\/contextoanalisisperiodistico.com\/wp-content\/uploads\/2025\/03\/img-20250322-wa01171631206861741875559-300x200.jpg 300w, https:\/\/contextoanalisisperiodistico.com\/wp-content\/uploads\/2025\/03\/img-20250322-wa01171631206861741875559-768x512.jpg 768w, https:\/\/contextoanalisisperiodistico.com\/wp-content\/uploads\/2025\/03\/img-20250322-wa01171631206861741875559.jpg 1280w\" sizes=\"(max-width: 1024px) 100vw, 1024px\" \/><\/figure>\n\n\n\n<p>Santiago Suchilquitongo, Oax. 22 de marzo de 2025.- Con los brazos abiertos, m\u00e1s de 800 habitantes de este municipio recibieron al Gobernador Salom\u00f3n Jara Cruz, quien expres\u00f3 con entusiasmo las acciones que realiza en Santiago Suchilquitongo, entre las que resalt\u00f3 el firme apoyo a la educaci\u00f3n con una inversi\u00f3n de 3 millones 100 mil pesos.<\/p>\n\n\n\n<p>\u201cVenimos en esta segunda vuelta por los municipios a informarles qu\u00e9 inversiones llevaremos a cabo, seguir\u00e9 visitando todo Oaxaca mientras est\u00e9 en el gobierno\u201d, refiri\u00f3 el Mandatario estatal en este pueblo zapoteco de Valles Centrales.<\/p>\n\n\n\n<p>A trav\u00e9s del Instituto Estatal de Educaci\u00f3n P\u00fablica de Oaxaca (IEEPO) se equipar\u00e1n 19 escuelas de nivel b\u00e1sico en las que mil 971 estudiantes cursan sus estudios, que ser\u00e1n beneficiados con la entrega de: computadoras, paquetes de mobiliario, impresoras, banda de paz, proyectores, pizarrones, material de aseo, deportivo y oficina; as\u00ed como, otorgar\u00e1 una Clave de Centro de Trabajo.<\/p>\n\n\n\n<p>Como parte de la estrategia Trabajo que Transforma tu Municipio, la Secretar\u00eda de Fomento Agroalimentario y Desarrollo Rural (Sefader) realiza una inversi\u00f3n aproximada de 3 millones de pesos con el programa Abasto Seguro de Ma\u00edz, que favorece a 238 personas productoras. Al mismo tiempo, ofreci\u00f3, en materia forestal, herramientas para salvaguardar los bosques.<\/p>\n\n\n\n<p>Para mejorar la movilidad que impacta de manera directa en el comercio, Caminos Bienestar (Cabien) atender\u00e1 la solicitud de las y los habitantes para que se pavimente con concreto hidr\u00e1ulico el camino de Santiago Suchilquitongo a la localidad de Santa Mar\u00eda Tenexpam, que tiene una longitud aproximada de 400 metros, mediante una inversi\u00f3n de 2 millones 500 mil pesos.<\/p>\n\n\n\n<p>En materia de construcci\u00f3n, Vivienda Bienestar (Vibien) asign\u00f3 1 mill\u00f3n 400 mil pesos para realizar 100 pisos firmes.<\/p>\n\n\n\n<p>Servicios de Salud de Oaxaca (SSO) inform\u00f3 que el Centro de Salud de dos N\u00facleos B\u00e1sicos recibi\u00f3 600 mil pesos, mientras el Centro de Salud de un N\u00facleo B\u00e1sico fue beneficiado con 400 mil pesos; ambos con la tarjeta La Cl\u00ednica es Nuestra, con los cuales se realizaron acciones de rehabilitaci\u00f3n y equipamiento de esos espacios.<\/p>\n\n\n\n<p>De igual manera, otorgaron a una Casa de Salud un kit m\u00e9dico con herramientas necesarias para mejorar la atenci\u00f3n al momento de tomar la presi\u00f3n, temperatura y frecuencia cardiaca de las y los pacientes.<\/p>\n\n\n\n<p>El Sistema para el Desarrollo Integral de la Familia (DIF) Oaxaca atiende 150 familias con el programa alimentario Itacate de mi Coraz\u00f3n y el club de personas mayores, que representan un apoyo por 354 mil 877 pesos.<\/p>\n\n\n\n<p>Por otra parte, la Secretar\u00eda de Bienestar, Tequio e Inclusi\u00f3n (Sebienti) realiza una inversi\u00f3n total de 720 mil pesos en beneficio de 60 jefas de familia que se encuentran en situaci\u00f3n de extrema pobreza, con un apoyo bimestral que forma parte del programa Tarjeta Margarita Maza.<\/p>\n\n\n\n<p>El Instituto Oaxaque\u00f1o Constructor de Infraestructura Educativa (Iocied) atender\u00e1 a escuelas de educaci\u00f3n b\u00e1sica con diferentes acciones, como: construcci\u00f3n de una cancha de usos m\u00faltiples, entrega de material para la edificaci\u00f3n de un techado y equipamiento de un laboratorio, adem\u00e1s, brindar\u00e1 asesor\u00eda t\u00e9cnica para la construcci\u00f3n de una barda perimetral y rehabilitaci\u00f3n del sistema el\u00e9ctrico.<\/p>\n\n\n\n<p>-0-<\/p>\n","protected":false},"excerpt":{"rendered":"<p>\u2022 El Gobernador de Oaxaca aprob\u00f3 adem\u00e1s la pavimentaci\u00f3n de un camino con un presupuesto&#8230;<\/p>\n","protected":false},"author":4,"featured_media":38846,"comment_status":"closed","ping_status":"open","sticky":false,"template":"","format":"standard","meta":{"footnotes":""},"categories":[9],"tags":[],"jetpack_sharing_enabled":true,"featured_image_urls":{"full":["https:\/\/contextoanalisisperiodistico.com\/wp-content\/uploads\/2025\/03\/IMG-20250322-WA0119.jpg",1280,853,false],"thumbnail":["https:\/\/contextoanalisisperiodistico.com\/wp-content\/uploads\/2025\/03\/IMG-20250322-WA0119-150x150.jpg",150,150,true],"medium":["https:\/\/contextoanalisisperiodistico.com\/wp-content\/uploads\/2025\/03\/IMG-20250322-WA0119-300x200.jpg",300,200,true],"medium_large":["https:\/\/contextoanalisisperiodistico.com\/wp-content\/uploads\/2025\/03\/IMG-20250322-WA0119-768x512.jpg",640,427,true],"large":["https:\/\/contextoanalisisperiodistico.com\/wp-content\/uploads\/2025\/03\/IMG-20250322-WA0119-1024x682.jpg",640,426,true],"1536x1536":["https:\/\/contextoanalisisperiodistico.com\/wp-content\/uploads\/2025\/03\/IMG-20250322-WA0119.jpg",1280,853,false],"2048x2048":["https:\/\/contextoanalisisperiodistico.com\/wp-content\/uploads\/2025\/03\/IMG-20250322-WA0119.jpg",1280,853,false],"covernews-slider-full":["https:\/\/contextoanalisisperiodistico.com\/wp-content\/uploads\/2025\/03\/IMG-20250322-WA0119-1115x715.jpg",1115,715,true],"covernews-slider-center":["https:\/\/contextoanalisisperiodistico.com\/wp-content\/uploads\/2025\/03\/IMG-20250322-WA0119-800x500.jpg",800,500,true],"covernews-featured":["https:\/\/contextoanalisisperiodistico.com\/wp-content\/uploads\/2025\/03\/IMG-20250322-WA0119-1024x682.jpg",1024,682,true],"covernews-medium":["https:\/\/contextoanalisisperiodistico.com\/wp-content\/uploads\/2025\/03\/IMG-20250322-WA0119-540x340.jpg",540,340,true],"covernews-medium-square":["https:\/\/contextoanalisisperiodistico.com\/wp-content\/uploads\/2025\/03\/IMG-20250322-WA0119-400x250.jpg",400,250,true]},"author_info":{"display_name":"Mario Gir\u00f3n","author_link":"https:\/\/contextoanalisisperiodistico.com\/index.php\/author\/director\/"},"category_info":"<a href=\"https:\/\/contextoanalisisperiodistico.com\/index.php\/category\/politica\/\" rel=\"category tag\">Pol\u00edtica<\/a>","tag_info":"Pol\u00edtica","comment_count":"0","jetpack_featured_media_url":"https:\/\/contextoanalisisperiodistico.com\/wp-content\/uploads\/2025\/03\/IMG-20250322-WA0119.jpg","_links":{"self":[{"href":"https:\/\/contextoanalisisperiodistico.com\/index.php\/wp-json\/wp\/v2\/posts\/38852"}],"collection":[{"href":"https:\/\/contextoanalisisperiodistico.com\/index.php\/wp-json\/wp\/v2\/posts"}],"about":[{"href":"https:\/\/contextoanalisisperiodistico.com\/index.php\/wp-json\/wp\/v2\/types\/post"}],"author":[{"embeddable":true,"href":"https:\/\/contextoanalisisperiodistico.com\/index.php\/wp-json\/wp\/v2\/users\/4"}],"replies":[{"embeddable":true,"href":"https:\/\/contextoanalisisperiodistico.com\/index.php\/wp-json\/wp\/v2\/comments?post=38852"}],"version-history":[{"count":1,"href":"https:\/\/contextoanalisisperiodistico.com\/index.php\/wp-json\/wp\/v2\/posts\/38852\/revisions"}],"predecessor-version":[{"id":38853,"href":"https:\/\/contextoanalisisperiodistico.com\/index.php\/wp-json\/wp\/v2\/posts\/38852\/revisions\/38853"}],"wp:featuredmedia":[{"embeddable":true,"href":"https:\/\/contextoanalisisperiodistico.com\/index.php\/wp-json\/wp\/v2\/media\/38846"}],"wp:attachment":[{"href":"https:\/\/contextoanalisisperiodistico.com\/index.php\/wp-json\/wp\/v2\/media?parent=38852"}],"wp:term":[{"taxonomy":"category","embeddable":true,"href":"https:\/\/contextoanalisisperiodistico.com\/index.php\/wp-json\/wp\/v2\/categories?post=38852"},{"taxonomy":"post_tag","embeddable":true,"href":"https:\/\/contextoanalisisperiodistico.com\/index.php\/wp-json\/wp\/v2\/tags?post=38852"}],"curies":[{"name":"wp","href":"https:\/\/api.w.org\/{rel}","templated":true}]}}