{"id":38832,"date":"2025-03-22T14:52:52","date_gmt":"2025-03-22T20:52:52","guid":{"rendered":"https:\/\/contextoanalisisperiodistico.com\/index.php\/2025\/03\/22\/capacita-sso-a-escuelas-sobre-riesgos-sanitarios\/"},"modified":"2025-03-22T14:52:52","modified_gmt":"2025-03-22T20:52:52","slug":"capacita-sso-a-escuelas-sobre-riesgos-sanitarios","status":"publish","type":"post","link":"https:\/\/contextoanalisisperiodistico.com\/index.php\/2025\/03\/22\/capacita-sso-a-escuelas-sobre-riesgos-sanitarios\/","title":{"rendered":"Capacita SSO a escuelas sobre riesgos sanitarios\u00a0"},"content":{"rendered":"<div id=\"fb-root\"><\/div>\n\n<ul class=\"wp-block-list\">\n<li>En una primera etapa participaron 15 instituciones educativas<\/li>\n\n\n\n<li>Se dotaron de herramientas para la adecuada cloraci\u00f3n de agua potable, riesgos del vapeo y lineamientos de higiene en la preparaci\u00f3n de alimentos<br>\u00a0<br>Oaxaca de Ju\u00e1rez, Oax., 22 de marzo de 2025.- Con el objetivo de prevenir riesgos sanitarios y proteger la salud de la poblaci\u00f3n estudiantil, Servicios de Salud de Oaxaca (SSO) a trav\u00e9s de la Direcci\u00f3n de Regulaci\u00f3n y Fomento Sanitario, inici\u00f3 la primera jornada de capacitaci\u00f3n en 15 instituciones educativas de Oaxaca de Ju\u00e1rez y municipios conurbados.<br>\u00a0<br>En esta etapa inicial, participaron directivos, personal encargado de la red interna de distribuci\u00f3n de agua de los planteles y del \u00e1rea de preparaci\u00f3n de alimentos, quienes fueron dotados de herramientas esenciales para la adecuada cloraci\u00f3n del agua potable, desinfecci\u00f3n de instalaciones y equipos de almacenamiento del vital l\u00edquido, garantizando el cumplimiento de los l\u00edmites permisibles en cuanto a caracter\u00edsticas f\u00edsicas, qu\u00edmicas y microbiol\u00f3gicas del recurso.<br>\u00a0<br>Adem\u00e1s de fortalecer el trabajo interinstitucional con acciones de vigilancia de enfermedades de origen h\u00eddrico y la eliminaci\u00f3n de formas de malnutrici\u00f3n, en pro de la salud escolar.<br>\u00a0<br>La directora de la unidad, Andrea Ram\u00f3n Garc\u00eda, en representaci\u00f3n del titular de SSO, Efr\u00e9n Emmanuel Jarqu\u00edn Gonz\u00e1lez; enfatiz\u00f3 que esta actualizaci\u00f3n es fundamental para concientizar a la comunidad educativa sobre la importancia de la prevenci\u00f3n de enfermedades y el autocuidado. \u201cConocer y aplicar estas normativas es clave para ofrecer un entorno saludable y seguro en los centros educativos\u201d, afirm\u00f3.<br>\u00a0<br>Explic\u00f3 que durante la capacitaci\u00f3n se resalt\u00f3 la prevenci\u00f3n y manejo de riesgos asociados al vapeo, ante el creciente consumo de cigarros electr\u00f3nicos entre la poblaci\u00f3n estudiantil.<br>\u00a0<br>As\u00ed como la importancia de preservar la salud mediante la prevenci\u00f3n con acciones de higiene y seguridad alimentaria, manejo adecuado de bebidas y suplementos, control de la contaminaci\u00f3n cruzada y el uso correcto de ropa sanitaria en las cooperativas, con el objetivo de ofrecer productos sanos y prohibir la venta de alimentos chatarras.<br>\u00a0<br>Estas acciones se enmarcan en las pol\u00edticas de salud que impulsa la actual administraci\u00f3n que encabeza el Gobernador Salom\u00f3n Jara Cruz y que buscan inculcar buenos h\u00e1bitos desde la ni\u00f1ez y fortalecer estrategias que contribuyan a la formaci\u00f3n de generaciones saludables.<br>\u00a0<br>A trav\u00e9s de la capacitaci\u00f3n y la regulaci\u00f3n sanitaria, SSO reafirma su compromiso de trabajar en conjunto con la comunidad educativa para garantizar la aplicaci\u00f3n de la normativa sanitaria vigente en las escuelas.<br>\u00a0<br>-0-<\/li>\n<\/ul>\n\n\n\n<figure class=\"wp-block-image size-large\"><img fetchpriority=\"high\" decoding=\"async\" width=\"1024\" height=\"683\" src=\"https:\/\/contextoanalisisperiodistico.com\/wp-content\/uploads\/2025\/03\/img-20250322-wa00432204758319958476572-1024x683.jpg\" alt=\"\" class=\"wp-image-38829\" srcset=\"https:\/\/contextoanalisisperiodistico.com\/wp-content\/uploads\/2025\/03\/img-20250322-wa00432204758319958476572-1024x683.jpg 1024w, https:\/\/contextoanalisisperiodistico.com\/wp-content\/uploads\/2025\/03\/img-20250322-wa00432204758319958476572-300x200.jpg 300w, https:\/\/contextoanalisisperiodistico.com\/wp-content\/uploads\/2025\/03\/img-20250322-wa00432204758319958476572-768x512.jpg 768w, https:\/\/contextoanalisisperiodistico.com\/wp-content\/uploads\/2025\/03\/img-20250322-wa00432204758319958476572-1536x1025.jpg 1536w, https:\/\/contextoanalisisperiodistico.com\/wp-content\/uploads\/2025\/03\/img-20250322-wa00432204758319958476572.jpg 2000w\" sizes=\"(max-width: 1024px) 100vw, 1024px\" \/><\/figure>\n\n\n\n<figure class=\"wp-block-image\"><img decoding=\"async\" width=\"1024\" height=\"896\" src=\"https:\/\/contextoanalisisperiodistico.com\/wp-content\/uploads\/2025\/03\/img-20250322-wa0049388030373861230167-1024x896.jpg\" alt=\"\" class=\"wp-image-38830\" srcset=\"https:\/\/contextoanalisisperiodistico.com\/wp-content\/uploads\/2025\/03\/img-20250322-wa0049388030373861230167-1024x896.jpg 1024w, https:\/\/contextoanalisisperiodistico.com\/wp-content\/uploads\/2025\/03\/img-20250322-wa0049388030373861230167-300x263.jpg 300w, https:\/\/contextoanalisisperiodistico.com\/wp-content\/uploads\/2025\/03\/img-20250322-wa0049388030373861230167-768x672.jpg 768w, https:\/\/contextoanalisisperiodistico.com\/wp-content\/uploads\/2025\/03\/img-20250322-wa0049388030373861230167-1536x1344.jpg 1536w, https:\/\/contextoanalisisperiodistico.com\/wp-content\/uploads\/2025\/03\/img-20250322-wa0049388030373861230167.jpg 2000w\" sizes=\"(max-width: 1024px) 100vw, 1024px\" \/><\/figure>\n\n\n\n<figure class=\"wp-block-image\"><img decoding=\"async\" width=\"1024\" height=\"683\" src=\"https:\/\/contextoanalisisperiodistico.com\/wp-content\/uploads\/2025\/03\/img-20250322-wa00473168279897010177483-1024x683.jpg\" alt=\"\" class=\"wp-image-38831\" srcset=\"https:\/\/contextoanalisisperiodistico.com\/wp-content\/uploads\/2025\/03\/img-20250322-wa00473168279897010177483-1024x683.jpg 1024w, https:\/\/contextoanalisisperiodistico.com\/wp-content\/uploads\/2025\/03\/img-20250322-wa00473168279897010177483-300x200.jpg 300w, https:\/\/contextoanalisisperiodistico.com\/wp-content\/uploads\/2025\/03\/img-20250322-wa00473168279897010177483-768x512.jpg 768w, https:\/\/contextoanalisisperiodistico.com\/wp-content\/uploads\/2025\/03\/img-20250322-wa00473168279897010177483-1536x1025.jpg 1536w, https:\/\/contextoanalisisperiodistico.com\/wp-content\/uploads\/2025\/03\/img-20250322-wa00473168279897010177483.jpg 2000w\" sizes=\"(max-width: 1024px) 100vw, 1024px\" \/><\/figure>\n","protected":false},"excerpt":{"rendered":"","protected":false},"author":4,"featured_media":38828,"comment_status":"","ping_status":"open","sticky":false,"template":"","format":"standard","meta":{"footnotes":""},"categories":[92],"tags":[],"jetpack_sharing_enabled":true,"featured_image_urls":{"full":["https:\/\/contextoanalisisperiodistico.com\/wp-content\/uploads\/2025\/03\/IMG-20250322-WA0045-scaled.jpg",2560,1706,false],"thumbnail":["https:\/\/contextoanalisisperiodistico.com\/wp-content\/uploads\/2025\/03\/IMG-20250322-WA0045-150x150.jpg",150,150,true],"medium":["https:\/\/contextoanalisisperiodistico.com\/wp-content\/uploads\/2025\/03\/IMG-20250322-WA0045-300x200.jpg",300,200,true],"medium_large":["https:\/\/contextoanalisisperiodistico.com\/wp-content\/uploads\/2025\/03\/IMG-20250322-WA0045-768x512.jpg",640,427,true],"large":["https:\/\/contextoanalisisperiodistico.com\/wp-content\/uploads\/2025\/03\/IMG-20250322-WA0045-1024x683.jpg",640,427,true],"1536x1536":["https:\/\/contextoanalisisperiodistico.com\/wp-content\/uploads\/2025\/03\/IMG-20250322-WA0045-1536x1024.jpg",1536,1024,true],"2048x2048":["https:\/\/contextoanalisisperiodistico.com\/wp-content\/uploads\/2025\/03\/IMG-20250322-WA0045-2048x1365.jpg",2048,1365,true],"covernews-slider-full":["https:\/\/contextoanalisisperiodistico.com\/wp-content\/uploads\/2025\/03\/IMG-20250322-WA0045-1115x715.jpg",1115,715,true],"covernews-slider-center":["https:\/\/contextoanalisisperiodistico.com\/wp-content\/uploads\/2025\/03\/IMG-20250322-WA0045-800x500.jpg",800,500,true],"covernews-featured":["https:\/\/contextoanalisisperiodistico.com\/wp-content\/uploads\/2025\/03\/IMG-20250322-WA0045-scaled.jpg",1024,682,false],"covernews-medium":["https:\/\/contextoanalisisperiodistico.com\/wp-content\/uploads\/2025\/03\/IMG-20250322-WA0045-scaled.jpg",510,340,false],"covernews-medium-square":["https:\/\/contextoanalisisperiodistico.com\/wp-content\/uploads\/2025\/03\/IMG-20250322-WA0045-scaled.jpg",375,250,false]},"author_info":{"display_name":"Mario Gir\u00f3n","author_link":"https:\/\/contextoanalisisperiodistico.com\/index.php\/author\/director\/"},"category_info":"<a href=\"https:\/\/contextoanalisisperiodistico.com\/index.php\/category\/salud\/\" rel=\"category tag\">Salud<\/a>","tag_info":"Salud","comment_count":"0","jetpack_featured_media_url":"https:\/\/contextoanalisisperiodistico.com\/wp-content\/uploads\/2025\/03\/IMG-20250322-WA0045-scaled.jpg","_links":{"self":[{"href":"https:\/\/contextoanalisisperiodistico.com\/index.php\/wp-json\/wp\/v2\/posts\/38832"}],"collection":[{"href":"https:\/\/contextoanalisisperiodistico.com\/index.php\/wp-json\/wp\/v2\/posts"}],"about":[{"href":"https:\/\/contextoanalisisperiodistico.com\/index.php\/wp-json\/wp\/v2\/types\/post"}],"author":[{"embeddable":true,"href":"https:\/\/contextoanalisisperiodistico.com\/index.php\/wp-json\/wp\/v2\/users\/4"}],"replies":[{"embeddable":true,"href":"https:\/\/contextoanalisisperiodistico.com\/index.php\/wp-json\/wp\/v2\/comments?post=38832"}],"version-history":[{"count":0,"href":"https:\/\/contextoanalisisperiodistico.com\/index.php\/wp-json\/wp\/v2\/posts\/38832\/revisions"}],"wp:featuredmedia":[{"embeddable":true,"href":"https:\/\/contextoanalisisperiodistico.com\/index.php\/wp-json\/wp\/v2\/media\/38828"}],"wp:attachment":[{"href":"https:\/\/contextoanalisisperiodistico.com\/index.php\/wp-json\/wp\/v2\/media?parent=38832"}],"wp:term":[{"taxonomy":"category","embeddable":true,"href":"https:\/\/contextoanalisisperiodistico.com\/index.php\/wp-json\/wp\/v2\/categories?post=38832"},{"taxonomy":"post_tag","embeddable":true,"href":"https:\/\/contextoanalisisperiodistico.com\/index.php\/wp-json\/wp\/v2\/tags?post=38832"}],"curies":[{"name":"wp","href":"https:\/\/api.w.org\/{rel}","templated":true}]}}