{"id":38827,"date":"2025-03-22T13:31:00","date_gmt":"2025-03-22T19:31:00","guid":{"rendered":"https:\/\/contextoanalisisperiodistico.com\/index.php\/2025\/03\/22\/tequio-vecinal-transforma-espacios-publicos-hoy-en-la-colonia-presidentes-de-mexico-en-pueblo-nuevo\/"},"modified":"2025-03-22T13:31:00","modified_gmt":"2025-03-22T19:31:00","slug":"tequio-vecinal-transforma-espacios-publicos-hoy-en-la-colonia-presidentes-de-mexico-en-pueblo-nuevo","status":"publish","type":"post","link":"https:\/\/contextoanalisisperiodistico.com\/index.php\/2025\/03\/22\/tequio-vecinal-transforma-espacios-publicos-hoy-en-la-colonia-presidentes-de-mexico-en-pueblo-nuevo\/","title":{"rendered":"Tequio Vecinal transforma espacios p\u00fablicos; hoy, en la colonia Presidentes de M\u00e9xico en Pueblo Nuevo"},"content":{"rendered":"<div id=\"fb-root\"><\/div>\n\n<p>\u2022Acciones que contribuyen al bienestar de vecinas y vecinos<\/p>\n\n\n\n<p>Oaxaca de Ju\u00e1rez, Oax., 22 de marzo de 2025.- Este s\u00e1bado, la colonia Presidentes de M\u00e9xico, ubicada en la agencia de Pueblo Nuevo en Oaxaca de Ju\u00e1rez, fue sede de un nuevo Tequio Vecinal, una iniciativa promovida por el gobierno municipal que encabeza Ray Chagoya.<\/p>\n\n\n\n<p>Esta actividad se lleva a cabo cada fin de semana en diversas colonias y agencias de la capital oaxaque\u00f1a, con el objetivo de fortalecer el sentido de comunidad y contribuir al bienestar com\u00fan.<\/p>\n\n\n\n<p>Durante el evento, las vecinas y vecinos de la colonia se unieron para realizar trabajos de pintura y limpieza en la cancha deportiva de la zona. Estas acciones buscan mejorar los espacios de esparcimiento y deporte, proporcionando un entorno m\u00e1s seguro y agradable para quienes practican actividades recreativas y deportivas.<\/p>\n\n\n\n<p>Gabriela Garc\u00eda Fern\u00e1ndez del Campo, presidenta del DIF Municipal de Oaxaca de Ju\u00e1rez, destac\u00f3 la importancia de estas iniciativas, se\u00f1alando que no solo contribuyen a embellecer los espacios p\u00fablicos, sino que tambi\u00e9n tienen un impacto positivo en la seguridad del entorno.<\/p>\n\n\n\n<p>\u201cEste tipo de actividades son fundamentales para mejorar la calidad de vida de los habitantes, y son una manera efectiva de atender las causas de la inseguridad, fomentando la participaci\u00f3n activa de la ciudadan\u00eda en el cuidado de su entorno\u201d, expres\u00f3 Garc\u00eda Fern\u00e1ndez del Campo.<\/p>\n\n\n\n<p>La presidenta del DIF invit\u00f3 a todas las vecinas y vecinos a sumarse a estas actividades cada semana, reforzando el compromiso de colaboraci\u00f3n entre los ciudadanos y el gobierno municipal para crear un ambiente m\u00e1s seguro y pr\u00f3spero para todos.<\/p>\n\n\n\n<p>El Tequio Vecinal es una demostraci\u00f3n de la solidaridad y el trabajo en equipo que caracteriza a las comunidades de Oaxaca, y continuar\u00e1 realizando labores similares en otras zonas para garantizar que todas las colonias puedan disfrutar de espacios p\u00fablicos de calidad.<\/p>\n\n\n\n<figure class=\"wp-block-image size-large\"><img fetchpriority=\"high\" decoding=\"async\" width=\"1024\" height=\"684\" src=\"https:\/\/contextoanalisisperiodistico.com\/wp-content\/uploads\/2025\/03\/img-20250322-wa00374830294383816785376-1024x684.jpg\" alt=\"\" class=\"wp-image-38823\" srcset=\"https:\/\/contextoanalisisperiodistico.com\/wp-content\/uploads\/2025\/03\/img-20250322-wa00374830294383816785376-1024x684.jpg 1024w, https:\/\/contextoanalisisperiodistico.com\/wp-content\/uploads\/2025\/03\/img-20250322-wa00374830294383816785376-300x200.jpg 300w, https:\/\/contextoanalisisperiodistico.com\/wp-content\/uploads\/2025\/03\/img-20250322-wa00374830294383816785376-768x513.jpg 768w, https:\/\/contextoanalisisperiodistico.com\/wp-content\/uploads\/2025\/03\/img-20250322-wa00374830294383816785376-1536x1027.jpg 1536w, https:\/\/contextoanalisisperiodistico.com\/wp-content\/uploads\/2025\/03\/img-20250322-wa00374830294383816785376.jpg 1616w\" sizes=\"(max-width: 1024px) 100vw, 1024px\" \/><\/figure>\n\n\n\n<figure class=\"wp-block-image\"><img decoding=\"async\" width=\"1024\" height=\"684\" src=\"https:\/\/contextoanalisisperiodistico.com\/wp-content\/uploads\/2025\/03\/img-20250322-wa00396619577045435727704-1024x684.jpg\" alt=\"\" class=\"wp-image-38824\" srcset=\"https:\/\/contextoanalisisperiodistico.com\/wp-content\/uploads\/2025\/03\/img-20250322-wa00396619577045435727704-1024x684.jpg 1024w, https:\/\/contextoanalisisperiodistico.com\/wp-content\/uploads\/2025\/03\/img-20250322-wa00396619577045435727704-300x201.jpg 300w, https:\/\/contextoanalisisperiodistico.com\/wp-content\/uploads\/2025\/03\/img-20250322-wa00396619577045435727704-768x513.jpg 768w, https:\/\/contextoanalisisperiodistico.com\/wp-content\/uploads\/2025\/03\/img-20250322-wa00396619577045435727704-1536x1027.jpg 1536w, https:\/\/contextoanalisisperiodistico.com\/wp-content\/uploads\/2025\/03\/img-20250322-wa00396619577045435727704.jpg 1595w\" sizes=\"(max-width: 1024px) 100vw, 1024px\" \/><\/figure>\n\n\n\n<figure class=\"wp-block-image\"><img decoding=\"async\" width=\"1024\" height=\"768\" src=\"https:\/\/contextoanalisisperiodistico.com\/wp-content\/uploads\/2025\/03\/img-20250322-wa0041143609476440988923-1024x768.jpg\" alt=\"\" class=\"wp-image-38825\" srcset=\"https:\/\/contextoanalisisperiodistico.com\/wp-content\/uploads\/2025\/03\/img-20250322-wa0041143609476440988923-1024x768.jpg 1024w, https:\/\/contextoanalisisperiodistico.com\/wp-content\/uploads\/2025\/03\/img-20250322-wa0041143609476440988923-300x225.jpg 300w, https:\/\/contextoanalisisperiodistico.com\/wp-content\/uploads\/2025\/03\/img-20250322-wa0041143609476440988923-768x576.jpg 768w, https:\/\/contextoanalisisperiodistico.com\/wp-content\/uploads\/2025\/03\/img-20250322-wa0041143609476440988923-1536x1152.jpg 1536w, https:\/\/contextoanalisisperiodistico.com\/wp-content\/uploads\/2025\/03\/img-20250322-wa0041143609476440988923.jpg 1600w\" sizes=\"(max-width: 1024px) 100vw, 1024px\" \/><\/figure>\n\n\n\n<figure class=\"wp-block-image\"><img loading=\"lazy\" decoding=\"async\" width=\"1024\" height=\"768\" src=\"https:\/\/contextoanalisisperiodistico.com\/wp-content\/uploads\/2025\/03\/img-20250322-wa00406187950513545437538-1024x768.jpg\" alt=\"\" class=\"wp-image-38826\" srcset=\"https:\/\/contextoanalisisperiodistico.com\/wp-content\/uploads\/2025\/03\/img-20250322-wa00406187950513545437538-1024x768.jpg 1024w, https:\/\/contextoanalisisperiodistico.com\/wp-content\/uploads\/2025\/03\/img-20250322-wa00406187950513545437538-300x225.jpg 300w, https:\/\/contextoanalisisperiodistico.com\/wp-content\/uploads\/2025\/03\/img-20250322-wa00406187950513545437538-768x576.jpg 768w, https:\/\/contextoanalisisperiodistico.com\/wp-content\/uploads\/2025\/03\/img-20250322-wa00406187950513545437538-1536x1152.jpg 1536w, https:\/\/contextoanalisisperiodistico.com\/wp-content\/uploads\/2025\/03\/img-20250322-wa00406187950513545437538.jpg 1600w\" sizes=\"(max-width: 1024px) 100vw, 1024px\" \/><\/figure>\n","protected":false},"excerpt":{"rendered":"<p>\u2022Acciones que contribuyen al bienestar de vecinas y vecinos Oaxaca de Ju\u00e1rez, Oax., 22 de&#8230;<\/p>\n","protected":false},"author":4,"featured_media":38822,"comment_status":"","ping_status":"open","sticky":false,"template":"","format":"standard","meta":{"footnotes":""},"categories":[9],"tags":[],"jetpack_sharing_enabled":true,"featured_image_urls":{"full":["https:\/\/contextoanalisisperiodistico.com\/wp-content\/uploads\/2025\/03\/IMG-20250322-WA0038.jpg",1520,1016,false],"thumbnail":["https:\/\/contextoanalisisperiodistico.com\/wp-content\/uploads\/2025\/03\/IMG-20250322-WA0038-150x150.jpg",150,150,true],"medium":["https:\/\/contextoanalisisperiodistico.com\/wp-content\/uploads\/2025\/03\/IMG-20250322-WA0038-300x201.jpg",300,201,true],"medium_large":["https:\/\/contextoanalisisperiodistico.com\/wp-content\/uploads\/2025\/03\/IMG-20250322-WA0038-768x513.jpg",640,428,true],"large":["https:\/\/contextoanalisisperiodistico.com\/wp-content\/uploads\/2025\/03\/IMG-20250322-WA0038-1024x684.jpg",640,428,true],"1536x1536":["https:\/\/contextoanalisisperiodistico.com\/wp-content\/uploads\/2025\/03\/IMG-20250322-WA0038.jpg",1520,1016,false],"2048x2048":["https:\/\/contextoanalisisperiodistico.com\/wp-content\/uploads\/2025\/03\/IMG-20250322-WA0038.jpg",1520,1016,false],"covernews-slider-full":["https:\/\/contextoanalisisperiodistico.com\/wp-content\/uploads\/2025\/03\/IMG-20250322-WA0038-1115x715.jpg",1115,715,true],"covernews-slider-center":["https:\/\/contextoanalisisperiodistico.com\/wp-content\/uploads\/2025\/03\/IMG-20250322-WA0038-800x500.jpg",800,500,true],"covernews-featured":["https:\/\/contextoanalisisperiodistico.com\/wp-content\/uploads\/2025\/03\/IMG-20250322-WA0038-1024x684.jpg",1024,684,true],"covernews-medium":["https:\/\/contextoanalisisperiodistico.com\/wp-content\/uploads\/2025\/03\/IMG-20250322-WA0038-540x340.jpg",540,340,true],"covernews-medium-square":["https:\/\/contextoanalisisperiodistico.com\/wp-content\/uploads\/2025\/03\/IMG-20250322-WA0038-400x250.jpg",400,250,true]},"author_info":{"display_name":"Mario Gir\u00f3n","author_link":"https:\/\/contextoanalisisperiodistico.com\/index.php\/author\/director\/"},"category_info":"<a href=\"https:\/\/contextoanalisisperiodistico.com\/index.php\/category\/politica\/\" rel=\"category tag\">Pol\u00edtica<\/a>","tag_info":"Pol\u00edtica","comment_count":"0","jetpack_featured_media_url":"https:\/\/contextoanalisisperiodistico.com\/wp-content\/uploads\/2025\/03\/IMG-20250322-WA0038.jpg","_links":{"self":[{"href":"https:\/\/contextoanalisisperiodistico.com\/index.php\/wp-json\/wp\/v2\/posts\/38827"}],"collection":[{"href":"https:\/\/contextoanalisisperiodistico.com\/index.php\/wp-json\/wp\/v2\/posts"}],"about":[{"href":"https:\/\/contextoanalisisperiodistico.com\/index.php\/wp-json\/wp\/v2\/types\/post"}],"author":[{"embeddable":true,"href":"https:\/\/contextoanalisisperiodistico.com\/index.php\/wp-json\/wp\/v2\/users\/4"}],"replies":[{"embeddable":true,"href":"https:\/\/contextoanalisisperiodistico.com\/index.php\/wp-json\/wp\/v2\/comments?post=38827"}],"version-history":[{"count":0,"href":"https:\/\/contextoanalisisperiodistico.com\/index.php\/wp-json\/wp\/v2\/posts\/38827\/revisions"}],"wp:featuredmedia":[{"embeddable":true,"href":"https:\/\/contextoanalisisperiodistico.com\/index.php\/wp-json\/wp\/v2\/media\/38822"}],"wp:attachment":[{"href":"https:\/\/contextoanalisisperiodistico.com\/index.php\/wp-json\/wp\/v2\/media?parent=38827"}],"wp:term":[{"taxonomy":"category","embeddable":true,"href":"https:\/\/contextoanalisisperiodistico.com\/index.php\/wp-json\/wp\/v2\/categories?post=38827"},{"taxonomy":"post_tag","embeddable":true,"href":"https:\/\/contextoanalisisperiodistico.com\/index.php\/wp-json\/wp\/v2\/tags?post=38827"}],"curies":[{"name":"wp","href":"https:\/\/api.w.org\/{rel}","templated":true}]}}