{"id":38821,"date":"2025-03-21T21:51:03","date_gmt":"2025-03-22T03:51:03","guid":{"rendered":"https:\/\/contextoanalisisperiodistico.com\/index.php\/2025\/03\/21\/sin-incidentes-culmina-visita-de-presidenta-claudia-sheinbaum-a-oaxaca\/"},"modified":"2025-03-21T21:51:03","modified_gmt":"2025-03-22T03:51:03","slug":"sin-incidentes-culmina-visita-de-presidenta-claudia-sheinbaum-a-oaxaca","status":"publish","type":"post","link":"https:\/\/contextoanalisisperiodistico.com\/index.php\/2025\/03\/21\/sin-incidentes-culmina-visita-de-presidenta-claudia-sheinbaum-a-oaxaca\/","title":{"rendered":"Sin incidentes, culmina visita de Presidenta Claudia Sheinbaum a Oaxaca"},"content":{"rendered":"<div id=\"fb-root\"><\/div>\n\n<p>\u2022 Desde temprana hora, las corporaciones se mantuvieron atentas mediante un dispositivo de seguridad y vialidad<\/p>\n\n\n\n<p>Oaxaca de Ju\u00e1rez, Oax. 21 de marzo de 2025.- Las dependencias del Gobierno de Oaxaca que integran el Gabinete de Gobernabilidad y Seguridad informaron que la visita de la Mandataria federal, Claudia Sheinbaum Pardo, culmin\u00f3 sin incidentes luego de su gira por la Sierra de Ju\u00e1rez y los Valles Centrales de Oaxaca.<\/p>\n\n\n\n<p>Desde temprana hora, las corporaciones se mantuvieron atentas mediante un dispositivo de seguridad y vialidad ante su arribo al Aeropuerto de Oaxaca; posteriormente se desplegaron sobre la carretera que dirige a la Sierra de Ju\u00e1rez, en donde se realiz\u00f3 la ceremonia oficial del 219 Aniversario del Natalicio de Benito Ju\u00e1rez Garc\u00eda.<\/p>\n\n\n\n<p>Lo mismo ocurri\u00f3 en su recorrido hac\u00eda San Bartolo Coyotepec, donde particip\u00f3 en distintos actos inaugurales del sector salud.<\/p>\n\n\n\n<p>La gira culmin\u00f3 sin reporte de incidente alguno que requiriera la intervenci\u00f3n o auxilio por parte de las corporaciones de seguridad, vialidad, protecci\u00f3n civil o salud.<\/p>\n\n\n\n<p>-0-<\/p>\n\n\n\n<p><\/p>\n","protected":false},"excerpt":{"rendered":"<p>\u2022 Desde temprana hora, las corporaciones se mantuvieron atentas mediante un dispositivo de seguridad y&#8230;<\/p>\n","protected":false},"author":4,"featured_media":38820,"comment_status":"","ping_status":"open","sticky":false,"template":"","format":"standard","meta":{"footnotes":""},"categories":[3],"tags":[],"jetpack_sharing_enabled":true,"featured_image_urls":{"full":["https:\/\/contextoanalisisperiodistico.com\/wp-content\/uploads\/2025\/03\/IMG-20250321-WA0183.jpg",1600,1066,false],"thumbnail":["https:\/\/contextoanalisisperiodistico.com\/wp-content\/uploads\/2025\/03\/IMG-20250321-WA0183-150x150.jpg",150,150,true],"medium":["https:\/\/contextoanalisisperiodistico.com\/wp-content\/uploads\/2025\/03\/IMG-20250321-WA0183-300x200.jpg",300,200,true],"medium_large":["https:\/\/contextoanalisisperiodistico.com\/wp-content\/uploads\/2025\/03\/IMG-20250321-WA0183-768x512.jpg",640,427,true],"large":["https:\/\/contextoanalisisperiodistico.com\/wp-content\/uploads\/2025\/03\/IMG-20250321-WA0183-1024x682.jpg",640,426,true],"1536x1536":["https:\/\/contextoanalisisperiodistico.com\/wp-content\/uploads\/2025\/03\/IMG-20250321-WA0183-1536x1023.jpg",1536,1023,true],"2048x2048":["https:\/\/contextoanalisisperiodistico.com\/wp-content\/uploads\/2025\/03\/IMG-20250321-WA0183.jpg",1600,1066,false],"covernews-slider-full":["https:\/\/contextoanalisisperiodistico.com\/wp-content\/uploads\/2025\/03\/IMG-20250321-WA0183-1115x715.jpg",1115,715,true],"covernews-slider-center":["https:\/\/contextoanalisisperiodistico.com\/wp-content\/uploads\/2025\/03\/IMG-20250321-WA0183-800x500.jpg",800,500,true],"covernews-featured":["https:\/\/contextoanalisisperiodistico.com\/wp-content\/uploads\/2025\/03\/IMG-20250321-WA0183-1024x682.jpg",1024,682,true],"covernews-medium":["https:\/\/contextoanalisisperiodistico.com\/wp-content\/uploads\/2025\/03\/IMG-20250321-WA0183-540x340.jpg",540,340,true],"covernews-medium-square":["https:\/\/contextoanalisisperiodistico.com\/wp-content\/uploads\/2025\/03\/IMG-20250321-WA0183-400x250.jpg",400,250,true]},"author_info":{"display_name":"Mario Gir\u00f3n","author_link":"https:\/\/contextoanalisisperiodistico.com\/index.php\/author\/director\/"},"category_info":"<a href=\"https:\/\/contextoanalisisperiodistico.com\/index.php\/category\/ciudad\/\" rel=\"category tag\">Ciudad<\/a>","tag_info":"Ciudad","comment_count":"0","jetpack_featured_media_url":"https:\/\/contextoanalisisperiodistico.com\/wp-content\/uploads\/2025\/03\/IMG-20250321-WA0183.jpg","_links":{"self":[{"href":"https:\/\/contextoanalisisperiodistico.com\/index.php\/wp-json\/wp\/v2\/posts\/38821"}],"collection":[{"href":"https:\/\/contextoanalisisperiodistico.com\/index.php\/wp-json\/wp\/v2\/posts"}],"about":[{"href":"https:\/\/contextoanalisisperiodistico.com\/index.php\/wp-json\/wp\/v2\/types\/post"}],"author":[{"embeddable":true,"href":"https:\/\/contextoanalisisperiodistico.com\/index.php\/wp-json\/wp\/v2\/users\/4"}],"replies":[{"embeddable":true,"href":"https:\/\/contextoanalisisperiodistico.com\/index.php\/wp-json\/wp\/v2\/comments?post=38821"}],"version-history":[{"count":0,"href":"https:\/\/contextoanalisisperiodistico.com\/index.php\/wp-json\/wp\/v2\/posts\/38821\/revisions"}],"wp:featuredmedia":[{"embeddable":true,"href":"https:\/\/contextoanalisisperiodistico.com\/index.php\/wp-json\/wp\/v2\/media\/38820"}],"wp:attachment":[{"href":"https:\/\/contextoanalisisperiodistico.com\/index.php\/wp-json\/wp\/v2\/media?parent=38821"}],"wp:term":[{"taxonomy":"category","embeddable":true,"href":"https:\/\/contextoanalisisperiodistico.com\/index.php\/wp-json\/wp\/v2\/categories?post=38821"},{"taxonomy":"post_tag","embeddable":true,"href":"https:\/\/contextoanalisisperiodistico.com\/index.php\/wp-json\/wp\/v2\/tags?post=38821"}],"curies":[{"name":"wp","href":"https:\/\/api.w.org\/{rel}","templated":true}]}}