{"id":38819,"date":"2025-03-21T21:31:52","date_gmt":"2025-03-22T03:31:52","guid":{"rendered":"https:\/\/contextoanalisisperiodistico.com\/index.php\/2025\/03\/21\/con-dos-nuevos-hospitales-oaxaca-fortalece-atencion-medica-especializada\/"},"modified":"2025-03-21T21:31:52","modified_gmt":"2025-03-22T03:31:52","slug":"con-dos-nuevos-hospitales-oaxaca-fortalece-atencion-medica-especializada","status":"publish","type":"post","link":"https:\/\/contextoanalisisperiodistico.com\/index.php\/2025\/03\/21\/con-dos-nuevos-hospitales-oaxaca-fortalece-atencion-medica-especializada\/","title":{"rendered":"Con dos nuevos hospitales, Oaxaca fortalece atenci\u00f3n m\u00e9dica especializada"},"content":{"rendered":"<div id=\"fb-root\"><\/div>\n\n<p>\u2022 Gobiernos Federal y Estatal inauguran hospitales General de la Mujer y la Ni\u00f1ez Oaxaque\u00f1a y B\u00e1sico Comunitario de Ixtl\u00e1n de Ju\u00e1rez<\/p>\n\n\n\n<figure class=\"wp-block-image size-large\"><img fetchpriority=\"high\" decoding=\"async\" width=\"1024\" height=\"682\" src=\"https:\/\/contextoanalisisperiodistico.com\/wp-content\/uploads\/2025\/03\/img-20250321-wa01788396875505309782055-1024x682.jpg\" alt=\"\" class=\"wp-image-38818\" srcset=\"https:\/\/contextoanalisisperiodistico.com\/wp-content\/uploads\/2025\/03\/img-20250321-wa01788396875505309782055-1024x682.jpg 1024w, https:\/\/contextoanalisisperiodistico.com\/wp-content\/uploads\/2025\/03\/img-20250321-wa01788396875505309782055-300x200.jpg 300w, https:\/\/contextoanalisisperiodistico.com\/wp-content\/uploads\/2025\/03\/img-20250321-wa01788396875505309782055-768x512.jpg 768w, https:\/\/contextoanalisisperiodistico.com\/wp-content\/uploads\/2025\/03\/img-20250321-wa01788396875505309782055.jpg 1280w\" sizes=\"(max-width: 1024px) 100vw, 1024px\" \/><\/figure>\n\n\n\n<figure class=\"wp-block-image\"><img decoding=\"async\" width=\"300\" height=\"188\" src=\"https:\/\/contextoanalisisperiodistico.com\/wp-content\/uploads\/2025\/03\/img-20250321-wa01766822801575132030451-300x188.jpg\" alt=\"\" class=\"wp-image-38817\" srcset=\"https:\/\/contextoanalisisperiodistico.com\/wp-content\/uploads\/2025\/03\/img-20250321-wa01766822801575132030451-300x188.jpg 300w, https:\/\/contextoanalisisperiodistico.com\/wp-content\/uploads\/2025\/03\/img-20250321-wa01766822801575132030451-768x480.jpg 768w, https:\/\/contextoanalisisperiodistico.com\/wp-content\/uploads\/2025\/03\/img-20250321-wa01766822801575132030451-800x500.jpg 800w, https:\/\/contextoanalisisperiodistico.com\/wp-content\/uploads\/2025\/03\/img-20250321-wa01766822801575132030451-540x340.jpg 540w, https:\/\/contextoanalisisperiodistico.com\/wp-content\/uploads\/2025\/03\/img-20250321-wa01766822801575132030451-400x250.jpg 400w, https:\/\/contextoanalisisperiodistico.com\/wp-content\/uploads\/2025\/03\/img-20250321-wa01766822801575132030451.jpg 900w\" sizes=\"(max-width: 300px) 100vw, 300px\" \/><\/figure>\n\n\n\n<p>San Bartolo Coyotepec, Oax. 21 de marzo de 2025.- La Presidenta de M\u00e9xico Claudia Sheinbaum Pardo y el Gobernador Salom\u00f3n Jara Cruz inauguraron la primera etapa del Hospital General de la Mujer y la Ni\u00f1ez Oaxaque\u00f1a, as\u00ed como el Hospital B\u00e1sico Comunitario de Ixtl\u00e1n de Ju\u00e1rez, obras clave para fortalecer la atenci\u00f3n m\u00e9dica especializada en la entidad.<\/p>\n\n\n\n<p>Durante el acto, el Mandatario estatal inform\u00f3 que el nosocomio instalado en el municipio de San Bartolo Coyotepec, beneficiar\u00e1 a m\u00e1s de 1 mill\u00f3n 712 mil personas; adem\u00e1s, se estima que anualmente se brinden m\u00e1s de 51 mil consultas m\u00e9dicas y se garanticen alrededor de 5 mil partos y atenciones obst\u00e9tricas.<\/p>\n\n\n\n<p>En esta primera etapa, operar\u00e1 con 48 camas, tres quir\u00f3fanos, 16 consultorios de consulta externa; adem\u00e1s de \u00e1reas de urgencias y servicios m\u00e9dicos de laboratorio, rayos x, tomograf\u00eda, mastograf\u00eda, una sala de expulsi\u00f3n y una unidad de cuidados intensivos neonatales.<\/p>\n\n\n\n<p>Jara Cruz destac\u00f3 que en esta obra de infraestructura se han invertido 1 mil 125 millones de pesos para su rehabilitaci\u00f3n y mantenimiento, as\u00ed como en el acondicionamiento de las \u00e1reas de urgencias, consulta externa, laboratorio cl\u00ednico, radiolog\u00eda e imagen, farmacia, cirug\u00eda, terapia intensiva, gen\u00e9tica y oncolog\u00eda.<\/p>\n\n\n\n<p>Por su parte, el Hospital de Ixtl\u00e1n favorecer\u00e1 a cerca de 40 mil habitantes de 34 municipios de la Sierra de Ju\u00e1rez. Adem\u00e1s, contar\u00e1 con 14 camas censables y 17 camas no censables, nueve consultorios, urgencias, quir\u00f3fano y tococirug\u00eda.<\/p>\n\n\n\n<p>El Gobernante indic\u00f3 que, en esta instalaci\u00f3n m\u00e9dica -que hab\u00eda sido abandonada- se invirtieron m\u00e1s 48.5 millones, a fin de brindar servicios de hospitalizaci\u00f3n, consulta externa, laboratorio cl\u00ednico, imagenolog\u00eda, anestesiolog\u00eda, ultrasonido y rayos x, adem\u00e1s de especialidades troncales m\u00e9dicas y quir\u00fargicas.<\/p>\n\n\n\n<p>\u201cLa inauguraci\u00f3n de estos hospitales representan mucho para Oaxaca y ser\u00e1n fundamentales para poder atender, de manera adecuada, a quienes lo requieran y garantizar que las y los oaxaque\u00f1os ejerzan su derecho a la salud\u201d, se\u00f1al\u00f3.<\/p>\n\n\n\n<p>Salud para todas y todos<\/p>\n\n\n\n<p>En tanto, la Presidenta de M\u00e9xico reiter\u00f3 el compromiso del Gobierno Federal por fortalecer la salud p\u00fablica en todo el pa\u00eds, que por a\u00f1os fue privatizada, y que con el movimiento de la Cuarta Transformaci\u00f3n se centraliz\u00f3 en un sistema para todas y todos.<\/p>\n\n\n\n<p>\u201cNuestro objetivo es fortalecer las instituciones p\u00fablicas, en particular de atenci\u00f3n a la salud y que forman parte del IMSS, ISSSTE e IMSS-Bienestar. Ese es el prop\u00f3sito de esta inauguraci\u00f3n, garantizar el acceso a la salud desde la prevenci\u00f3n hasta la atenci\u00f3n\u201d, expres\u00f3.<\/p>\n\n\n\n<p>En este marco, el director general del IMSS-Bienestar, Alejandro Svarch P\u00e9rez resalt\u00f3 que la puesta en marcha de estos dos nosocomios representa un gran avance en la consolidaci\u00f3n de un sistema de salud unificado.<\/p>\n\n\n\n<p>\u201cEl Estado asume el rol relevante de la provisi\u00f3n, administraci\u00f3n y financiamiento de los servicios de salud e involucra al pueblo en las decisiones. Esto es en esencia el IMSS-Bienestar\u201d, dijo.<\/p>\n\n\n\n<p>-0-<\/p>\n","protected":false},"excerpt":{"rendered":"<p>\u2022 Gobiernos Federal y Estatal inauguran hospitales General de la Mujer y la Ni\u00f1ez Oaxaque\u00f1a&#8230;<\/p>\n","protected":false},"author":4,"featured_media":38816,"comment_status":"","ping_status":"open","sticky":false,"template":"","format":"standard","meta":{"footnotes":""},"categories":[9],"tags":[],"jetpack_sharing_enabled":true,"featured_image_urls":{"full":["https:\/\/contextoanalisisperiodistico.com\/wp-content\/uploads\/2025\/03\/IMG-20250321-WA0177.jpg",900,600,false],"thumbnail":["https:\/\/contextoanalisisperiodistico.com\/wp-content\/uploads\/2025\/03\/IMG-20250321-WA0177-150x150.jpg",150,150,true],"medium":["https:\/\/contextoanalisisperiodistico.com\/wp-content\/uploads\/2025\/03\/IMG-20250321-WA0177-300x200.jpg",300,200,true],"medium_large":["https:\/\/contextoanalisisperiodistico.com\/wp-content\/uploads\/2025\/03\/IMG-20250321-WA0177-768x512.jpg",640,427,true],"large":["https:\/\/contextoanalisisperiodistico.com\/wp-content\/uploads\/2025\/03\/IMG-20250321-WA0177.jpg",640,427,false],"1536x1536":["https:\/\/contextoanalisisperiodistico.com\/wp-content\/uploads\/2025\/03\/IMG-20250321-WA0177.jpg",900,600,false],"2048x2048":["https:\/\/contextoanalisisperiodistico.com\/wp-content\/uploads\/2025\/03\/IMG-20250321-WA0177.jpg",900,600,false],"covernews-slider-full":["https:\/\/contextoanalisisperiodistico.com\/wp-content\/uploads\/2025\/03\/IMG-20250321-WA0177.jpg",900,600,false],"covernews-slider-center":["https:\/\/contextoanalisisperiodistico.com\/wp-content\/uploads\/2025\/03\/IMG-20250321-WA0177-800x500.jpg",800,500,true],"covernews-featured":["https:\/\/contextoanalisisperiodistico.com\/wp-content\/uploads\/2025\/03\/IMG-20250321-WA0177.jpg",900,600,false],"covernews-medium":["https:\/\/contextoanalisisperiodistico.com\/wp-content\/uploads\/2025\/03\/IMG-20250321-WA0177-540x340.jpg",540,340,true],"covernews-medium-square":["https:\/\/contextoanalisisperiodistico.com\/wp-content\/uploads\/2025\/03\/IMG-20250321-WA0177-400x250.jpg",400,250,true]},"author_info":{"display_name":"Mario Gir\u00f3n","author_link":"https:\/\/contextoanalisisperiodistico.com\/index.php\/author\/director\/"},"category_info":"<a href=\"https:\/\/contextoanalisisperiodistico.com\/index.php\/category\/politica\/\" rel=\"category tag\">Pol\u00edtica<\/a>","tag_info":"Pol\u00edtica","comment_count":"0","jetpack_featured_media_url":"https:\/\/contextoanalisisperiodistico.com\/wp-content\/uploads\/2025\/03\/IMG-20250321-WA0177.jpg","_links":{"self":[{"href":"https:\/\/contextoanalisisperiodistico.com\/index.php\/wp-json\/wp\/v2\/posts\/38819"}],"collection":[{"href":"https:\/\/contextoanalisisperiodistico.com\/index.php\/wp-json\/wp\/v2\/posts"}],"about":[{"href":"https:\/\/contextoanalisisperiodistico.com\/index.php\/wp-json\/wp\/v2\/types\/post"}],"author":[{"embeddable":true,"href":"https:\/\/contextoanalisisperiodistico.com\/index.php\/wp-json\/wp\/v2\/users\/4"}],"replies":[{"embeddable":true,"href":"https:\/\/contextoanalisisperiodistico.com\/index.php\/wp-json\/wp\/v2\/comments?post=38819"}],"version-history":[{"count":0,"href":"https:\/\/contextoanalisisperiodistico.com\/index.php\/wp-json\/wp\/v2\/posts\/38819\/revisions"}],"wp:featuredmedia":[{"embeddable":true,"href":"https:\/\/contextoanalisisperiodistico.com\/index.php\/wp-json\/wp\/v2\/media\/38816"}],"wp:attachment":[{"href":"https:\/\/contextoanalisisperiodistico.com\/index.php\/wp-json\/wp\/v2\/media?parent=38819"}],"wp:term":[{"taxonomy":"category","embeddable":true,"href":"https:\/\/contextoanalisisperiodistico.com\/index.php\/wp-json\/wp\/v2\/categories?post=38819"},{"taxonomy":"post_tag","embeddable":true,"href":"https:\/\/contextoanalisisperiodistico.com\/index.php\/wp-json\/wp\/v2\/tags?post=38819"}],"curies":[{"name":"wp","href":"https:\/\/api.w.org\/{rel}","templated":true}]}}