{"id":38815,"date":"2025-03-21T18:56:13","date_gmt":"2025-03-22T00:56:13","guid":{"rendered":"https:\/\/contextoanalisisperiodistico.com\/index.php\/2025\/03\/21\/legado-humanista-de-benito-juarez-mas-vivo-que-nunca-en-mexico-y-oaxaca-salomon-jara\/"},"modified":"2025-03-21T18:56:13","modified_gmt":"2025-03-22T00:56:13","slug":"legado-humanista-de-benito-juarez-mas-vivo-que-nunca-en-mexico-y-oaxaca-salomon-jara","status":"publish","type":"post","link":"https:\/\/contextoanalisisperiodistico.com\/index.php\/2025\/03\/21\/legado-humanista-de-benito-juarez-mas-vivo-que-nunca-en-mexico-y-oaxaca-salomon-jara\/","title":{"rendered":"Legado humanista de Benito Ju\u00e1rez m\u00e1s vivo que nunca en M\u00e9xico y Oaxaca: Salom\u00f3n Jara"},"content":{"rendered":"<div id=\"fb-root\"><\/div>\n\n<p>\u2022 En la conmemoraci\u00f3n del natalicio del Benem\u00e9rito de las Am\u00e9ricas, la Presidenta de M\u00e9xico y el Gobernador de Oaxaca enarbolaron la visi\u00f3n del patricio<\/p>\n\n\n\n<figure class=\"wp-block-image size-large\"><img fetchpriority=\"high\" decoding=\"async\" width=\"1024\" height=\"682\" src=\"https:\/\/contextoanalisisperiodistico.com\/wp-content\/uploads\/2025\/03\/img-20250321-wa01484455156450333407458-1024x682.jpg\" alt=\"\" class=\"wp-image-38811\" srcset=\"https:\/\/contextoanalisisperiodistico.com\/wp-content\/uploads\/2025\/03\/img-20250321-wa01484455156450333407458-1024x682.jpg 1024w, https:\/\/contextoanalisisperiodistico.com\/wp-content\/uploads\/2025\/03\/img-20250321-wa01484455156450333407458-300x200.jpg 300w, https:\/\/contextoanalisisperiodistico.com\/wp-content\/uploads\/2025\/03\/img-20250321-wa01484455156450333407458-768x512.jpg 768w, https:\/\/contextoanalisisperiodistico.com\/wp-content\/uploads\/2025\/03\/img-20250321-wa01484455156450333407458-1536x1023.jpg 1536w, https:\/\/contextoanalisisperiodistico.com\/wp-content\/uploads\/2025\/03\/img-20250321-wa01484455156450333407458.jpg 1600w\" sizes=\"(max-width: 1024px) 100vw, 1024px\" \/><\/figure>\n\n\n\n<figure class=\"wp-block-image\"><img decoding=\"async\" width=\"1024\" height=\"682\" src=\"https:\/\/contextoanalisisperiodistico.com\/wp-content\/uploads\/2025\/03\/img-20250321-wa0152120681534017991296-1024x682.jpg\" alt=\"\" class=\"wp-image-38812\" srcset=\"https:\/\/contextoanalisisperiodistico.com\/wp-content\/uploads\/2025\/03\/img-20250321-wa0152120681534017991296-1024x682.jpg 1024w, https:\/\/contextoanalisisperiodistico.com\/wp-content\/uploads\/2025\/03\/img-20250321-wa0152120681534017991296-300x200.jpg 300w, https:\/\/contextoanalisisperiodistico.com\/wp-content\/uploads\/2025\/03\/img-20250321-wa0152120681534017991296-768x512.jpg 768w, https:\/\/contextoanalisisperiodistico.com\/wp-content\/uploads\/2025\/03\/img-20250321-wa0152120681534017991296-1536x1023.jpg 1536w, https:\/\/contextoanalisisperiodistico.com\/wp-content\/uploads\/2025\/03\/img-20250321-wa0152120681534017991296.jpg 1600w\" sizes=\"(max-width: 1024px) 100vw, 1024px\" \/><\/figure>\n\n\n\n<figure class=\"wp-block-image\"><img decoding=\"async\" width=\"1024\" height=\"682\" src=\"https:\/\/contextoanalisisperiodistico.com\/wp-content\/uploads\/2025\/03\/img-20250321-wa01493364550380319508567-1024x682.jpg\" alt=\"\" class=\"wp-image-38813\" srcset=\"https:\/\/contextoanalisisperiodistico.com\/wp-content\/uploads\/2025\/03\/img-20250321-wa01493364550380319508567-1024x682.jpg 1024w, https:\/\/contextoanalisisperiodistico.com\/wp-content\/uploads\/2025\/03\/img-20250321-wa01493364550380319508567-300x200.jpg 300w, https:\/\/contextoanalisisperiodistico.com\/wp-content\/uploads\/2025\/03\/img-20250321-wa01493364550380319508567-768x512.jpg 768w, https:\/\/contextoanalisisperiodistico.com\/wp-content\/uploads\/2025\/03\/img-20250321-wa01493364550380319508567-1536x1023.jpg 1536w, https:\/\/contextoanalisisperiodistico.com\/wp-content\/uploads\/2025\/03\/img-20250321-wa01493364550380319508567.jpg 1600w\" sizes=\"(max-width: 1024px) 100vw, 1024px\" \/><\/figure>\n\n\n\n<figure class=\"wp-block-image\"><img loading=\"lazy\" decoding=\"async\" width=\"1024\" height=\"680\" src=\"https:\/\/contextoanalisisperiodistico.com\/wp-content\/uploads\/2025\/03\/img-20250321-wa01516310406101031570510-1024x680.jpg\" alt=\"\" class=\"wp-image-38814\" srcset=\"https:\/\/contextoanalisisperiodistico.com\/wp-content\/uploads\/2025\/03\/img-20250321-wa01516310406101031570510-1024x680.jpg 1024w, https:\/\/contextoanalisisperiodistico.com\/wp-content\/uploads\/2025\/03\/img-20250321-wa01516310406101031570510-300x199.jpg 300w, https:\/\/contextoanalisisperiodistico.com\/wp-content\/uploads\/2025\/03\/img-20250321-wa01516310406101031570510-768x510.jpg 768w, https:\/\/contextoanalisisperiodistico.com\/wp-content\/uploads\/2025\/03\/img-20250321-wa01516310406101031570510-1536x1020.jpg 1536w, https:\/\/contextoanalisisperiodistico.com\/wp-content\/uploads\/2025\/03\/img-20250321-wa01516310406101031570510.jpg 1600w\" sizes=\"(max-width: 1024px) 100vw, 1024px\" \/><\/figure>\n\n\n\n<p>San Pablo Guelatao, Oax. 21 de marzo de 2025.- En el aniversario 219 del natalicio de Benito Ju\u00e1rez Garc\u00eda, la Presidenta Claudia Sheinbaum Pardo y el Gobernador Salom\u00f3n Jara Cruz reivindicaron los ideales del Benem\u00e9rito de las Am\u00e9ricas; que han forjado el pasado y gu\u00edan el presente de M\u00e9xico.<\/p>\n\n\n\n<p>Entre las boscosas monta\u00f1as de la Sierra de Ju\u00e1rez, que rodean Guelatao y que vieron nacer a aquel ind\u00edgena zapoteca que defendi\u00f3 la patria de la invasi\u00f3n extranjera; el Mandatario estatal afirm\u00f3 que el legado de Ju\u00e1rez de dignidad, justicia e igualdad; son los principios que lo inspiran.<\/p>\n\n\n\n<p>\u201cEn Oaxaca la visi\u00f3n juarista vive y se hace presente en nuestros pueblos originarios, legitim\u00e1ndose a trav\u00e9s de la colectividad, ayuda mutua, gozona, tequio, guelaguetza y el profundo orgullo de la riqueza ancestral y milenaria\u201d, expres\u00f3.<\/p>\n\n\n\n<p>Jara Cruz destac\u00f3 que este esp\u00edritu humanista es la base de los gobiernos de la Cuarta Transformaci\u00f3n, que materializan el apotegma de Ju\u00e1rez: \u201cCon el pueblo todo, sin el pueblo nada\u201d; al cual se suman los cimientos comunales e interculturales de los pueblos de Oaxaca.<\/p>\n\n\n\n<p>Con esta visi\u00f3n, reconoci\u00f3 la determinaci\u00f3n del Gobierno Federal de aportar directamente el 10 por ciento de los recursos del Fondo de Aportaciones para la Infraestructura Social (FAIS), a los pueblos y comunidades ind\u00edgenas, para combatir el rezago y la pobreza, as\u00ed como, reparar la deuda hist\u00f3rica heredada por los gobiernos del pasado.<\/p>\n\n\n\n<p>En esta tierra de gigantes como Benito Ju\u00e1rez, el Gobernador reiter\u00f3 el respaldo de Oaxaca a la Presidenta de M\u00e9xico en la defensa de la soberan\u00eda nacional. \u201cUsted ha mirado de frente, y sin miedo, a quienes con amenazas pretenden doblegarnos y les ha dejado en claro que M\u00e9xico no se somete ni se someter\u00e1\u201d, asever\u00f3.<\/p>\n\n\n\n<p>En tanto, Sheinbaum Pardo expres\u00f3 que el pensamiento juarista es la esencia de la Cuarta Transformaci\u00f3n de la vida p\u00fablica y que en su gobierno se rige por los valores de: justicia, soberan\u00eda, independencia, libertad y democracia.<\/p>\n\n\n\n<p>\u201cHoy Ju\u00e1rez est\u00e1 en el coraz\u00f3n de las mexicanas y mexicanos cuando decimos que somos un pa\u00eds libre, independiente y soberano, que no somos colonia de nadie ni protectorado de nadie; somos una naci\u00f3n independiente en la que hoy m\u00e1s que nunca resuenan las grandes palabras de Ju\u00e1rez: \u201cEntre los individuos como entre las naciones el respeto al derecho ajeno es la paz\u2019\u201d, puntualiz\u00f3.<\/p>\n\n\n\n<p>La titular del Poder Ejecutivo Federal afirm\u00f3 que, en esta nueva etapa de la historia nacional, el pueblo est\u00e1 empoderado; y prueba de ello, en junio pr\u00f3ximo, elegir\u00e1 a las y los ministros, magistrados y jueces.<\/p>\n\n\n\n<p>Finalmente, el presidente municipal de San Pablo Guelatao, Isa\u00edas Garc\u00eda Soto mencion\u00f3 que la reforma en materia de los derechos de los pueblos ind\u00edgenas y del pueblo afromexicano es un homenaje a ese ni\u00f1o ind\u00edgena que en 1806 naci\u00f3 para formar la rep\u00fablica.<\/p>\n\n\n\n<p>\u201cVenerar con hechos y no como palabras es como se tiene que hacer honor a nuestra historia\u201d, expuso.<\/p>\n\n\n\n<p>Al t\u00e9rmino del acto, la Presidenta de M\u00e9xico y el Gobernador de Oaxaca, as\u00ed como autoridades civiles y militares montaron guardia de honor y colocaron la ofrenda floral en el monumento del Benem\u00e9rito de las Am\u00e9ricas.<\/p>\n\n\n\n<p>-0-<\/p>\n","protected":false},"excerpt":{"rendered":"<p>\u2022 En la conmemoraci\u00f3n del natalicio del Benem\u00e9rito de las Am\u00e9ricas, la Presidenta de M\u00e9xico&#8230;<\/p>\n","protected":false},"author":4,"featured_media":38810,"comment_status":"","ping_status":"open","sticky":false,"template":"","format":"standard","meta":{"footnotes":""},"categories":[9],"tags":[],"jetpack_sharing_enabled":true,"featured_image_urls":{"full":["https:\/\/contextoanalisisperiodistico.com\/wp-content\/uploads\/2025\/03\/IMG-20250321-WA0147.jpg",1600,1066,false],"thumbnail":["https:\/\/contextoanalisisperiodistico.com\/wp-content\/uploads\/2025\/03\/IMG-20250321-WA0147-150x150.jpg",150,150,true],"medium":["https:\/\/contextoanalisisperiodistico.com\/wp-content\/uploads\/2025\/03\/IMG-20250321-WA0147-300x200.jpg",300,200,true],"medium_large":["https:\/\/contextoanalisisperiodistico.com\/wp-content\/uploads\/2025\/03\/IMG-20250321-WA0147-768x512.jpg",640,427,true],"large":["https:\/\/contextoanalisisperiodistico.com\/wp-content\/uploads\/2025\/03\/IMG-20250321-WA0147-1024x682.jpg",640,426,true],"1536x1536":["https:\/\/contextoanalisisperiodistico.com\/wp-content\/uploads\/2025\/03\/IMG-20250321-WA0147-1536x1023.jpg",1536,1023,true],"2048x2048":["https:\/\/contextoanalisisperiodistico.com\/wp-content\/uploads\/2025\/03\/IMG-20250321-WA0147.jpg",1600,1066,false],"covernews-slider-full":["https:\/\/contextoanalisisperiodistico.com\/wp-content\/uploads\/2025\/03\/IMG-20250321-WA0147-1115x715.jpg",1115,715,true],"covernews-slider-center":["https:\/\/contextoanalisisperiodistico.com\/wp-content\/uploads\/2025\/03\/IMG-20250321-WA0147-800x500.jpg",800,500,true],"covernews-featured":["https:\/\/contextoanalisisperiodistico.com\/wp-content\/uploads\/2025\/03\/IMG-20250321-WA0147-1024x682.jpg",1024,682,true],"covernews-medium":["https:\/\/contextoanalisisperiodistico.com\/wp-content\/uploads\/2025\/03\/IMG-20250321-WA0147-540x340.jpg",540,340,true],"covernews-medium-square":["https:\/\/contextoanalisisperiodistico.com\/wp-content\/uploads\/2025\/03\/IMG-20250321-WA0147-400x250.jpg",400,250,true]},"author_info":{"display_name":"Mario Gir\u00f3n","author_link":"https:\/\/contextoanalisisperiodistico.com\/index.php\/author\/director\/"},"category_info":"<a href=\"https:\/\/contextoanalisisperiodistico.com\/index.php\/category\/politica\/\" rel=\"category tag\">Pol\u00edtica<\/a>","tag_info":"Pol\u00edtica","comment_count":"0","jetpack_featured_media_url":"https:\/\/contextoanalisisperiodistico.com\/wp-content\/uploads\/2025\/03\/IMG-20250321-WA0147.jpg","_links":{"self":[{"href":"https:\/\/contextoanalisisperiodistico.com\/index.php\/wp-json\/wp\/v2\/posts\/38815"}],"collection":[{"href":"https:\/\/contextoanalisisperiodistico.com\/index.php\/wp-json\/wp\/v2\/posts"}],"about":[{"href":"https:\/\/contextoanalisisperiodistico.com\/index.php\/wp-json\/wp\/v2\/types\/post"}],"author":[{"embeddable":true,"href":"https:\/\/contextoanalisisperiodistico.com\/index.php\/wp-json\/wp\/v2\/users\/4"}],"replies":[{"embeddable":true,"href":"https:\/\/contextoanalisisperiodistico.com\/index.php\/wp-json\/wp\/v2\/comments?post=38815"}],"version-history":[{"count":0,"href":"https:\/\/contextoanalisisperiodistico.com\/index.php\/wp-json\/wp\/v2\/posts\/38815\/revisions"}],"wp:featuredmedia":[{"embeddable":true,"href":"https:\/\/contextoanalisisperiodistico.com\/index.php\/wp-json\/wp\/v2\/media\/38810"}],"wp:attachment":[{"href":"https:\/\/contextoanalisisperiodistico.com\/index.php\/wp-json\/wp\/v2\/media?parent=38815"}],"wp:term":[{"taxonomy":"category","embeddable":true,"href":"https:\/\/contextoanalisisperiodistico.com\/index.php\/wp-json\/wp\/v2\/categories?post=38815"},{"taxonomy":"post_tag","embeddable":true,"href":"https:\/\/contextoanalisisperiodistico.com\/index.php\/wp-json\/wp\/v2\/tags?post=38815"}],"curies":[{"name":"wp","href":"https:\/\/api.w.org\/{rel}","templated":true}]}}