{"id":38787,"date":"2025-03-21T14:26:56","date_gmt":"2025-03-21T20:26:56","guid":{"rendered":"https:\/\/contextoanalisisperiodistico.com\/index.php\/2025\/03\/21\/reafirma-ray-chagoya-compromiso-de-trabajo-con-la-presidenta-claudia-sheinbaum\/"},"modified":"2025-03-21T14:26:56","modified_gmt":"2025-03-21T20:26:56","slug":"reafirma-ray-chagoya-compromiso-de-trabajo-con-la-presidenta-claudia-sheinbaum","status":"publish","type":"post","link":"https:\/\/contextoanalisisperiodistico.com\/index.php\/2025\/03\/21\/reafirma-ray-chagoya-compromiso-de-trabajo-con-la-presidenta-claudia-sheinbaum\/","title":{"rendered":"Reafirma Ray Chagoya compromiso de trabajo con la Presidenta Claudia Sheinbaum"},"content":{"rendered":"<div id=\"fb-root\"><\/div>\n\n<p>\u2022 Mencion\u00f3 que seguir\u00e1n coordinando acciones con el Gobierno de M\u00e9xico y del Estado que encabeza Salom\u00f3n Jara Cruz<\/p>\n\n\n\n<figure class=\"wp-block-image size-large\"><img fetchpriority=\"high\" decoding=\"async\" width=\"1024\" height=\"683\" src=\"https:\/\/contextoanalisisperiodistico.com\/wp-content\/uploads\/2025\/03\/img-20250321-wa01056037381662920275283-1024x683.jpg\" alt=\"\" class=\"wp-image-38785\" srcset=\"https:\/\/contextoanalisisperiodistico.com\/wp-content\/uploads\/2025\/03\/img-20250321-wa01056037381662920275283-1024x683.jpg 1024w, https:\/\/contextoanalisisperiodistico.com\/wp-content\/uploads\/2025\/03\/img-20250321-wa01056037381662920275283-300x200.jpg 300w, https:\/\/contextoanalisisperiodistico.com\/wp-content\/uploads\/2025\/03\/img-20250321-wa01056037381662920275283-768x512.jpg 768w, https:\/\/contextoanalisisperiodistico.com\/wp-content\/uploads\/2025\/03\/img-20250321-wa01056037381662920275283-1536x1025.jpg 1536w, https:\/\/contextoanalisisperiodistico.com\/wp-content\/uploads\/2025\/03\/img-20250321-wa01056037381662920275283.jpg 2000w\" sizes=\"(max-width: 1024px) 100vw, 1024px\" \/><\/figure>\n\n\n\n<figure class=\"wp-block-image\"><img decoding=\"async\" width=\"1024\" height=\"683\" src=\"https:\/\/contextoanalisisperiodistico.com\/wp-content\/uploads\/2025\/03\/img-20250321-wa01068686022525500561542-1024x683.jpg\" alt=\"\" class=\"wp-image-38786\" srcset=\"https:\/\/contextoanalisisperiodistico.com\/wp-content\/uploads\/2025\/03\/img-20250321-wa01068686022525500561542-1024x683.jpg 1024w, https:\/\/contextoanalisisperiodistico.com\/wp-content\/uploads\/2025\/03\/img-20250321-wa01068686022525500561542-300x200.jpg 300w, https:\/\/contextoanalisisperiodistico.com\/wp-content\/uploads\/2025\/03\/img-20250321-wa01068686022525500561542-768x512.jpg 768w, https:\/\/contextoanalisisperiodistico.com\/wp-content\/uploads\/2025\/03\/img-20250321-wa01068686022525500561542-1536x1025.jpg 1536w, https:\/\/contextoanalisisperiodistico.com\/wp-content\/uploads\/2025\/03\/img-20250321-wa01068686022525500561542.jpg 2000w\" sizes=\"(max-width: 1024px) 100vw, 1024px\" \/><\/figure>\n\n\n\n<p>Oaxaca de Ju\u00e1rez, Oax. 21 de marzo de 2025.- En el marco de la visita de la Presidenta de M\u00e9xico Claudia Sheinbaum a Oaxaca, el Presidente Ray Chagoya reafirm\u00f3 su compromiso para trabajar de manera coordinada en beneficio de las vecinas y vecinos de la capital oaxaque\u00f1a.<\/p>\n\n\n\n<p>\u201cSiempre que nos visita la Presidenta nos trae muy buenas noticias, por ello queremos reiterarle que en Oaxaca de Ju\u00e1rez tenemos la mejor intenci\u00f3n de hacer equipo con ella y con el Gobernador Salom\u00f3n Jara.<\/p>\n\n\n\n<p>En Guelatao de Ju\u00e1rez, primer punto visitado por la Presidenta, Ray Chagoya estuvo acompa\u00f1ado de vecinas y vecinos quienes hicieron presencia representando a las colonias y agencias de Oaxaca de Ju\u00e1rez que apoyan las acciones de la mandataria en favor de las y los oaxaque\u00f1os.<\/p>\n\n\n\n<p>En este sentido, asegur\u00f3 que para la capital oaxaque\u00f1a se espera concretar proyectos con el apoyo de la federaci\u00f3n, por lo que el edil destac\u00f3 que el gobierno Municipal se encuentra comunicaci\u00f3n con la Secretar\u00eda de Desarrollo Agrario, Territorial y Urbano (Sedatu) para concluir el \u00e1rea de comedores y de venta de pan en el Mercado de Abasto este a\u00f1o.<\/p>\n\n\n\n<p>El Presidente Ray Chagoya acompa\u00f1ar\u00e1 esta tarde a la Presidenta Claudia Sheinbaum a la visita que realizar\u00e1 al Hospital de la Mujer ubicado en el municipio de San Bartolo Coyotepec.<\/p>\n","protected":false},"excerpt":{"rendered":"<p>\u2022 Mencion\u00f3 que seguir\u00e1n coordinando acciones con el Gobierno de M\u00e9xico y del Estado que&#8230;<\/p>\n","protected":false},"author":4,"featured_media":38784,"comment_status":"","ping_status":"open","sticky":false,"template":"","format":"standard","meta":{"footnotes":""},"categories":[9],"tags":[178,235,234,45],"jetpack_sharing_enabled":true,"featured_image_urls":{"full":["https:\/\/contextoanalisisperiodistico.com\/wp-content\/uploads\/2025\/03\/IMG-20250321-WA0103-scaled.jpg",2560,1706,false],"thumbnail":["https:\/\/contextoanalisisperiodistico.com\/wp-content\/uploads\/2025\/03\/IMG-20250321-WA0103-150x150.jpg",150,150,true],"medium":["https:\/\/contextoanalisisperiodistico.com\/wp-content\/uploads\/2025\/03\/IMG-20250321-WA0103-300x200.jpg",300,200,true],"medium_large":["https:\/\/contextoanalisisperiodistico.com\/wp-content\/uploads\/2025\/03\/IMG-20250321-WA0103-768x512.jpg",640,427,true],"large":["https:\/\/contextoanalisisperiodistico.com\/wp-content\/uploads\/2025\/03\/IMG-20250321-WA0103-1024x683.jpg",640,427,true],"1536x1536":["https:\/\/contextoanalisisperiodistico.com\/wp-content\/uploads\/2025\/03\/IMG-20250321-WA0103-1536x1024.jpg",1536,1024,true],"2048x2048":["https:\/\/contextoanalisisperiodistico.com\/wp-content\/uploads\/2025\/03\/IMG-20250321-WA0103-2048x1365.jpg",2048,1365,true],"covernews-slider-full":["https:\/\/contextoanalisisperiodistico.com\/wp-content\/uploads\/2025\/03\/IMG-20250321-WA0103-1115x715.jpg",1115,715,true],"covernews-slider-center":["https:\/\/contextoanalisisperiodistico.com\/wp-content\/uploads\/2025\/03\/IMG-20250321-WA0103-800x500.jpg",800,500,true],"covernews-featured":["https:\/\/contextoanalisisperiodistico.com\/wp-content\/uploads\/2025\/03\/IMG-20250321-WA0103-scaled.jpg",1024,682,false],"covernews-medium":["https:\/\/contextoanalisisperiodistico.com\/wp-content\/uploads\/2025\/03\/IMG-20250321-WA0103-scaled.jpg",510,340,false],"covernews-medium-square":["https:\/\/contextoanalisisperiodistico.com\/wp-content\/uploads\/2025\/03\/IMG-20250321-WA0103-scaled.jpg",375,250,false]},"author_info":{"display_name":"Mario Gir\u00f3n","author_link":"https:\/\/contextoanalisisperiodistico.com\/index.php\/author\/director\/"},"category_info":"<a href=\"https:\/\/contextoanalisisperiodistico.com\/index.php\/category\/politica\/\" rel=\"category tag\">Pol\u00edtica<\/a>","tag_info":"Pol\u00edtica","comment_count":"0","jetpack_featured_media_url":"https:\/\/contextoanalisisperiodistico.com\/wp-content\/uploads\/2025\/03\/IMG-20250321-WA0103-scaled.jpg","_links":{"self":[{"href":"https:\/\/contextoanalisisperiodistico.com\/index.php\/wp-json\/wp\/v2\/posts\/38787"}],"collection":[{"href":"https:\/\/contextoanalisisperiodistico.com\/index.php\/wp-json\/wp\/v2\/posts"}],"about":[{"href":"https:\/\/contextoanalisisperiodistico.com\/index.php\/wp-json\/wp\/v2\/types\/post"}],"author":[{"embeddable":true,"href":"https:\/\/contextoanalisisperiodistico.com\/index.php\/wp-json\/wp\/v2\/users\/4"}],"replies":[{"embeddable":true,"href":"https:\/\/contextoanalisisperiodistico.com\/index.php\/wp-json\/wp\/v2\/comments?post=38787"}],"version-history":[{"count":0,"href":"https:\/\/contextoanalisisperiodistico.com\/index.php\/wp-json\/wp\/v2\/posts\/38787\/revisions"}],"wp:featuredmedia":[{"embeddable":true,"href":"https:\/\/contextoanalisisperiodistico.com\/index.php\/wp-json\/wp\/v2\/media\/38784"}],"wp:attachment":[{"href":"https:\/\/contextoanalisisperiodistico.com\/index.php\/wp-json\/wp\/v2\/media?parent=38787"}],"wp:term":[{"taxonomy":"category","embeddable":true,"href":"https:\/\/contextoanalisisperiodistico.com\/index.php\/wp-json\/wp\/v2\/categories?post=38787"},{"taxonomy":"post_tag","embeddable":true,"href":"https:\/\/contextoanalisisperiodistico.com\/index.php\/wp-json\/wp\/v2\/tags?post=38787"}],"curies":[{"name":"wp","href":"https:\/\/api.w.org\/{rel}","templated":true}]}}