{"id":38764,"date":"2025-03-21T11:58:49","date_gmt":"2025-03-21T17:58:49","guid":{"rendered":"https:\/\/contextoanalisisperiodistico.com\/index.php\/2025\/03\/21\/la-politica-es-para-servir-y-cambiar-vidas-no-para-servirse-de-ella-ray-chagoya\/"},"modified":"2025-03-21T11:58:49","modified_gmt":"2025-03-21T17:58:49","slug":"la-politica-es-para-servir-y-cambiar-vidas-no-para-servirse-de-ella-ray-chagoya","status":"publish","type":"post","link":"https:\/\/contextoanalisisperiodistico.com\/index.php\/2025\/03\/21\/la-politica-es-para-servir-y-cambiar-vidas-no-para-servirse-de-ella-ray-chagoya\/","title":{"rendered":"&lt;La pol\u00edtica es para servir y cambiar vidas; No, para servirse de ella&gt;: Ray Chagoya"},"content":{"rendered":"<div id=\"fb-root\"><\/div>\n\n<p>*El Presidente municipal, reafirm\u00f3 esta ma\u00f1ana, el compromiso por una ciudad donde la ley sea un escudo para los vulnerables, los servicios de calidad, y la seguridad no un privilegio sino un derecho consolidado<\/p>\n\n\n\n<figure class=\"wp-block-video\"><video controls src=\"https:\/\/contextoanalisisperiodistico.com\/wp-content\/uploads\/2025\/03\/VID20250321083542.mp4\"><\/video><\/figure>\n\n\n\n<p>Mario GIR\u00d3N<\/p>\n\n\n\n<p>En el marco del 219 aniversario del natalicio del Benem\u00e9rito de las Am\u00e9ricas, \u201cLicenciado Benito Ju\u00e1rez Garc\u00eda\u201d, el Presidente Municipal capitalino, #RayChagoya, reconoci\u00f3:<\/p>\n\n\n\n<p><br>\u201cLa lucha de Don Benito Ju\u00e1rez nos inspira a seguir adelante. A no rendirnos\u201d.<br>Por ello, subray\u00f3: \u201cen el municipio Oaxaca de Ju\u00e1rez trabajamos d\u00eda a d\u00eda con energ\u00eda, honestidad y austeridad. Con la certeza de que la pol\u00edtica debe servir para cambiar la vida de las vecinas y los vecinos de Oaxaca de Ju\u00e1rez. No para servirse de ellas\u201d.<\/p>\n\n\n\n<p><br>Desde el monumento en honor a Don Benito Ju\u00e1rez, en lo alto del Cerro del Fort\u00edn, #RayChagoya, destac\u00f3:<\/p>\n\n\n\n<p><br>\u201cHoy, al evocar la memoria del Benem\u00e9rito de las Am\u00e9ricas\u201d, reafirmamos nuestro compromiso por una ciudad donde la ley sea un escudo para los vulnerables, los servicios sean de calidad, y la seguridad no sea un privilegio sino se consolide como un derecho\u201d.<\/p>\n\n\n\n<p><br>Convoc\u00f3 a capitalinos: \u201csigamos adelante con la frente en alto. Con la certeza de que el cambio que hacemos d\u00eda a d\u00eda, todas y todos, en esta capital, logra sentido trascendiendo y, por supuesto, siguiendo el ejemplo y el legado que hered\u00f3 Don Benito Ju\u00e1rez Garc\u00eda.<\/p>\n\n\n\n<p><br>Acompa\u00f1ado del Regidores, integrantes del funcionariado municipal y del Teniente Coronel de la Fuerza A\u00e9rea, Piloto Aviador, Carlos Alejandro Mendoza Ceballos, Comandante del Escuadr\u00f3n A\u00e9reo 103 y Rub\u00e9n Ram\u00edrez S\u00e1nchez, representante del director del IEEPO, Emilio Montero P\u00e9rez, #Ray Chagoya, cerr\u00f3 su mensaje:<\/p>\n\n\n\n<p><br>\u201cNo podemos olvidar que el progreso no es responsabilidad de unos cuantos sino de todas y todos. Por ello, este gobierno municipal capitalino trabaja en equipo con el Gobierno del Estado, encabezado por el Ing. Salom\u00f3n Jara; en equipo con la presidenta de la Rep\u00fablica, Claudia Sheinbaum Pardo, y, por supuesto, trabajando, haciendo el mejor equipo con las vecinas y vecinos de la ciudad, escuchando y atendiendo necesidades en colonias, barrios, parajes, fraccionamientos y agencias\u201d.<\/p>\n\n\n\n<p><br>De p\u00ede, anfitriones e invitados brindaron un prolongado aplauso como cierre con broche de oro a una ceremonia c\u00edvica, con ofrenda floral, por el 219 aniversario del natalicio del m\u00e1s grande e importante oaxaque\u00f1o de todos los tiempos: Don Benito Ju\u00e1rez Garc\u00eda.<\/p>\n","protected":false},"excerpt":{"rendered":"<p>*El Presidente municipal, reafirm\u00f3 esta ma\u00f1ana, el compromiso por una ciudad donde la ley sea&#8230;<\/p>\n","protected":false},"author":4,"featured_media":38762,"comment_status":"","ping_status":"open","sticky":false,"template":"","format":"standard","meta":{"footnotes":""},"categories":[9],"tags":[178,235,234,45],"jetpack_sharing_enabled":true,"featured_image_urls":{"full":["https:\/\/contextoanalisisperiodistico.com\/wp-content\/uploads\/2025\/03\/IMG-20250321-WA0064.jpg",1040,694,false],"thumbnail":["https:\/\/contextoanalisisperiodistico.com\/wp-content\/uploads\/2025\/03\/IMG-20250321-WA0064-150x150.jpg",150,150,true],"medium":["https:\/\/contextoanalisisperiodistico.com\/wp-content\/uploads\/2025\/03\/IMG-20250321-WA0064-300x200.jpg",300,200,true],"medium_large":["https:\/\/contextoanalisisperiodistico.com\/wp-content\/uploads\/2025\/03\/IMG-20250321-WA0064-768x512.jpg",640,427,true],"large":["https:\/\/contextoanalisisperiodistico.com\/wp-content\/uploads\/2025\/03\/IMG-20250321-WA0064-1024x683.jpg",640,427,true],"1536x1536":["https:\/\/contextoanalisisperiodistico.com\/wp-content\/uploads\/2025\/03\/IMG-20250321-WA0064.jpg",1040,694,false],"2048x2048":["https:\/\/contextoanalisisperiodistico.com\/wp-content\/uploads\/2025\/03\/IMG-20250321-WA0064.jpg",1040,694,false],"covernews-slider-full":["https:\/\/contextoanalisisperiodistico.com\/wp-content\/uploads\/2025\/03\/IMG-20250321-WA0064.jpg",1040,694,false],"covernews-slider-center":["https:\/\/contextoanalisisperiodistico.com\/wp-content\/uploads\/2025\/03\/IMG-20250321-WA0064-800x500.jpg",800,500,true],"covernews-featured":["https:\/\/contextoanalisisperiodistico.com\/wp-content\/uploads\/2025\/03\/IMG-20250321-WA0064-1024x683.jpg",1024,683,true],"covernews-medium":["https:\/\/contextoanalisisperiodistico.com\/wp-content\/uploads\/2025\/03\/IMG-20250321-WA0064-540x340.jpg",540,340,true],"covernews-medium-square":["https:\/\/contextoanalisisperiodistico.com\/wp-content\/uploads\/2025\/03\/IMG-20250321-WA0064-400x250.jpg",400,250,true]},"author_info":{"display_name":"Mario Gir\u00f3n","author_link":"https:\/\/contextoanalisisperiodistico.com\/index.php\/author\/director\/"},"category_info":"<a href=\"https:\/\/contextoanalisisperiodistico.com\/index.php\/category\/politica\/\" rel=\"category tag\">Pol\u00edtica<\/a>","tag_info":"Pol\u00edtica","comment_count":"0","jetpack_featured_media_url":"https:\/\/contextoanalisisperiodistico.com\/wp-content\/uploads\/2025\/03\/IMG-20250321-WA0064.jpg","_links":{"self":[{"href":"https:\/\/contextoanalisisperiodistico.com\/index.php\/wp-json\/wp\/v2\/posts\/38764"}],"collection":[{"href":"https:\/\/contextoanalisisperiodistico.com\/index.php\/wp-json\/wp\/v2\/posts"}],"about":[{"href":"https:\/\/contextoanalisisperiodistico.com\/index.php\/wp-json\/wp\/v2\/types\/post"}],"author":[{"embeddable":true,"href":"https:\/\/contextoanalisisperiodistico.com\/index.php\/wp-json\/wp\/v2\/users\/4"}],"replies":[{"embeddable":true,"href":"https:\/\/contextoanalisisperiodistico.com\/index.php\/wp-json\/wp\/v2\/comments?post=38764"}],"version-history":[{"count":0,"href":"https:\/\/contextoanalisisperiodistico.com\/index.php\/wp-json\/wp\/v2\/posts\/38764\/revisions"}],"wp:featuredmedia":[{"embeddable":true,"href":"https:\/\/contextoanalisisperiodistico.com\/index.php\/wp-json\/wp\/v2\/media\/38762"}],"wp:attachment":[{"href":"https:\/\/contextoanalisisperiodistico.com\/index.php\/wp-json\/wp\/v2\/media?parent=38764"}],"wp:term":[{"taxonomy":"category","embeddable":true,"href":"https:\/\/contextoanalisisperiodistico.com\/index.php\/wp-json\/wp\/v2\/categories?post=38764"},{"taxonomy":"post_tag","embeddable":true,"href":"https:\/\/contextoanalisisperiodistico.com\/index.php\/wp-json\/wp\/v2\/tags?post=38764"}],"curies":[{"name":"wp","href":"https:\/\/api.w.org\/{rel}","templated":true}]}}