{"id":38700,"date":"2025-03-20T09:51:11","date_gmt":"2025-03-20T15:51:11","guid":{"rendered":"https:\/\/contextoanalisisperiodistico.com\/index.php\/2025\/03\/20\/el-municipio-oaxaca-de-juarez-impulsa-limpieza-embellecimiento-e-iluminacion-en-diversas-zonas-de-la-ciudad\/"},"modified":"2025-03-20T09:51:11","modified_gmt":"2025-03-20T15:51:11","slug":"el-municipio-oaxaca-de-juarez-impulsa-limpieza-embellecimiento-e-iluminacion-en-diversas-zonas-de-la-ciudad","status":"publish","type":"post","link":"https:\/\/contextoanalisisperiodistico.com\/index.php\/2025\/03\/20\/el-municipio-oaxaca-de-juarez-impulsa-limpieza-embellecimiento-e-iluminacion-en-diversas-zonas-de-la-ciudad\/","title":{"rendered":"El Municipio Oaxaca de Ju\u00e1rez impulsa limpieza,&nbsp; embellecimiento e iluminaci\u00f3n en diversas zonas de la ciudad"},"content":{"rendered":"<div id=\"fb-root\"><\/div>\n\n<p>\u2022A trav\u00e9s de la Secretar\u00eda de Servicios Vecinales, se realizan trabajos de poda de arbolado, rehabilitaci\u00f3n de luminarias e intervenci\u00f3n en la Central de Abasto y agencias municipales, con el objetivo de mejorar la calidad de vida de la ciudadan\u00eda.<\/p>\n\n\n\n<p>Oaxaca de Ju\u00e1rez, Oax., 20 de marzo de 2025.- El Municipio de Oaxaca de Ju\u00e1rez, a trav\u00e9s de la Secretar\u00eda de Servicios Vecinales, contin\u00faa impulsando acciones de mejora para transformar la ciudad en un espacio m\u00e1s seguro, limpio y ordenado.<\/p>\n\n\n\n<p>En esta ocasi\u00f3n, se destaca el trabajo realizado en diversas zonas, como la agencia Guadalupe Victoria, la Central de Abasto y otros puntos estrat\u00e9gicos, con el prop\u00f3sito de ofrecer a la ciudadan\u00eda una mejor calidad de vida.<\/p>\n\n\n\n<p><em>Acciones en la agencia Guadalupe Victoria<\/em><\/p>\n\n\n\n<p>\u2022Instalaci\u00f3n de cinco nuevas luminarias en diversas calles de la agencia, para garantizar mayor seguridad y visibilidad durante la noche.<\/p>\n\n\n\n<p>\u2022Mantenimiento a tres luminarias existentes y colocaci\u00f3n de tres reflectores adicionales, mejorando la iluminaci\u00f3n en puntos estrat\u00e9gicos.<\/p>\n\n\n\n<p>\u2022Poda de \u00e1rboles, contribuyendo no solo a la est\u00e9tica del lugar, sino tambi\u00e9n a la seguridad y el bienestar com\u00fan.<\/p>\n\n\n\n<p><em>Mejoras en la Central de Abasto<\/em><\/p>\n\n\n\n<p>En un esfuerzo conjunto entre autoridades municipales y la ciudadan\u00eda, se llevaron a cabo diversas acciones de tequio en la Central de Abasto, con el objetivo de mejorar la infraestructura y el entorno del mercado m\u00e1s importante de la ciudad:<\/p>\n\n\n\n<p>\u2022Se realizaron 15 podas con dictamen t\u00e9cnico y nueve podas derivadas de solicitudes ciudadanas, lo que representa una mejora significativa en la seguridad de los espacios p\u00fablicos.<\/p>\n\n\n\n<p>\u2022Se retiraron 27 toneladas de residuos, manteniendo las \u00e1reas limpias y libres de obstrucciones.<\/p>\n\n\n\n<p>\u2022Se instalaron nuevas luminarias y postes, favoreciendo la visibilidad y la seguridad de quienes transitan por el lugar.<\/p>\n\n\n\n<p><em>Programa integral de embellecimiento<\/em><\/p>\n\n\n\n<p>El programa integral de embellecimiento impulsado por el Municipio de Oaxaca de Ju\u00e1rez contempla acciones como la rehabilitaci\u00f3n de luminarias, la poda de \u00e1rboles para mejorar la visibilidad y la seguridad, y la pinta de guarniciones en diferentes puntos de la ciudad.<\/p>\n\n\n\n<p>Estas acciones tienen como objetivo ofrecer a la ciudadan\u00eda una ciudad m\u00e1s ordenada y \u00f3ptima para vivir, trabajar y visitar.<\/p>\n\n\n\n<p>De esta manera, el gobierno municipal que preside Ray Chagoya responde de manera efectiva a las solicitudes ciudadanas y atiende los rezagos heredados de administraciones pasadas.<\/p>\n\n\n\n<p>Las intervenciones est\u00e1n enfocadas en generar un impacto positivo, desde las agencias municipales hasta los principales centros de comercio de la ciudad, como la Central de Abasto.<\/p>\n\n\n\n<figure class=\"wp-block-image size-large\"><img fetchpriority=\"high\" decoding=\"async\" width=\"1024\" height=\"681\" src=\"https:\/\/contextoanalisisperiodistico.com\/wp-content\/uploads\/2025\/03\/img-20250320-wa00417876648479194717666-1024x681.jpg\" alt=\"\" class=\"wp-image-38693\" srcset=\"https:\/\/contextoanalisisperiodistico.com\/wp-content\/uploads\/2025\/03\/img-20250320-wa00417876648479194717666-1024x681.jpg 1024w, https:\/\/contextoanalisisperiodistico.com\/wp-content\/uploads\/2025\/03\/img-20250320-wa00417876648479194717666-300x199.jpg 300w, https:\/\/contextoanalisisperiodistico.com\/wp-content\/uploads\/2025\/03\/img-20250320-wa00417876648479194717666-768x511.jpg 768w, https:\/\/contextoanalisisperiodistico.com\/wp-content\/uploads\/2025\/03\/img-20250320-wa00417876648479194717666.jpg 1080w\" sizes=\"(max-width: 1024px) 100vw, 1024px\" \/><\/figure>\n\n\n\n<figure class=\"wp-block-image\"><img decoding=\"async\" width=\"1024\" height=\"682\" src=\"https:\/\/contextoanalisisperiodistico.com\/wp-content\/uploads\/2025\/03\/img-20250320-wa0040204239196215109007-1024x682.jpg\" alt=\"\" class=\"wp-image-38692\" srcset=\"https:\/\/contextoanalisisperiodistico.com\/wp-content\/uploads\/2025\/03\/img-20250320-wa0040204239196215109007-1024x682.jpg 1024w, https:\/\/contextoanalisisperiodistico.com\/wp-content\/uploads\/2025\/03\/img-20250320-wa0040204239196215109007-300x200.jpg 300w, https:\/\/contextoanalisisperiodistico.com\/wp-content\/uploads\/2025\/03\/img-20250320-wa0040204239196215109007-768x511.jpg 768w, https:\/\/contextoanalisisperiodistico.com\/wp-content\/uploads\/2025\/03\/img-20250320-wa0040204239196215109007.jpg 1080w\" sizes=\"(max-width: 1024px) 100vw, 1024px\" \/><\/figure>\n\n\n\n<figure class=\"wp-block-image\"><img decoding=\"async\" width=\"768\" height=\"1024\" src=\"https:\/\/contextoanalisisperiodistico.com\/wp-content\/uploads\/2025\/03\/img-20250320-wa00422757759618270269536-768x1024.jpg\" alt=\"\" class=\"wp-image-38694\" srcset=\"https:\/\/contextoanalisisperiodistico.com\/wp-content\/uploads\/2025\/03\/img-20250320-wa00422757759618270269536-768x1024.jpg 768w, https:\/\/contextoanalisisperiodistico.com\/wp-content\/uploads\/2025\/03\/img-20250320-wa00422757759618270269536-225x300.jpg 225w, https:\/\/contextoanalisisperiodistico.com\/wp-content\/uploads\/2025\/03\/img-20250320-wa00422757759618270269536-1024x1365.jpg 1024w, https:\/\/contextoanalisisperiodistico.com\/wp-content\/uploads\/2025\/03\/img-20250320-wa00422757759618270269536.jpg 1080w\" sizes=\"(max-width: 768px) 100vw, 768px\" \/><\/figure>\n\n\n\n<figure class=\"wp-block-image\"><img loading=\"lazy\" decoding=\"async\" width=\"1024\" height=\"1024\" src=\"https:\/\/contextoanalisisperiodistico.com\/wp-content\/uploads\/2025\/03\/img-20250320-wa00431569920841593466198-1024x1024.jpg\" alt=\"\" class=\"wp-image-38696\" srcset=\"https:\/\/contextoanalisisperiodistico.com\/wp-content\/uploads\/2025\/03\/img-20250320-wa00431569920841593466198-1024x1024.jpg 1024w, https:\/\/contextoanalisisperiodistico.com\/wp-content\/uploads\/2025\/03\/img-20250320-wa00431569920841593466198-300x300.jpg 300w, https:\/\/contextoanalisisperiodistico.com\/wp-content\/uploads\/2025\/03\/img-20250320-wa00431569920841593466198-150x150.jpg 150w, https:\/\/contextoanalisisperiodistico.com\/wp-content\/uploads\/2025\/03\/img-20250320-wa00431569920841593466198-768x768.jpg 768w, https:\/\/contextoanalisisperiodistico.com\/wp-content\/uploads\/2025\/03\/img-20250320-wa00431569920841593466198.jpg 1080w\" sizes=\"(max-width: 1024px) 100vw, 1024px\" \/><\/figure>\n\n\n\n<figure class=\"wp-block-image\"><img loading=\"lazy\" decoding=\"async\" width=\"1024\" height=\"683\" src=\"https:\/\/contextoanalisisperiodistico.com\/wp-content\/uploads\/2025\/03\/img-20250320-wa0044658573248640446310-1024x683.jpg\" alt=\"\" class=\"wp-image-38695\" srcset=\"https:\/\/contextoanalisisperiodistico.com\/wp-content\/uploads\/2025\/03\/img-20250320-wa0044658573248640446310-1024x683.jpg 1024w, https:\/\/contextoanalisisperiodistico.com\/wp-content\/uploads\/2025\/03\/img-20250320-wa0044658573248640446310-300x200.jpg 300w, https:\/\/contextoanalisisperiodistico.com\/wp-content\/uploads\/2025\/03\/img-20250320-wa0044658573248640446310-768x512.jpg 768w, https:\/\/contextoanalisisperiodistico.com\/wp-content\/uploads\/2025\/03\/img-20250320-wa0044658573248640446310.jpg 1080w\" sizes=\"(max-width: 1024px) 100vw, 1024px\" \/><\/figure>\n\n\n\n<figure class=\"wp-block-image\"><img loading=\"lazy\" decoding=\"async\" width=\"1024\" height=\"682\" src=\"https:\/\/contextoanalisisperiodistico.com\/wp-content\/uploads\/2025\/03\/img-20250320-wa00374073093230391543369-1024x682.jpg\" alt=\"\" class=\"wp-image-38697\" srcset=\"https:\/\/contextoanalisisperiodistico.com\/wp-content\/uploads\/2025\/03\/img-20250320-wa00374073093230391543369-1024x682.jpg 1024w, https:\/\/contextoanalisisperiodistico.com\/wp-content\/uploads\/2025\/03\/img-20250320-wa00374073093230391543369-300x200.jpg 300w, https:\/\/contextoanalisisperiodistico.com\/wp-content\/uploads\/2025\/03\/img-20250320-wa00374073093230391543369-768x511.jpg 768w, https:\/\/contextoanalisisperiodistico.com\/wp-content\/uploads\/2025\/03\/img-20250320-wa00374073093230391543369.jpg 1080w\" sizes=\"(max-width: 1024px) 100vw, 1024px\" \/><\/figure>\n\n\n\n<figure class=\"wp-block-image\"><img loading=\"lazy\" decoding=\"async\" width=\"576\" height=\"1024\" src=\"https:\/\/contextoanalisisperiodistico.com\/wp-content\/uploads\/2025\/03\/img-20250320-wa00388651177176374381053-576x1024.jpg\" alt=\"\" class=\"wp-image-38698\" srcset=\"https:\/\/contextoanalisisperiodistico.com\/wp-content\/uploads\/2025\/03\/img-20250320-wa00388651177176374381053-576x1024.jpg 576w, https:\/\/contextoanalisisperiodistico.com\/wp-content\/uploads\/2025\/03\/img-20250320-wa00388651177176374381053-169x300.jpg 169w, https:\/\/contextoanalisisperiodistico.com\/wp-content\/uploads\/2025\/03\/img-20250320-wa00388651177176374381053-768x1366.jpg 768w, https:\/\/contextoanalisisperiodistico.com\/wp-content\/uploads\/2025\/03\/img-20250320-wa00388651177176374381053-864x1536.jpg 864w, https:\/\/contextoanalisisperiodistico.com\/wp-content\/uploads\/2025\/03\/img-20250320-wa00388651177176374381053.jpg 899w\" sizes=\"(max-width: 576px) 100vw, 576px\" \/><\/figure>\n\n\n\n<figure class=\"wp-block-image\"><img loading=\"lazy\" decoding=\"async\" width=\"1024\" height=\"1024\" src=\"https:\/\/contextoanalisisperiodistico.com\/wp-content\/uploads\/2025\/03\/img-20250320-wa0036308203845575459428-1024x1024.jpg\" alt=\"\" class=\"wp-image-38699\" srcset=\"https:\/\/contextoanalisisperiodistico.com\/wp-content\/uploads\/2025\/03\/img-20250320-wa0036308203845575459428-1024x1024.jpg 1024w, https:\/\/contextoanalisisperiodistico.com\/wp-content\/uploads\/2025\/03\/img-20250320-wa0036308203845575459428-300x300.jpg 300w, https:\/\/contextoanalisisperiodistico.com\/wp-content\/uploads\/2025\/03\/img-20250320-wa0036308203845575459428-150x150.jpg 150w, https:\/\/contextoanalisisperiodistico.com\/wp-content\/uploads\/2025\/03\/img-20250320-wa0036308203845575459428-768x768.jpg 768w, https:\/\/contextoanalisisperiodistico.com\/wp-content\/uploads\/2025\/03\/img-20250320-wa0036308203845575459428.jpg 1080w\" sizes=\"(max-width: 1024px) 100vw, 1024px\" \/><\/figure>\n","protected":false},"excerpt":{"rendered":"<p>\u2022A trav\u00e9s de la Secretar\u00eda de Servicios Vecinales, se realizan trabajos de poda de arbolado,&#8230;<\/p>\n","protected":false},"author":4,"featured_media":38691,"comment_status":"","ping_status":"open","sticky":false,"template":"","format":"standard","meta":{"footnotes":""},"categories":[9],"tags":[178,235,234,45],"jetpack_sharing_enabled":true,"featured_image_urls":{"full":["https:\/\/contextoanalisisperiodistico.com\/wp-content\/uploads\/2025\/03\/IMG-20250320-WA0039.jpg",1080,1440,false],"thumbnail":["https:\/\/contextoanalisisperiodistico.com\/wp-content\/uploads\/2025\/03\/IMG-20250320-WA0039-150x150.jpg",150,150,true],"medium":["https:\/\/contextoanalisisperiodistico.com\/wp-content\/uploads\/2025\/03\/IMG-20250320-WA0039-225x300.jpg",225,300,true],"medium_large":["https:\/\/contextoanalisisperiodistico.com\/wp-content\/uploads\/2025\/03\/IMG-20250320-WA0039-768x1024.jpg",640,853,true],"large":["https:\/\/contextoanalisisperiodistico.com\/wp-content\/uploads\/2025\/03\/IMG-20250320-WA0039-768x1024.jpg",640,853,true],"1536x1536":["https:\/\/contextoanalisisperiodistico.com\/wp-content\/uploads\/2025\/03\/IMG-20250320-WA0039.jpg",1080,1440,false],"2048x2048":["https:\/\/contextoanalisisperiodistico.com\/wp-content\/uploads\/2025\/03\/IMG-20250320-WA0039.jpg",1080,1440,false],"covernews-slider-full":["https:\/\/contextoanalisisperiodistico.com\/wp-content\/uploads\/2025\/03\/IMG-20250320-WA0039-1080x715.jpg",1080,715,true],"covernews-slider-center":["https:\/\/contextoanalisisperiodistico.com\/wp-content\/uploads\/2025\/03\/IMG-20250320-WA0039-800x500.jpg",800,500,true],"covernews-featured":["https:\/\/contextoanalisisperiodistico.com\/wp-content\/uploads\/2025\/03\/IMG-20250320-WA0039-1024x1365.jpg",1024,1365,true],"covernews-medium":["https:\/\/contextoanalisisperiodistico.com\/wp-content\/uploads\/2025\/03\/IMG-20250320-WA0039-540x340.jpg",540,340,true],"covernews-medium-square":["https:\/\/contextoanalisisperiodistico.com\/wp-content\/uploads\/2025\/03\/IMG-20250320-WA0039-400x250.jpg",400,250,true]},"author_info":{"display_name":"Mario Gir\u00f3n","author_link":"https:\/\/contextoanalisisperiodistico.com\/index.php\/author\/director\/"},"category_info":"<a href=\"https:\/\/contextoanalisisperiodistico.com\/index.php\/category\/politica\/\" rel=\"category tag\">Pol\u00edtica<\/a>","tag_info":"Pol\u00edtica","comment_count":"0","jetpack_featured_media_url":"https:\/\/contextoanalisisperiodistico.com\/wp-content\/uploads\/2025\/03\/IMG-20250320-WA0039.jpg","_links":{"self":[{"href":"https:\/\/contextoanalisisperiodistico.com\/index.php\/wp-json\/wp\/v2\/posts\/38700"}],"collection":[{"href":"https:\/\/contextoanalisisperiodistico.com\/index.php\/wp-json\/wp\/v2\/posts"}],"about":[{"href":"https:\/\/contextoanalisisperiodistico.com\/index.php\/wp-json\/wp\/v2\/types\/post"}],"author":[{"embeddable":true,"href":"https:\/\/contextoanalisisperiodistico.com\/index.php\/wp-json\/wp\/v2\/users\/4"}],"replies":[{"embeddable":true,"href":"https:\/\/contextoanalisisperiodistico.com\/index.php\/wp-json\/wp\/v2\/comments?post=38700"}],"version-history":[{"count":0,"href":"https:\/\/contextoanalisisperiodistico.com\/index.php\/wp-json\/wp\/v2\/posts\/38700\/revisions"}],"wp:featuredmedia":[{"embeddable":true,"href":"https:\/\/contextoanalisisperiodistico.com\/index.php\/wp-json\/wp\/v2\/media\/38691"}],"wp:attachment":[{"href":"https:\/\/contextoanalisisperiodistico.com\/index.php\/wp-json\/wp\/v2\/media?parent=38700"}],"wp:term":[{"taxonomy":"category","embeddable":true,"href":"https:\/\/contextoanalisisperiodistico.com\/index.php\/wp-json\/wp\/v2\/categories?post=38700"},{"taxonomy":"post_tag","embeddable":true,"href":"https:\/\/contextoanalisisperiodistico.com\/index.php\/wp-json\/wp\/v2\/tags?post=38700"}],"curies":[{"name":"wp","href":"https:\/\/api.w.org\/{rel}","templated":true}]}}