{"id":38689,"date":"2025-03-20T09:04:53","date_gmt":"2025-03-20T15:04:53","guid":{"rendered":"https:\/\/contextoanalisisperiodistico.com\/index.php\/2025\/03\/20\/orienta-dif-oaxaca-a-adolescentes-sobre-derechos-sexuales-en-la-feria-de-rompe-el-tabu-hazlo-seguro\/"},"modified":"2025-03-20T09:07:31","modified_gmt":"2025-03-20T15:07:31","slug":"orienta-dif-oaxaca-a-adolescentes-sobre-derechos-sexuales-en-la-feria-de-rompe-el-tabu-hazlo-seguro","status":"publish","type":"post","link":"https:\/\/contextoanalisisperiodistico.com\/index.php\/2025\/03\/20\/orienta-dif-oaxaca-a-adolescentes-sobre-derechos-sexuales-en-la-feria-de-rompe-el-tabu-hazlo-seguro\/","title":{"rendered":"Orienta DIF Oaxaca a adolescentes sobre derechos sexuales"},"content":{"rendered":"<div id=\"fb-root\"><\/div>\n\n<p>\u2022 Ante cerca de mil 500 adolescentes, participantes en la feria de \u00abRompe el Tab\u00fa, hazlo seguro\u00bb, el Gobernador Salom\u00f3n Jara Cruz y la Presidenta Honoraria del Sistema DIF Oaxaca, Irma Bola\u00f1os Quijano conocieron sus inquietudes a trav\u00e9s de esta campa\u00f1a a cargo de la Prodennao<\/p>\n\n\n\n<figure class=\"wp-block-image size-large\"><img fetchpriority=\"high\" decoding=\"async\" width=\"1024\" height=\"683\" src=\"https:\/\/contextoanalisisperiodistico.com\/wp-content\/uploads\/2025\/03\/img-20250319-wa02192021697550988371974-1024x683.jpg\" alt=\"\" class=\"wp-image-38686\" srcset=\"https:\/\/contextoanalisisperiodistico.com\/wp-content\/uploads\/2025\/03\/img-20250319-wa02192021697550988371974-1024x683.jpg 1024w, https:\/\/contextoanalisisperiodistico.com\/wp-content\/uploads\/2025\/03\/img-20250319-wa02192021697550988371974-300x200.jpg 300w, https:\/\/contextoanalisisperiodistico.com\/wp-content\/uploads\/2025\/03\/img-20250319-wa02192021697550988371974-768x512.jpg 768w, https:\/\/contextoanalisisperiodistico.com\/wp-content\/uploads\/2025\/03\/img-20250319-wa02192021697550988371974-1536x1024.jpg 1536w, https:\/\/contextoanalisisperiodistico.com\/wp-content\/uploads\/2025\/03\/img-20250319-wa02192021697550988371974.jpg 1600w\" sizes=\"(max-width: 1024px) 100vw, 1024px\" \/><\/figure>\n\n\n\n<figure class=\"wp-block-image\"><img decoding=\"async\" width=\"1024\" height=\"682\" src=\"https:\/\/contextoanalisisperiodistico.com\/wp-content\/uploads\/2025\/03\/img-20250319-wa02212311668449233494386-1024x682.jpg\" alt=\"\" class=\"wp-image-38688\" srcset=\"https:\/\/contextoanalisisperiodistico.com\/wp-content\/uploads\/2025\/03\/img-20250319-wa02212311668449233494386-1024x682.jpg 1024w, https:\/\/contextoanalisisperiodistico.com\/wp-content\/uploads\/2025\/03\/img-20250319-wa02212311668449233494386-300x200.jpg 300w, https:\/\/contextoanalisisperiodistico.com\/wp-content\/uploads\/2025\/03\/img-20250319-wa02212311668449233494386-768x512.jpg 768w, https:\/\/contextoanalisisperiodistico.com\/wp-content\/uploads\/2025\/03\/img-20250319-wa02212311668449233494386.jpg 1280w\" sizes=\"(max-width: 1024px) 100vw, 1024px\" \/><\/figure>\n\n\n\n<figure class=\"wp-block-image\"><img decoding=\"async\" width=\"1024\" height=\"682\" src=\"https:\/\/contextoanalisisperiodistico.com\/wp-content\/uploads\/2025\/03\/img-20250319-wa02167352122175471873095-1024x682.jpg\" alt=\"\" class=\"wp-image-38687\" srcset=\"https:\/\/contextoanalisisperiodistico.com\/wp-content\/uploads\/2025\/03\/img-20250319-wa02167352122175471873095-1024x682.jpg 1024w, https:\/\/contextoanalisisperiodistico.com\/wp-content\/uploads\/2025\/03\/img-20250319-wa02167352122175471873095-300x200.jpg 300w, https:\/\/contextoanalisisperiodistico.com\/wp-content\/uploads\/2025\/03\/img-20250319-wa02167352122175471873095-768x512.jpg 768w, https:\/\/contextoanalisisperiodistico.com\/wp-content\/uploads\/2025\/03\/img-20250319-wa02167352122175471873095.jpg 1280w\" sizes=\"(max-width: 1024px) 100vw, 1024px\" \/><\/figure>\n\n\n\n<figure class=\"wp-block-image\"><img loading=\"lazy\" decoding=\"async\" width=\"1024\" height=\"682\" src=\"https:\/\/contextoanalisisperiodistico.com\/wp-content\/uploads\/2025\/03\/img-20250319-wa02178862147514458527649-1024x682.jpg\" alt=\"\" class=\"wp-image-38684\" srcset=\"https:\/\/contextoanalisisperiodistico.com\/wp-content\/uploads\/2025\/03\/img-20250319-wa02178862147514458527649-1024x682.jpg 1024w, https:\/\/contextoanalisisperiodistico.com\/wp-content\/uploads\/2025\/03\/img-20250319-wa02178862147514458527649-300x200.jpg 300w, https:\/\/contextoanalisisperiodistico.com\/wp-content\/uploads\/2025\/03\/img-20250319-wa02178862147514458527649-768x512.jpg 768w, https:\/\/contextoanalisisperiodistico.com\/wp-content\/uploads\/2025\/03\/img-20250319-wa02178862147514458527649.jpg 1280w\" sizes=\"(max-width: 1024px) 100vw, 1024px\" \/><\/figure>\n\n\n\n<figure class=\"wp-block-image\"><img loading=\"lazy\" decoding=\"async\" width=\"1024\" height=\"682\" src=\"https:\/\/contextoanalisisperiodistico.com\/wp-content\/uploads\/2025\/03\/img-20250319-wa0215222175430851048014-1024x682.jpg\" alt=\"\" class=\"wp-image-38685\" srcset=\"https:\/\/contextoanalisisperiodistico.com\/wp-content\/uploads\/2025\/03\/img-20250319-wa0215222175430851048014-1024x682.jpg 1024w, https:\/\/contextoanalisisperiodistico.com\/wp-content\/uploads\/2025\/03\/img-20250319-wa0215222175430851048014-300x200.jpg 300w, https:\/\/contextoanalisisperiodistico.com\/wp-content\/uploads\/2025\/03\/img-20250319-wa0215222175430851048014-768x512.jpg 768w, https:\/\/contextoanalisisperiodistico.com\/wp-content\/uploads\/2025\/03\/img-20250319-wa0215222175430851048014.jpg 1280w\" sizes=\"(max-width: 1024px) 100vw, 1024px\" \/><\/figure>\n\n\n\n<p>\u2022 Esta iniciativa garantiza en las y los adolescentes conocer sobre sus derechos sexuales y reproductivos para tomar decisiones, informadas, voluntarias y responsables<\/p>\n\n\n\n<p>Oaxaca de Ju\u00e1rez, Oax. 19 de marzo de 2025.- Cerca de mil 500 adolescentes participaron junto al Gobernador Salom\u00f3n Jara Cruz y la Presidenta Honoraria del Sistema para el Desarrollo Integral de la Familia (DIF) Oaxaca, Irma Bola\u00f1os Quijano en la feria de la campa\u00f1a Rompe el Tab\u00fa, hazlo seguro; encaminada a orientarles sobre sus derechos sexuales y reproductivos.<\/p>\n\n\n\n<p>Mediante esta acci\u00f3n impulsada por el Sistema DIF Oaxaca a trav\u00e9s de la Procuradur\u00eda Estatal de Protecci\u00f3n de los Derechos de las Ni\u00f1as, Ni\u00f1os y Adolescentes del Estado de Oaxaca (Prodennao), se generan acciones que permitan proveer a las y los adolescentes de conocimientos, habilidades y actitudes para vivan su sexualidad de forma plena y en condiciones seguras.<\/p>\n\n\n\n<p>Adem\u00e1s de garantizar su derecho a tomar decisiones, informadas, voluntarias y responsables.<\/p>\n\n\n\n<p>En su participaci\u00f3n, el Gobernador del Estado, Salom\u00f3n Jara Cruz reconoci\u00f3 este trabajo del Sistema DIF Oaxaca, al tiempo de refrendar el compromiso de acompa\u00f1ar y auxiliar a las juventudes en la salvaguarda de sus derechos.<\/p>\n\n\n\n<p>Luego de compartir historias de vida, reiter\u00f3 que su gobierno trabaja por una sociedad en la que no prevalezca el tab\u00fa en los hogares en torno a este tema y el acceso al conocimiento est\u00e9 al alcance de las juventudes en las ocho regiones del estado.<\/p>\n\n\n\n<p>A su vez, la Presidenta Honoraria del organismo estatal, Irma Bola\u00f1os Quijano inform\u00f3 que desde el DIF Estatal implementan estrategias para lograr el fortalecimiento de una cultura de prevenci\u00f3n y cuidado a la salud sexual para las y los adolescentes.<\/p>\n\n\n\n<p>\u201cRompe El Tab\u00fa invita a reflexionar sobre el autocuidado; el gran objetivo es que las y los adolescentes puedan aprender a tomar decisiones, aprender de sus errores, hacerse cargo de sus actos, responder con libertad, funcionar con responsabilidad y crecer en autonom\u00eda, para llegar a ser personas adultas saludables; y sobre todo a romper con las barreras tab\u00faes y toda informaci\u00f3n que no abone a tomar decisiones responsables\u201d, enfatiz\u00f3.<\/p>\n\n\n\n<p>Con mucho entusiasmo, las adolescencias participaron en la din\u00e1mica denominada Mi cuerpo te dice hola, compartieron sus preguntas en el buz\u00f3n del tab\u00fa y atendieron la pl\u00e1tica sobre sexualidad por parte de las sex\u00f3logas del DIF Oaxaca, quienes en coordinaci\u00f3n con representantes de dependencias gubernamentales respondieron sus inquietudes en torno al tema, generando un di\u00e1logo intergeneracional.<\/p>\n\n\n\n<p>Tambi\u00e9n, instalaron m\u00f3dulos de informaci\u00f3n de la Fundaci\u00f3n Mexicana para la Planeaci\u00f3n Familiar (Mexfam) y la asociaci\u00f3n civil Siempre Viva, as\u00ed como la Secretar\u00eda de Salud, el Instituto de la Juventud del Estado (Injeo), el Consejo Estatal para la Prevenci\u00f3n y Control del Sida (Coesida), la Fiscal\u00eda General del Estado de Oaxaca (FGEO) y la Secretar\u00eda de las Mujeres (SMO).<\/p>\n\n\n\n<p>Es de destacar que desde el inicio de la campa\u00f1a se ha acudido a 20 municipios del estado, en los cuales se han visitado 46 escuelas, con la participaci\u00f3n de 8 mil 55 adolescentes.<\/p>\n\n\n\n<p>Al evento asisti\u00f3 el estudiantado del Colegio de Bachilleres del Estado de Oaxaca (Cobao), del Colegio de Estudios Cient\u00edficos y Tecnol\u00f3gicos del Estado (CECyTE), de la Preparatoria 7 de la Universidad Aut\u00f3noma Benito Ju\u00e1rez de Oaxaca (UABJO), y del Bachillerato Integral Comunitario (BIC) perteneciente al Colegio Superior para la Educaci\u00f3n Integral Intercultural de Oaxaca (CSEIIO).<\/p>\n\n\n\n<p>-0-<\/p>\n","protected":false},"excerpt":{"rendered":"<p>\u2022 Ante cerca de mil 500 adolescentes, participantes en la feria de \u00abRompe el Tab\u00fa,&#8230;<\/p>\n","protected":false},"author":4,"featured_media":38683,"comment_status":"closed","ping_status":"open","sticky":false,"template":"","format":"standard","meta":{"footnotes":""},"categories":[9],"tags":[],"jetpack_sharing_enabled":true,"featured_image_urls":{"full":["https:\/\/contextoanalisisperiodistico.com\/wp-content\/uploads\/2025\/03\/IMG-20250319-WA0218.jpg",1280,853,false],"thumbnail":["https:\/\/contextoanalisisperiodistico.com\/wp-content\/uploads\/2025\/03\/IMG-20250319-WA0218-150x150.jpg",150,150,true],"medium":["https:\/\/contextoanalisisperiodistico.com\/wp-content\/uploads\/2025\/03\/IMG-20250319-WA0218-300x200.jpg",300,200,true],"medium_large":["https:\/\/contextoanalisisperiodistico.com\/wp-content\/uploads\/2025\/03\/IMG-20250319-WA0218-768x512.jpg",640,427,true],"large":["https:\/\/contextoanalisisperiodistico.com\/wp-content\/uploads\/2025\/03\/IMG-20250319-WA0218-1024x682.jpg",640,426,true],"1536x1536":["https:\/\/contextoanalisisperiodistico.com\/wp-content\/uploads\/2025\/03\/IMG-20250319-WA0218.jpg",1280,853,false],"2048x2048":["https:\/\/contextoanalisisperiodistico.com\/wp-content\/uploads\/2025\/03\/IMG-20250319-WA0218.jpg",1280,853,false],"covernews-slider-full":["https:\/\/contextoanalisisperiodistico.com\/wp-content\/uploads\/2025\/03\/IMG-20250319-WA0218-1115x715.jpg",1115,715,true],"covernews-slider-center":["https:\/\/contextoanalisisperiodistico.com\/wp-content\/uploads\/2025\/03\/IMG-20250319-WA0218-800x500.jpg",800,500,true],"covernews-featured":["https:\/\/contextoanalisisperiodistico.com\/wp-content\/uploads\/2025\/03\/IMG-20250319-WA0218-1024x682.jpg",1024,682,true],"covernews-medium":["https:\/\/contextoanalisisperiodistico.com\/wp-content\/uploads\/2025\/03\/IMG-20250319-WA0218-540x340.jpg",540,340,true],"covernews-medium-square":["https:\/\/contextoanalisisperiodistico.com\/wp-content\/uploads\/2025\/03\/IMG-20250319-WA0218-400x250.jpg",400,250,true]},"author_info":{"display_name":"Mario Gir\u00f3n","author_link":"https:\/\/contextoanalisisperiodistico.com\/index.php\/author\/director\/"},"category_info":"<a href=\"https:\/\/contextoanalisisperiodistico.com\/index.php\/category\/politica\/\" rel=\"category tag\">Pol\u00edtica<\/a>","tag_info":"Pol\u00edtica","comment_count":"0","jetpack_featured_media_url":"https:\/\/contextoanalisisperiodistico.com\/wp-content\/uploads\/2025\/03\/IMG-20250319-WA0218.jpg","_links":{"self":[{"href":"https:\/\/contextoanalisisperiodistico.com\/index.php\/wp-json\/wp\/v2\/posts\/38689"}],"collection":[{"href":"https:\/\/contextoanalisisperiodistico.com\/index.php\/wp-json\/wp\/v2\/posts"}],"about":[{"href":"https:\/\/contextoanalisisperiodistico.com\/index.php\/wp-json\/wp\/v2\/types\/post"}],"author":[{"embeddable":true,"href":"https:\/\/contextoanalisisperiodistico.com\/index.php\/wp-json\/wp\/v2\/users\/4"}],"replies":[{"embeddable":true,"href":"https:\/\/contextoanalisisperiodistico.com\/index.php\/wp-json\/wp\/v2\/comments?post=38689"}],"version-history":[{"count":1,"href":"https:\/\/contextoanalisisperiodistico.com\/index.php\/wp-json\/wp\/v2\/posts\/38689\/revisions"}],"predecessor-version":[{"id":38690,"href":"https:\/\/contextoanalisisperiodistico.com\/index.php\/wp-json\/wp\/v2\/posts\/38689\/revisions\/38690"}],"wp:featuredmedia":[{"embeddable":true,"href":"https:\/\/contextoanalisisperiodistico.com\/index.php\/wp-json\/wp\/v2\/media\/38683"}],"wp:attachment":[{"href":"https:\/\/contextoanalisisperiodistico.com\/index.php\/wp-json\/wp\/v2\/media?parent=38689"}],"wp:term":[{"taxonomy":"category","embeddable":true,"href":"https:\/\/contextoanalisisperiodistico.com\/index.php\/wp-json\/wp\/v2\/categories?post=38689"},{"taxonomy":"post_tag","embeddable":true,"href":"https:\/\/contextoanalisisperiodistico.com\/index.php\/wp-json\/wp\/v2\/tags?post=38689"}],"curies":[{"name":"wp","href":"https:\/\/api.w.org\/{rel}","templated":true}]}}