{"id":38620,"date":"2025-03-18T16:02:56","date_gmt":"2025-03-18T22:02:56","guid":{"rendered":"https:\/\/contextoanalisisperiodistico.com\/index.php\/2025\/03\/18\/aprueba-cabildo-oaxaca-de-juarez-entrega-de-nombramientos-a-agentes-municipales-ganadores-en-eleccion\/"},"modified":"2025-03-18T16:02:56","modified_gmt":"2025-03-18T22:02:56","slug":"aprueba-cabildo-oaxaca-de-juarez-entrega-de-nombramientos-a-agentes-municipales-ganadores-en-eleccion","status":"publish","type":"post","link":"https:\/\/contextoanalisisperiodistico.com\/index.php\/2025\/03\/18\/aprueba-cabildo-oaxaca-de-juarez-entrega-de-nombramientos-a-agentes-municipales-ganadores-en-eleccion\/","title":{"rendered":"Aprueba Cabildo Oaxaca de Ju\u00e1rez entrega de nombramientos a agentes municipales ganadores en elecci\u00f3n"},"content":{"rendered":"<div id=\"fb-root\"><\/div>\n\n<p>\u2022 Designan a persona encargada de la agencia municipal de Guadalupe Victoria<\/p>\n\n\n\n<figure class=\"wp-block-image size-large\"><img fetchpriority=\"high\" decoding=\"async\" width=\"1024\" height=\"753\" src=\"https:\/\/contextoanalisisperiodistico.com\/wp-content\/uploads\/2025\/03\/img-20250318-wa01027506512950748768257-1024x753.jpg\" alt=\"\" class=\"wp-image-38619\" srcset=\"https:\/\/contextoanalisisperiodistico.com\/wp-content\/uploads\/2025\/03\/img-20250318-wa01027506512950748768257-1024x753.jpg 1024w, https:\/\/contextoanalisisperiodistico.com\/wp-content\/uploads\/2025\/03\/img-20250318-wa01027506512950748768257-300x221.jpg 300w, https:\/\/contextoanalisisperiodistico.com\/wp-content\/uploads\/2025\/03\/img-20250318-wa01027506512950748768257-768x565.jpg 768w, https:\/\/contextoanalisisperiodistico.com\/wp-content\/uploads\/2025\/03\/img-20250318-wa01027506512950748768257.jpg 1468w\" sizes=\"(max-width: 1024px) 100vw, 1024px\" \/><\/figure>\n\n\n\n<p>Oaxaca de Ju\u00e1rez, Oax. 18 de marzo de 2025.- En Sesi\u00f3n Extraordinaria de Cabildo celebrada hoy, el Municipio de Oaxaca de Ju\u00e1rez, presidido por el presidente Ray Chagoya, aprob\u00f3 designar a Sandra Santib\u00e1\u00f1ez Huantes como encargada de la Agencia de Polic\u00eda de Guadalupe Victoria.<\/p>\n\n\n\n<p>La encargada asumir\u00e1 el cargo por un per\u00edodo de hasta 60 d\u00edas y ser\u00e1 responsable de implementar las acciones necesarias para generar la paz y armon\u00eda en la comunidad, de acuerdo al dictamen de la Comisi\u00f3n de Gobierno, de Territorio, Normatividad, Nomenclatura, de Mercados y Comercio en la V\u00eda P\u00fablica.<\/p>\n\n\n\n<p>En una segunda sesi\u00f3n extraordinaria, se aprob\u00f3 el dictamen que faculta al Presidente Municipal Ray Chagoya para expedir, de manera inmediata, los nombramientos a las personas que resultaron electas en las asambleas comunitarias celebradas el pasado 9 de marzo en las agencias municipales y de polic\u00eda de la ciudad. Los nombramientos como agentes municipales son los siguientes:<\/p>\n\n\n\n<ul class=\"wp-block-list\">\n<li>Montoya: Guillermo Hugo Mart\u00ednez<\/li>\n\n\n\n<li>San Luis Beltr\u00e1n: V\u00edctor Manuel Guti\u00e9rrez Herrera<\/li>\n\n\n\n<li>Donaj\u00ed: Mario Alvarado Arango<\/li>\n\n\n\n<li>Trinidad de Viguera: Jes\u00fas Franco Ju\u00e1rez<\/li>\n<\/ul>\n\n\n\n<p>En una tercera sesi\u00f3n, de igual forma se aprob\u00f3 por unanimidad la declaratoria de validez de la elecci\u00f3n celebrada el 15 de marzo, procediendo al nombramiento correspondiente de las siguientes personas<\/p>\n\n\n\n<ul class=\"wp-block-list\">\n<li>Pueblo Nuevo: Marbella Cruz S\u00e1nchez<\/li>\n\n\n\n<li>San Juan Chapultepec: Mar\u00eda Antonia Vigil Garnica<\/li>\n\n\n\n<li>San Mart\u00edn Mexicapam de C\u00e1rdenas: \u00c1ngel Daniel Silva Salgado<\/li>\n\n\n\n<li>Santa Rosa Panzacola: Jorge Germ\u00e1n Pav\u00f3n<\/li>\n\n\n\n<li>Candiani: Iv\u00e1n Santiago Hern\u00e1ndez<\/li>\n\n\n\n<li>Cinco Se\u00f1ores: Consuelo M\u00e9ndez Sosa<\/li>\n\n\n\n<li>Dolores: Mar\u00eda del Pilar P\u00e9rez L\u00f3pez<\/li>\n<\/ul>\n\n\n\n<p>Estos nombramientos representan un paso importante para fortalecer la estructura de gobierno local y garantizar que las agencias y comunidades de Oaxaca de Ju\u00e1rez cuenten con autoridades auxiliares comprometidas con el desarrollo y la seguridad de sus habitantes.<\/p>\n","protected":false},"excerpt":{"rendered":"<p>\u2022 Designan a persona encargada de la agencia municipal de Guadalupe Victoria Oaxaca de Ju\u00e1rez,&#8230;<\/p>\n","protected":false},"author":4,"featured_media":38618,"comment_status":"","ping_status":"open","sticky":false,"template":"","format":"standard","meta":{"footnotes":""},"categories":[9],"tags":[178,235,234,45],"jetpack_sharing_enabled":true,"featured_image_urls":{"full":["https:\/\/contextoanalisisperiodistico.com\/wp-content\/uploads\/2025\/03\/IMG-20250318-WA0103.jpg",1616,1080,false],"thumbnail":["https:\/\/contextoanalisisperiodistico.com\/wp-content\/uploads\/2025\/03\/IMG-20250318-WA0103-150x150.jpg",150,150,true],"medium":["https:\/\/contextoanalisisperiodistico.com\/wp-content\/uploads\/2025\/03\/IMG-20250318-WA0103-300x200.jpg",300,200,true],"medium_large":["https:\/\/contextoanalisisperiodistico.com\/wp-content\/uploads\/2025\/03\/IMG-20250318-WA0103-768x513.jpg",640,428,true],"large":["https:\/\/contextoanalisisperiodistico.com\/wp-content\/uploads\/2025\/03\/IMG-20250318-WA0103-1024x684.jpg",640,428,true],"1536x1536":["https:\/\/contextoanalisisperiodistico.com\/wp-content\/uploads\/2025\/03\/IMG-20250318-WA0103-1536x1027.jpg",1536,1027,true],"2048x2048":["https:\/\/contextoanalisisperiodistico.com\/wp-content\/uploads\/2025\/03\/IMG-20250318-WA0103.jpg",1616,1080,false],"covernews-slider-full":["https:\/\/contextoanalisisperiodistico.com\/wp-content\/uploads\/2025\/03\/IMG-20250318-WA0103-1115x715.jpg",1115,715,true],"covernews-slider-center":["https:\/\/contextoanalisisperiodistico.com\/wp-content\/uploads\/2025\/03\/IMG-20250318-WA0103-800x500.jpg",800,500,true],"covernews-featured":["https:\/\/contextoanalisisperiodistico.com\/wp-content\/uploads\/2025\/03\/IMG-20250318-WA0103-1024x684.jpg",1024,684,true],"covernews-medium":["https:\/\/contextoanalisisperiodistico.com\/wp-content\/uploads\/2025\/03\/IMG-20250318-WA0103-540x340.jpg",540,340,true],"covernews-medium-square":["https:\/\/contextoanalisisperiodistico.com\/wp-content\/uploads\/2025\/03\/IMG-20250318-WA0103-400x250.jpg",400,250,true]},"author_info":{"display_name":"Mario Gir\u00f3n","author_link":"https:\/\/contextoanalisisperiodistico.com\/index.php\/author\/director\/"},"category_info":"<a href=\"https:\/\/contextoanalisisperiodistico.com\/index.php\/category\/politica\/\" rel=\"category tag\">Pol\u00edtica<\/a>","tag_info":"Pol\u00edtica","comment_count":"0","jetpack_featured_media_url":"https:\/\/contextoanalisisperiodistico.com\/wp-content\/uploads\/2025\/03\/IMG-20250318-WA0103.jpg","_links":{"self":[{"href":"https:\/\/contextoanalisisperiodistico.com\/index.php\/wp-json\/wp\/v2\/posts\/38620"}],"collection":[{"href":"https:\/\/contextoanalisisperiodistico.com\/index.php\/wp-json\/wp\/v2\/posts"}],"about":[{"href":"https:\/\/contextoanalisisperiodistico.com\/index.php\/wp-json\/wp\/v2\/types\/post"}],"author":[{"embeddable":true,"href":"https:\/\/contextoanalisisperiodistico.com\/index.php\/wp-json\/wp\/v2\/users\/4"}],"replies":[{"embeddable":true,"href":"https:\/\/contextoanalisisperiodistico.com\/index.php\/wp-json\/wp\/v2\/comments?post=38620"}],"version-history":[{"count":0,"href":"https:\/\/contextoanalisisperiodistico.com\/index.php\/wp-json\/wp\/v2\/posts\/38620\/revisions"}],"wp:featuredmedia":[{"embeddable":true,"href":"https:\/\/contextoanalisisperiodistico.com\/index.php\/wp-json\/wp\/v2\/media\/38618"}],"wp:attachment":[{"href":"https:\/\/contextoanalisisperiodistico.com\/index.php\/wp-json\/wp\/v2\/media?parent=38620"}],"wp:term":[{"taxonomy":"category","embeddable":true,"href":"https:\/\/contextoanalisisperiodistico.com\/index.php\/wp-json\/wp\/v2\/categories?post=38620"},{"taxonomy":"post_tag","embeddable":true,"href":"https:\/\/contextoanalisisperiodistico.com\/index.php\/wp-json\/wp\/v2\/tags?post=38620"}],"curies":[{"name":"wp","href":"https:\/\/api.w.org\/{rel}","templated":true}]}}