{"id":38616,"date":"2025-03-18T14:49:28","date_gmt":"2025-03-18T20:49:28","guid":{"rendered":"https:\/\/contextoanalisisperiodistico.com\/index.php\/2025\/03\/18\/exhorta-ray-chagoya-a-autoridades-auxiliares-a-trabajar-de-manera-coordinada-en-beneficio-de-oaxaca-de-juarez\/"},"modified":"2025-03-18T14:51:04","modified_gmt":"2025-03-18T20:51:04","slug":"exhorta-ray-chagoya-a-autoridades-auxiliares-a-trabajar-de-manera-coordinada-en-beneficio-de-oaxaca-de-juarez","status":"publish","type":"post","link":"https:\/\/contextoanalisisperiodistico.com\/index.php\/2025\/03\/18\/exhorta-ray-chagoya-a-autoridades-auxiliares-a-trabajar-de-manera-coordinada-en-beneficio-de-oaxaca-de-juarez\/","title":{"rendered":"Exhorta Ray Chagoya a autoridades auxiliares a trabajar de manera coordinada en beneficio de&nbsp; capitalinos"},"content":{"rendered":"<div id=\"fb-root\"><\/div>\n\n<ul class=\"wp-block-list\">\n<li>Contin\u00faan proyectos vitales para la ciudad como el abastecimiento de agua potable y Di\u00e1logos Vecinales<\/li>\n<\/ul>\n\n\n\n<p>Oaxaca de Ju\u00e1rez, Oax.18 de marzo de 2025.- En conferencia de prensa, el Presidente Municipal Ray Chagoya inform\u00f3 que tras la exitosa realizaci\u00f3n de las elecciones de agentes municipales, celebradas el pasado 15 de marzo, se complet\u00f3 el proceso electoral en todas las agencias de la capital, en un proceso marcado por el orden y la civilidad.<\/p>\n\n\n\n<p>El edil de la capital subray\u00f3 que la participaci\u00f3n ciudadana fue un eje central durante este proceso, resaltando que cuatro de las siete agencias electas estar\u00e1n representadas por mujeres.<\/p>\n\n\n\n<p>Los ganadores en las agencias fueron:<\/p>\n\n\n\n<ul class=\"wp-block-list\">\n<li>San Mart\u00edn Mexicapam: \u00c1ngel Daniel Silva Salgado.<\/li>\n\n\n\n<li>Candiani: Iv\u00e1n Santiago Hern\u00e1ndez.<\/li>\n\n\n\n<li>Cinco Se\u00f1ores: Consuelo M\u00e9ndez Sosa.<\/li>\n\n\n\n<li>Pueblo Nuevo, Marbella Cruz S\u00e1nchez<\/li>\n\n\n\n<li>Dolores: Mar\u00eda del Pilar P\u00e9rez L\u00f3pez<\/li>\n\n\n\n<li>San Juan Chapultepec, Mar\u00eda Antonia Vigil Garnica<\/li>\n\n\n\n<li>Santa Rosa Pazacola, Jorge Germ\u00e1n Pav\u00f3n<\/li>\n\n\n\n<li>Trinidad de Viguera, Jes\u00fas Franco Ju\u00e1rez<\/li>\n\n\n\n<li>Montoya: Guillermo Hugo Mart\u00ednez<\/li>\n\n\n\n<li>Donaj\u00ed: Mario Alvarado Arango y<\/li>\n\n\n\n<li>San Luis Beltr\u00e1n: V\u00edctor Manuel Guti\u00e9rrez Herrera <\/li>\n\n\n\n<li><\/li>\n<\/ul>\n\n\n\n<p>\u00abEsto es un gran paso hacia la igualdad y los derechos pol\u00edticos de las oaxaque\u00f1as\u00bb, afirm\u00f3. De igual forma dijo que las nuevas autoridades auxiliares deber\u00e1n promover la participaci\u00f3n y la inclusi\u00f3n en sus agencias.<\/p>\n\n\n\n<p>El Presidente Municipal hizo un llamado a las y los nuevos agentes a trabajar en equipo por el bienestar de la ciudad y a colaborar activamente con los gobiernos estatal y federal. En particular, anunci\u00f3 que se instalar\u00e1 a una persona encargada de manera provisional en la agencia de Guadalupe Victoria.<\/p>\n\n\n\n<p>En conferencia de prensa tambi\u00e9n abord\u00f3 el programa \u00abAgua para Todos\u00bb, destacando acciones concretas para garantizar el abastecimiento de agua durante los meses de estiaje.<\/p>\n\n\n\n<p>Se contempla la entrega de 3,500 tinacos, as\u00ed como la instalaci\u00f3n de 36 hidrantes, lo que permitir\u00e1 atender las necesidades de las colonias con mayor carencia de este recurso esencial. Hizo un llamado a los habitantes para cuidar el agua, enfatizando la importancia de la sostenibilidad.<\/p>\n\n\n\n<p>Adem\u00e1s, Ray Chagoya present\u00f3 los avances del programa \u00abDi\u00e1logos Vecinales\u00bb, que busca acercar los servicios municipales a la ciudadan\u00eda. Hasta el momento, se han atendido m\u00e1s de 800 solicitudes, de las cuales casi el 50% ya han sido concluidas, lo que refleja el compromiso de la administraci\u00f3n por mejorar la calidad de vida en Oaxaca de Ju\u00e1rez.<\/p>\n\n\n\n<p>El Presidente Municipal cerr\u00f3 su intervenci\u00f3n reafirmando su compromiso con la transformaci\u00f3n de la capital, con el objetivo de construir una ciudad ordenada, limpia, segura y con oportunidades para todos sus habitantes. \u00abEstoy optimista de que avanzaremos en la construcci\u00f3n del segundo piso de la transformaci\u00f3n de nuestra capital\u201d, concluy\u00f3.<\/p>\n\n\n\n<figure class=\"wp-block-image size-large\"><img fetchpriority=\"high\" decoding=\"async\" width=\"1024\" height=\"683\" src=\"https:\/\/contextoanalisisperiodistico.com\/wp-content\/uploads\/2025\/03\/img-20250318-wa00923268007470620447176-1024x683.jpg\" alt=\"\" class=\"wp-image-38615\" srcset=\"https:\/\/contextoanalisisperiodistico.com\/wp-content\/uploads\/2025\/03\/img-20250318-wa00923268007470620447176-1024x683.jpg 1024w, https:\/\/contextoanalisisperiodistico.com\/wp-content\/uploads\/2025\/03\/img-20250318-wa00923268007470620447176-300x200.jpg 300w, https:\/\/contextoanalisisperiodistico.com\/wp-content\/uploads\/2025\/03\/img-20250318-wa00923268007470620447176-768x512.jpg 768w, https:\/\/contextoanalisisperiodistico.com\/wp-content\/uploads\/2025\/03\/img-20250318-wa00923268007470620447176-1536x1025.jpg 1536w, https:\/\/contextoanalisisperiodistico.com\/wp-content\/uploads\/2025\/03\/img-20250318-wa00923268007470620447176.jpg 2000w\" sizes=\"(max-width: 1024px) 100vw, 1024px\" \/><\/figure>\n\n\n\n<figure class=\"wp-block-image\"><img decoding=\"async\" width=\"1024\" height=\"683\" src=\"https:\/\/contextoanalisisperiodistico.com\/wp-content\/uploads\/2025\/03\/img-20250318-wa00908942579632934259526-1024x683.jpg\" alt=\"\" class=\"wp-image-38614\" srcset=\"https:\/\/contextoanalisisperiodistico.com\/wp-content\/uploads\/2025\/03\/img-20250318-wa00908942579632934259526-1024x683.jpg 1024w, https:\/\/contextoanalisisperiodistico.com\/wp-content\/uploads\/2025\/03\/img-20250318-wa00908942579632934259526-300x200.jpg 300w, https:\/\/contextoanalisisperiodistico.com\/wp-content\/uploads\/2025\/03\/img-20250318-wa00908942579632934259526-768x512.jpg 768w, https:\/\/contextoanalisisperiodistico.com\/wp-content\/uploads\/2025\/03\/img-20250318-wa00908942579632934259526-1536x1024.jpg 1536w, https:\/\/contextoanalisisperiodistico.com\/wp-content\/uploads\/2025\/03\/img-20250318-wa00908942579632934259526.jpg 1600w\" sizes=\"(max-width: 1024px) 100vw, 1024px\" \/><\/figure>\n","protected":false},"excerpt":{"rendered":"<p>Oaxaca de Ju\u00e1rez, Oax.18 de marzo de 2025.- En conferencia de prensa, el Presidente Municipal&#8230;<\/p>\n","protected":false},"author":4,"featured_media":38613,"comment_status":"closed","ping_status":"open","sticky":false,"template":"","format":"standard","meta":{"footnotes":""},"categories":[9],"tags":[178,235,234,45],"jetpack_sharing_enabled":true,"featured_image_urls":{"full":["https:\/\/contextoanalisisperiodistico.com\/wp-content\/uploads\/2025\/03\/IMG-20250318-WA0089.jpg",1616,1080,false],"thumbnail":["https:\/\/contextoanalisisperiodistico.com\/wp-content\/uploads\/2025\/03\/IMG-20250318-WA0089-150x150.jpg",150,150,true],"medium":["https:\/\/contextoanalisisperiodistico.com\/wp-content\/uploads\/2025\/03\/IMG-20250318-WA0089-300x200.jpg",300,200,true],"medium_large":["https:\/\/contextoanalisisperiodistico.com\/wp-content\/uploads\/2025\/03\/IMG-20250318-WA0089-768x513.jpg",640,428,true],"large":["https:\/\/contextoanalisisperiodistico.com\/wp-content\/uploads\/2025\/03\/IMG-20250318-WA0089-1024x684.jpg",640,428,true],"1536x1536":["https:\/\/contextoanalisisperiodistico.com\/wp-content\/uploads\/2025\/03\/IMG-20250318-WA0089-1536x1027.jpg",1536,1027,true],"2048x2048":["https:\/\/contextoanalisisperiodistico.com\/wp-content\/uploads\/2025\/03\/IMG-20250318-WA0089.jpg",1616,1080,false],"covernews-slider-full":["https:\/\/contextoanalisisperiodistico.com\/wp-content\/uploads\/2025\/03\/IMG-20250318-WA0089-1115x715.jpg",1115,715,true],"covernews-slider-center":["https:\/\/contextoanalisisperiodistico.com\/wp-content\/uploads\/2025\/03\/IMG-20250318-WA0089-800x500.jpg",800,500,true],"covernews-featured":["https:\/\/contextoanalisisperiodistico.com\/wp-content\/uploads\/2025\/03\/IMG-20250318-WA0089-1024x684.jpg",1024,684,true],"covernews-medium":["https:\/\/contextoanalisisperiodistico.com\/wp-content\/uploads\/2025\/03\/IMG-20250318-WA0089-540x340.jpg",540,340,true],"covernews-medium-square":["https:\/\/contextoanalisisperiodistico.com\/wp-content\/uploads\/2025\/03\/IMG-20250318-WA0089-400x250.jpg",400,250,true]},"author_info":{"display_name":"Mario Gir\u00f3n","author_link":"https:\/\/contextoanalisisperiodistico.com\/index.php\/author\/director\/"},"category_info":"<a href=\"https:\/\/contextoanalisisperiodistico.com\/index.php\/category\/politica\/\" rel=\"category tag\">Pol\u00edtica<\/a>","tag_info":"Pol\u00edtica","comment_count":"0","jetpack_featured_media_url":"https:\/\/contextoanalisisperiodistico.com\/wp-content\/uploads\/2025\/03\/IMG-20250318-WA0089.jpg","_links":{"self":[{"href":"https:\/\/contextoanalisisperiodistico.com\/index.php\/wp-json\/wp\/v2\/posts\/38616"}],"collection":[{"href":"https:\/\/contextoanalisisperiodistico.com\/index.php\/wp-json\/wp\/v2\/posts"}],"about":[{"href":"https:\/\/contextoanalisisperiodistico.com\/index.php\/wp-json\/wp\/v2\/types\/post"}],"author":[{"embeddable":true,"href":"https:\/\/contextoanalisisperiodistico.com\/index.php\/wp-json\/wp\/v2\/users\/4"}],"replies":[{"embeddable":true,"href":"https:\/\/contextoanalisisperiodistico.com\/index.php\/wp-json\/wp\/v2\/comments?post=38616"}],"version-history":[{"count":1,"href":"https:\/\/contextoanalisisperiodistico.com\/index.php\/wp-json\/wp\/v2\/posts\/38616\/revisions"}],"predecessor-version":[{"id":38617,"href":"https:\/\/contextoanalisisperiodistico.com\/index.php\/wp-json\/wp\/v2\/posts\/38616\/revisions\/38617"}],"wp:featuredmedia":[{"embeddable":true,"href":"https:\/\/contextoanalisisperiodistico.com\/index.php\/wp-json\/wp\/v2\/media\/38613"}],"wp:attachment":[{"href":"https:\/\/contextoanalisisperiodistico.com\/index.php\/wp-json\/wp\/v2\/media?parent=38616"}],"wp:term":[{"taxonomy":"category","embeddable":true,"href":"https:\/\/contextoanalisisperiodistico.com\/index.php\/wp-json\/wp\/v2\/categories?post=38616"},{"taxonomy":"post_tag","embeddable":true,"href":"https:\/\/contextoanalisisperiodistico.com\/index.php\/wp-json\/wp\/v2\/tags?post=38616"}],"curies":[{"name":"wp","href":"https:\/\/api.w.org\/{rel}","templated":true}]}}