{"id":38612,"date":"2025-03-18T14:35:01","date_gmt":"2025-03-18T20:35:01","guid":{"rendered":"https:\/\/contextoanalisisperiodistico.com\/index.php\/2025\/03\/18\/fortalece-sso-acciones-de-vacunacion-en-oaxaca\/"},"modified":"2025-03-18T14:35:01","modified_gmt":"2025-03-18T20:35:01","slug":"fortalece-sso-acciones-de-vacunacion-en-oaxaca","status":"publish","type":"post","link":"https:\/\/contextoanalisisperiodistico.com\/index.php\/2025\/03\/18\/fortalece-sso-acciones-de-vacunacion-en-oaxaca\/","title":{"rendered":"Fortalece SSO acciones de vacunaci\u00f3n en Oaxaca"},"content":{"rendered":"<div id=\"fb-root\"><\/div>\n\n<p>\u2022 Personal de salud visita escuelas en toda la entidad para completar esquemas de aplicaci\u00f3n de inmunol\u00f3gicos<\/p>\n\n\n\n<figure class=\"wp-block-image size-large\"><img fetchpriority=\"high\" decoding=\"async\" width=\"900\" height=\"599\" src=\"https:\/\/contextoanalisisperiodistico.com\/wp-content\/uploads\/2025\/03\/img-20250318-wa0094212635748583140296.jpg\" alt=\"\" class=\"wp-image-38611\" srcset=\"https:\/\/contextoanalisisperiodistico.com\/wp-content\/uploads\/2025\/03\/img-20250318-wa0094212635748583140296.jpg 900w, https:\/\/contextoanalisisperiodistico.com\/wp-content\/uploads\/2025\/03\/img-20250318-wa0094212635748583140296-300x200.jpg 300w, https:\/\/contextoanalisisperiodistico.com\/wp-content\/uploads\/2025\/03\/img-20250318-wa0094212635748583140296-768x511.jpg 768w\" sizes=\"(max-width: 900px) 100vw, 900px\" \/><\/figure>\n\n\n\n<p>Oaxaca de Ju\u00e1rez, Oax. 18 de marzo de 2025.- Ante la proximidad de las vacaciones y con ello el incremento del flujo de personas visitantes en la entidad, el secretario de Salud de Oaxaca, Efr\u00e9n Emmanuel Jarqu\u00edn Gonz\u00e1lez convoc\u00f3 a madres y padres de familia a vacunar a sus hijas e hijos contra el sarampi\u00f3n, tosferina y otras enfermedades prevenibles con la aplicaci\u00f3n de inmunol\u00f3gicos.<\/p>\n\n\n\n<p>Durante su intervenci\u00f3n en la conferencia de prensa encabezada por el Gobernador del Estado, Salom\u00f3n Jara Cruz; el titular de la pol\u00edtica sanitaria en la entidad, record\u00f3 que en diversas partes del pa\u00eds y del mundo se tiene registro de brotes de sarampi\u00f3n y tosferina.<\/p>\n\n\n\n<p>Puntualiz\u00f3 que, en Oaxaca, si bien se han presentado cuatro pacientes positivos a sarampi\u00f3n, \u00e9stos se produjeron por la importaci\u00f3n de la enfermedad de un caso procedente de Laos, pa\u00eds ubicado en el sudeste asi\u00e1tico, por lo que se realizaron los cercos sanitarios correspondientes.<\/p>\n\n\n\n<p>El director general de Servicios de Salud de Oaxaca (SSO) afirm\u00f3 que se ha fortalecido la vigilancia de vacunaci\u00f3n, de tal manera que en las escuelas de todo el estado se ha desplegado una estrategia de verificaci\u00f3n de cartillas.<\/p>\n\n\n\n<p>Detall\u00f3 que personal de los Centros de Salud del IMSS-Bienestar realizan visitas escuela por escuela para verificar que las ni\u00f1as y ni\u00f1os hayan recibido las dosis adecuadas de biol\u00f3gicos, y en caso de detectar que requieren alguna vacuna, solicitan el permiso correspondiente a las madres, padres o personas responsables para protegerlos contra enfermedades.<\/p>\n\n\n\n<p>Reiter\u00f3 que las unidades m\u00e9dicas tienen surtimiento de vacuna SRP (Sarampi\u00f3n, Rub\u00e9ola y Parotiditis), la cual, debido a un cambio en los esquemas de vacunaci\u00f3n, es suministrada a partir de 2021, en una primera dosis a ni\u00f1as y ni\u00f1os de 12 meses de edad y en una segunda, a los 18 meses; mientras que, a las infancias que recibieron el biol\u00f3gico antes de 2020, deber\u00e1n recibir un refuerzo a los 6 a\u00f1os.<\/p>\n\n\n\n<p>Para el caso de Tosferina, apunt\u00f3, todo el Sector Salud aplica los inmunol\u00f3gicos: hexavalente acelular (difteria, tos ferina -de componente acelular- t\u00e9tanos, poliomielitis, hepatitis B y enfermedades invasivas por haemophilus influenzae tipo B), en 3 dosis a los 2, 4 y 6 meses de edad, con refuerzo a los 18 meses; DPT (difteria, tos ferina y t\u00e9tanos), a los 4 a\u00f1os; y la Tdpa (t\u00e9tanos, difteria y tos ferina) a mujeres embarazadas, de manera gratuita.<\/p>\n\n\n\n<p>Finalmente pidi\u00f3 a la poblaci\u00f3n estar atenta de los s\u00edntomas de estas enfermedades, y acudir a las unidades m\u00e9dicas para un diagn\u00f3stico oportuno, con el uso del cubrebocas, para evitar contagios.<br \/>-0-<\/p>\n","protected":false},"excerpt":{"rendered":"<p>\u2022 Personal de salud visita escuelas en toda la entidad para completar esquemas de aplicaci\u00f3n&#8230;<\/p>\n","protected":false},"author":4,"featured_media":38610,"comment_status":"","ping_status":"open","sticky":false,"template":"","format":"standard","meta":{"footnotes":""},"categories":[92],"tags":[],"jetpack_sharing_enabled":true,"featured_image_urls":{"full":["https:\/\/contextoanalisisperiodistico.com\/wp-content\/uploads\/2025\/03\/IMG-20250318-WA0093.jpg",656,438,false],"thumbnail":["https:\/\/contextoanalisisperiodistico.com\/wp-content\/uploads\/2025\/03\/IMG-20250318-WA0093-150x150.jpg",150,150,true],"medium":["https:\/\/contextoanalisisperiodistico.com\/wp-content\/uploads\/2025\/03\/IMG-20250318-WA0093-300x200.jpg",300,200,true],"medium_large":["https:\/\/contextoanalisisperiodistico.com\/wp-content\/uploads\/2025\/03\/IMG-20250318-WA0093.jpg",640,427,false],"large":["https:\/\/contextoanalisisperiodistico.com\/wp-content\/uploads\/2025\/03\/IMG-20250318-WA0093.jpg",640,427,false],"1536x1536":["https:\/\/contextoanalisisperiodistico.com\/wp-content\/uploads\/2025\/03\/IMG-20250318-WA0093.jpg",656,438,false],"2048x2048":["https:\/\/contextoanalisisperiodistico.com\/wp-content\/uploads\/2025\/03\/IMG-20250318-WA0093.jpg",656,438,false],"covernews-slider-full":["https:\/\/contextoanalisisperiodistico.com\/wp-content\/uploads\/2025\/03\/IMG-20250318-WA0093.jpg",656,438,false],"covernews-slider-center":["https:\/\/contextoanalisisperiodistico.com\/wp-content\/uploads\/2025\/03\/IMG-20250318-WA0093.jpg",656,438,false],"covernews-featured":["https:\/\/contextoanalisisperiodistico.com\/wp-content\/uploads\/2025\/03\/IMG-20250318-WA0093.jpg",656,438,false],"covernews-medium":["https:\/\/contextoanalisisperiodistico.com\/wp-content\/uploads\/2025\/03\/IMG-20250318-WA0093-540x340.jpg",540,340,true],"covernews-medium-square":["https:\/\/contextoanalisisperiodistico.com\/wp-content\/uploads\/2025\/03\/IMG-20250318-WA0093-400x250.jpg",400,250,true]},"author_info":{"display_name":"Mario Gir\u00f3n","author_link":"https:\/\/contextoanalisisperiodistico.com\/index.php\/author\/director\/"},"category_info":"<a href=\"https:\/\/contextoanalisisperiodistico.com\/index.php\/category\/salud\/\" rel=\"category tag\">Salud<\/a>","tag_info":"Salud","comment_count":"0","jetpack_featured_media_url":"https:\/\/contextoanalisisperiodistico.com\/wp-content\/uploads\/2025\/03\/IMG-20250318-WA0093.jpg","_links":{"self":[{"href":"https:\/\/contextoanalisisperiodistico.com\/index.php\/wp-json\/wp\/v2\/posts\/38612"}],"collection":[{"href":"https:\/\/contextoanalisisperiodistico.com\/index.php\/wp-json\/wp\/v2\/posts"}],"about":[{"href":"https:\/\/contextoanalisisperiodistico.com\/index.php\/wp-json\/wp\/v2\/types\/post"}],"author":[{"embeddable":true,"href":"https:\/\/contextoanalisisperiodistico.com\/index.php\/wp-json\/wp\/v2\/users\/4"}],"replies":[{"embeddable":true,"href":"https:\/\/contextoanalisisperiodistico.com\/index.php\/wp-json\/wp\/v2\/comments?post=38612"}],"version-history":[{"count":0,"href":"https:\/\/contextoanalisisperiodistico.com\/index.php\/wp-json\/wp\/v2\/posts\/38612\/revisions"}],"wp:featuredmedia":[{"embeddable":true,"href":"https:\/\/contextoanalisisperiodistico.com\/index.php\/wp-json\/wp\/v2\/media\/38610"}],"wp:attachment":[{"href":"https:\/\/contextoanalisisperiodistico.com\/index.php\/wp-json\/wp\/v2\/media?parent=38612"}],"wp:term":[{"taxonomy":"category","embeddable":true,"href":"https:\/\/contextoanalisisperiodistico.com\/index.php\/wp-json\/wp\/v2\/categories?post=38612"},{"taxonomy":"post_tag","embeddable":true,"href":"https:\/\/contextoanalisisperiodistico.com\/index.php\/wp-json\/wp\/v2\/tags?post=38612"}],"curies":[{"name":"wp","href":"https:\/\/api.w.org\/{rel}","templated":true}]}}