{"id":38606,"date":"2025-03-18T13:42:42","date_gmt":"2025-03-18T19:42:42","guid":{"rendered":"https:\/\/contextoanalisisperiodistico.com\/index.php\/2025\/03\/18\/buzon-vecinal-en-el-municipio-capitalino-propuesta-del-regidor-antonio-alvarez-martinez\/"},"modified":"2025-03-18T13:42:42","modified_gmt":"2025-03-18T19:42:42","slug":"buzon-vecinal-en-el-municipio-capitalino-propuesta-del-regidor-antonio-alvarez-martinez","status":"publish","type":"post","link":"https:\/\/contextoanalisisperiodistico.com\/index.php\/2025\/03\/18\/buzon-vecinal-en-el-municipio-capitalino-propuesta-del-regidor-antonio-alvarez-martinez\/","title":{"rendered":"\u00abBuz\u00f3n Vecinal\u00bb en el municipio capitalino;&nbsp; propuesta del Regidor Antonio \u00c1lvarez Mart\u00ednez"},"content":{"rendered":"<div id=\"fb-root\"><\/div>\n\n<p>* La participaci\u00f3n ciudadana fortalece la toma de decisiones en asuntos de inter\u00e9s p\u00fablico<\/p>\n\n\n\n<p>Al reconocer que la participaci\u00f3n ciudadana activa y propositiva cobra amplia relevancia para fortalecer la toma de decisiones en asuntos de inter\u00e9s p\u00fablico y comunitario, el Regidor del Centro Hist\u00f3rico y Patrimonio Mundial del gobierno capitalino, Antonio \u00c1lvarez Mart\u00ednez, present\u00f3 en Sesi\u00f3n de Cabildo, la propuesta denominada \u00abBuz\u00f3n Vecinal\u00bb.<\/p>\n\n\n\n<p>En su intervenci\u00f3n, \u00c1lvarez Mart\u00ednez, reconoci\u00f3 a la ciudadan\u00eda participativa como el principal activo para enfrentar la problem\u00e1tica relacionada con la inseguridad, ausencia o deterioro de infraestructura social b\u00e1sica, contaminaci\u00f3n ambiental, entre otros.Al calificar como un acierto la instrumentaci\u00f3n del programa \u00abDi\u00e1logos Vecinales\u00bb, que implement\u00f3 el gobierno de la ciudad que encabeza el presidente municipal, Raymundo Chagoya, mismo que se ha convertido en un canal de vinculacion directa entre el gobierno y la ciudadan\u00eda, se\u00f1al\u00f3 que es necesaria la aplicaci\u00f3n de pol\u00edticas publicas que lo fortalezcan.<\/p>\n\n\n\n<p>En ese tenor, se\u00f1al\u00f3 que el programa \u00bb Buz\u00f3n Vecinal\u00bb, tiene como finalidad retroalimentar y complementar la estrategia de los \u00abDi\u00e1logos Vecinales\u00bb, que permita una interacci\u00f3n m\u00e1s cercana y pr\u00e1ctica, en el que la ciudadan\u00eda pueda expresar a \u00e9sta administracion, sus necesidades y problemas m\u00e1s sentidos, sin tapujos y restricciones.<\/p>\n\n\n\n<p>Al respecto el regidor capitalino abund\u00f3 que el \u201cBuz\u00f3n Vecinal\u201d plantea :<\/p>\n\n\n\n<ul class=\"wp-block-list\">\n<li>Fomentar la participaci\u00f3n ciudadana, creando un canal de comunicaci\u00f3n bidireccional entre el gobierno municipal, las y los ciudadanos.<\/li>\n\n\n\n<li>Recopilar informaci\u00f3n sustancial, con la finalidad de obtener datos precisos sobre las necesidades, problemas, propuestas, quejas y opiniones de las y los habitantes del Municipio.<\/li>\n\n\n\n<li>Mejorar la gesti\u00f3n municipal, utilizando la informaci\u00f3n recopilada para la toma de decisiones y la implementaci\u00f3n de pol\u00edticas p\u00fablicas m\u00e1s efectivas.<\/li>\n\n\n\n<li>Promover la transparencia, dando a conocer a la ciudadan\u00eda los temas m\u00e1s recurrentes y las acciones tomadas en respuesta a sus inquietudes.<\/li>\n<\/ul>\n","protected":false},"excerpt":{"rendered":"<p>* La participaci\u00f3n ciudadana fortalece la toma de decisiones en asuntos de inter\u00e9s p\u00fablico Al&#8230;<\/p>\n","protected":false},"author":4,"featured_media":38605,"comment_status":"","ping_status":"open","sticky":false,"template":"","format":"standard","meta":{"footnotes":""},"categories":[3],"tags":[],"jetpack_sharing_enabled":true,"featured_image_urls":{"full":["https:\/\/contextoanalisisperiodistico.com\/wp-content\/uploads\/2025\/03\/IMG_20250318_135051.jpg",664,946,false],"thumbnail":["https:\/\/contextoanalisisperiodistico.com\/wp-content\/uploads\/2025\/03\/IMG_20250318_135051-150x150.jpg",150,150,true],"medium":["https:\/\/contextoanalisisperiodistico.com\/wp-content\/uploads\/2025\/03\/IMG_20250318_135051-211x300.jpg",211,300,true],"medium_large":["https:\/\/contextoanalisisperiodistico.com\/wp-content\/uploads\/2025\/03\/IMG_20250318_135051.jpg",640,912,false],"large":["https:\/\/contextoanalisisperiodistico.com\/wp-content\/uploads\/2025\/03\/IMG_20250318_135051.jpg",640,912,false],"1536x1536":["https:\/\/contextoanalisisperiodistico.com\/wp-content\/uploads\/2025\/03\/IMG_20250318_135051.jpg",664,946,false],"2048x2048":["https:\/\/contextoanalisisperiodistico.com\/wp-content\/uploads\/2025\/03\/IMG_20250318_135051.jpg",664,946,false],"covernews-slider-full":["https:\/\/contextoanalisisperiodistico.com\/wp-content\/uploads\/2025\/03\/IMG_20250318_135051-664x715.jpg",664,715,true],"covernews-slider-center":["https:\/\/contextoanalisisperiodistico.com\/wp-content\/uploads\/2025\/03\/IMG_20250318_135051-664x500.jpg",664,500,true],"covernews-featured":["https:\/\/contextoanalisisperiodistico.com\/wp-content\/uploads\/2025\/03\/IMG_20250318_135051.jpg",664,946,false],"covernews-medium":["https:\/\/contextoanalisisperiodistico.com\/wp-content\/uploads\/2025\/03\/IMG_20250318_135051-540x340.jpg",540,340,true],"covernews-medium-square":["https:\/\/contextoanalisisperiodistico.com\/wp-content\/uploads\/2025\/03\/IMG_20250318_135051-400x250.jpg",400,250,true]},"author_info":{"display_name":"Mario Gir\u00f3n","author_link":"https:\/\/contextoanalisisperiodistico.com\/index.php\/author\/director\/"},"category_info":"<a href=\"https:\/\/contextoanalisisperiodistico.com\/index.php\/category\/ciudad\/\" rel=\"category tag\">Ciudad<\/a>","tag_info":"Ciudad","comment_count":"0","jetpack_featured_media_url":"https:\/\/contextoanalisisperiodistico.com\/wp-content\/uploads\/2025\/03\/IMG_20250318_135051.jpg","_links":{"self":[{"href":"https:\/\/contextoanalisisperiodistico.com\/index.php\/wp-json\/wp\/v2\/posts\/38606"}],"collection":[{"href":"https:\/\/contextoanalisisperiodistico.com\/index.php\/wp-json\/wp\/v2\/posts"}],"about":[{"href":"https:\/\/contextoanalisisperiodistico.com\/index.php\/wp-json\/wp\/v2\/types\/post"}],"author":[{"embeddable":true,"href":"https:\/\/contextoanalisisperiodistico.com\/index.php\/wp-json\/wp\/v2\/users\/4"}],"replies":[{"embeddable":true,"href":"https:\/\/contextoanalisisperiodistico.com\/index.php\/wp-json\/wp\/v2\/comments?post=38606"}],"version-history":[{"count":0,"href":"https:\/\/contextoanalisisperiodistico.com\/index.php\/wp-json\/wp\/v2\/posts\/38606\/revisions"}],"wp:featuredmedia":[{"embeddable":true,"href":"https:\/\/contextoanalisisperiodistico.com\/index.php\/wp-json\/wp\/v2\/media\/38605"}],"wp:attachment":[{"href":"https:\/\/contextoanalisisperiodistico.com\/index.php\/wp-json\/wp\/v2\/media?parent=38606"}],"wp:term":[{"taxonomy":"category","embeddable":true,"href":"https:\/\/contextoanalisisperiodistico.com\/index.php\/wp-json\/wp\/v2\/categories?post=38606"},{"taxonomy":"post_tag","embeddable":true,"href":"https:\/\/contextoanalisisperiodistico.com\/index.php\/wp-json\/wp\/v2\/tags?post=38606"}],"curies":[{"name":"wp","href":"https:\/\/api.w.org\/{rel}","templated":true}]}}