{"id":38604,"date":"2025-03-18T13:09:41","date_gmt":"2025-03-18T19:09:41","guid":{"rendered":"https:\/\/contextoanalisisperiodistico.com\/index.php\/2025\/03\/18\/contara-oaxaca-de-juarez-con-un-buzon-vecinal-priorizando-la-participacion-ciudadana\/"},"modified":"2025-03-18T13:09:41","modified_gmt":"2025-03-18T19:09:41","slug":"contara-oaxaca-de-juarez-con-un-buzon-vecinal-priorizando-la-participacion-ciudadana","status":"publish","type":"post","link":"https:\/\/contextoanalisisperiodistico.com\/index.php\/2025\/03\/18\/contara-oaxaca-de-juarez-con-un-buzon-vecinal-priorizando-la-participacion-ciudadana\/","title":{"rendered":"Contar\u00e1 Oaxaca de Ju\u00e1rez con un Buz\u00f3n Vecinal, priorizando la participaci\u00f3n ciudadana"},"content":{"rendered":"<div id=\"fb-root\"><\/div>\n\n<p>\u2022El Ayuntamiento capitalino aprob\u00f3 puntos importantes para el desarrollo del municipio.<\/p>\n\n\n\n<figure class=\"wp-block-image size-large\"><img fetchpriority=\"high\" decoding=\"async\" width=\"1024\" height=\"684\" src=\"https:\/\/contextoanalisisperiodistico.com\/wp-content\/uploads\/2025\/03\/img-20250318-wa00531590581971249235963-1-1024x684.jpg\" alt=\"\" class=\"wp-image-38603\" srcset=\"https:\/\/contextoanalisisperiodistico.com\/wp-content\/uploads\/2025\/03\/img-20250318-wa00531590581971249235963-1-1024x684.jpg 1024w, https:\/\/contextoanalisisperiodistico.com\/wp-content\/uploads\/2025\/03\/img-20250318-wa00531590581971249235963-1-300x200.jpg 300w, https:\/\/contextoanalisisperiodistico.com\/wp-content\/uploads\/2025\/03\/img-20250318-wa00531590581971249235963-1-768x513.jpg 768w, https:\/\/contextoanalisisperiodistico.com\/wp-content\/uploads\/2025\/03\/img-20250318-wa00531590581971249235963-1-1536x1027.jpg 1536w, https:\/\/contextoanalisisperiodistico.com\/wp-content\/uploads\/2025\/03\/img-20250318-wa00531590581971249235963-1.jpg 1616w\" sizes=\"(max-width: 1024px) 100vw, 1024px\" \/><\/figure>\n\n\n\n<figure class=\"wp-block-image\"><img decoding=\"async\" width=\"1024\" height=\"684\" src=\"https:\/\/contextoanalisisperiodistico.com\/wp-content\/uploads\/2025\/03\/img-20250318-wa00566975525307219587382-1024x684.jpg\" alt=\"\" class=\"wp-image-38601\" srcset=\"https:\/\/contextoanalisisperiodistico.com\/wp-content\/uploads\/2025\/03\/img-20250318-wa00566975525307219587382-1024x684.jpg 1024w, https:\/\/contextoanalisisperiodistico.com\/wp-content\/uploads\/2025\/03\/img-20250318-wa00566975525307219587382-300x200.jpg 300w, https:\/\/contextoanalisisperiodistico.com\/wp-content\/uploads\/2025\/03\/img-20250318-wa00566975525307219587382-768x513.jpg 768w, https:\/\/contextoanalisisperiodistico.com\/wp-content\/uploads\/2025\/03\/img-20250318-wa00566975525307219587382-1536x1027.jpg 1536w, https:\/\/contextoanalisisperiodistico.com\/wp-content\/uploads\/2025\/03\/img-20250318-wa00566975525307219587382.jpg 1616w\" sizes=\"(max-width: 1024px) 100vw, 1024px\" \/><\/figure>\n\n\n\n<figure class=\"wp-block-image\"><img decoding=\"async\" width=\"1024\" height=\"684\" src=\"https:\/\/contextoanalisisperiodistico.com\/wp-content\/uploads\/2025\/03\/img-20250318-wa00542801595111036038913-1024x684.jpg\" alt=\"\" class=\"wp-image-38602\" srcset=\"https:\/\/contextoanalisisperiodistico.com\/wp-content\/uploads\/2025\/03\/img-20250318-wa00542801595111036038913-1024x684.jpg 1024w, https:\/\/contextoanalisisperiodistico.com\/wp-content\/uploads\/2025\/03\/img-20250318-wa00542801595111036038913-300x200.jpg 300w, https:\/\/contextoanalisisperiodistico.com\/wp-content\/uploads\/2025\/03\/img-20250318-wa00542801595111036038913-768x513.jpg 768w, https:\/\/contextoanalisisperiodistico.com\/wp-content\/uploads\/2025\/03\/img-20250318-wa00542801595111036038913-1536x1027.jpg 1536w, https:\/\/contextoanalisisperiodistico.com\/wp-content\/uploads\/2025\/03\/img-20250318-wa00542801595111036038913.jpg 1616w\" sizes=\"(max-width: 1024px) 100vw, 1024px\" \/><\/figure>\n\n\n\n<p>Oaxaca de Ju\u00e1rez, 18 de marzo de 2025.- En Sesi\u00f3n Ordinaria de Cabildo, presidida por el presidente municipal Ray Chagoya, se discutieron y aprobaron temas que fortalecen la participaci\u00f3n ciudadana y protegen tanto el medio ambiente como la riqueza cultural de la ciudad.<\/p>\n\n\n\n<p>A propuesta del regidor Antonio \u00c1lvarez Mart\u00ednez, se aprob\u00f3 la creaci\u00f3n del Buz\u00f3n Vecinal, un canal directo entre la ciudadan\u00eda y el gobierno municipal. Esta herramienta busca fomentar la participaci\u00f3n activa de los habitantes de Oaxaca de Ju\u00e1rez, permitiendo un di\u00e1logo constante y efectivo entre los ciudadanos y las autoridades. Ser\u00e1 fundamental para recoger inquietudes, propuestas y necesidades de la comunidad.<\/p>\n\n\n\n<p>En un esfuerzo por mejorar la gesti\u00f3n y protecci\u00f3n de las \u00e1reas verdes de la ciudad, el Cabildo aprob\u00f3 una reforma al Reglamento de Arbolado Urbano. Esta modificaci\u00f3n permitir\u00e1 una mayor protecci\u00f3n de los \u00e1rboles y espacios naturales, impulsando acciones concretas para garantizar la sostenibilidad ambiental de Oaxaca de Ju\u00e1rez.<\/p>\n\n\n\n<p>En otro tenor, en un paso importante para el reconocimiento y preservaci\u00f3n de la riqueza cultural de Oaxaca, se aprobaron reformas al Instituto Municipal de Lenguas Ind\u00edgenas. Estas reformas fortalecer\u00e1n el trabajo de conservaci\u00f3n, difusi\u00f3n y promoci\u00f3n de las lenguas originarias de la regi\u00f3n, protegiendo una de las identidades m\u00e1s importantes de la ciudad.<\/p>\n\n\n\n<p>Adem\u00e1s, el presidente Ray Chagoya rememor\u00f3 la importancia hist\u00f3rica del aniversario de la Expropiaci\u00f3n Petrolera, destacando el legado de la lucha por la soberan\u00eda energ\u00e9tica y el bienestar del pueblo mexicano. Este recordatorio resalta el compromiso del gobierno municipal de Oaxaca de Ju\u00e1rez con los valores nacionales de justicia, equidad y desarrollo sustentable.<\/p>\n\n\n\n<p>Con estos acuerdos, el gobierno municipal contin\u00faa avanzando con hechos concretos para construir una ciudad m\u00e1s participativa, sostenible y culturalmente rica, reafirmando su compromiso con el desarrollo integral de Oaxaca de Ju\u00e1rez.<\/p>\n","protected":false},"excerpt":{"rendered":"<p>\u2022El Ayuntamiento capitalino aprob\u00f3 puntos importantes para el desarrollo del municipio. Oaxaca de Ju\u00e1rez, 18&#8230;<\/p>\n","protected":false},"author":4,"featured_media":38599,"comment_status":"","ping_status":"open","sticky":false,"template":"","format":"standard","meta":{"footnotes":""},"categories":[9],"tags":[178,235,234,45],"jetpack_sharing_enabled":true,"featured_image_urls":{"full":["https:\/\/contextoanalisisperiodistico.com\/wp-content\/uploads\/2025\/03\/IMG-20250318-WA0055.jpg",1616,1080,false],"thumbnail":["https:\/\/contextoanalisisperiodistico.com\/wp-content\/uploads\/2025\/03\/IMG-20250318-WA0055-150x150.jpg",150,150,true],"medium":["https:\/\/contextoanalisisperiodistico.com\/wp-content\/uploads\/2025\/03\/IMG-20250318-WA0055-300x200.jpg",300,200,true],"medium_large":["https:\/\/contextoanalisisperiodistico.com\/wp-content\/uploads\/2025\/03\/IMG-20250318-WA0055-768x513.jpg",640,428,true],"large":["https:\/\/contextoanalisisperiodistico.com\/wp-content\/uploads\/2025\/03\/IMG-20250318-WA0055-1024x684.jpg",640,428,true],"1536x1536":["https:\/\/contextoanalisisperiodistico.com\/wp-content\/uploads\/2025\/03\/IMG-20250318-WA0055-1536x1027.jpg",1536,1027,true],"2048x2048":["https:\/\/contextoanalisisperiodistico.com\/wp-content\/uploads\/2025\/03\/IMG-20250318-WA0055.jpg",1616,1080,false],"covernews-slider-full":["https:\/\/contextoanalisisperiodistico.com\/wp-content\/uploads\/2025\/03\/IMG-20250318-WA0055-1115x715.jpg",1115,715,true],"covernews-slider-center":["https:\/\/contextoanalisisperiodistico.com\/wp-content\/uploads\/2025\/03\/IMG-20250318-WA0055-800x500.jpg",800,500,true],"covernews-featured":["https:\/\/contextoanalisisperiodistico.com\/wp-content\/uploads\/2025\/03\/IMG-20250318-WA0055-1024x684.jpg",1024,684,true],"covernews-medium":["https:\/\/contextoanalisisperiodistico.com\/wp-content\/uploads\/2025\/03\/IMG-20250318-WA0055-540x340.jpg",540,340,true],"covernews-medium-square":["https:\/\/contextoanalisisperiodistico.com\/wp-content\/uploads\/2025\/03\/IMG-20250318-WA0055-400x250.jpg",400,250,true]},"author_info":{"display_name":"Mario Gir\u00f3n","author_link":"https:\/\/contextoanalisisperiodistico.com\/index.php\/author\/director\/"},"category_info":"<a href=\"https:\/\/contextoanalisisperiodistico.com\/index.php\/category\/politica\/\" rel=\"category tag\">Pol\u00edtica<\/a>","tag_info":"Pol\u00edtica","comment_count":"0","jetpack_featured_media_url":"https:\/\/contextoanalisisperiodistico.com\/wp-content\/uploads\/2025\/03\/IMG-20250318-WA0055.jpg","_links":{"self":[{"href":"https:\/\/contextoanalisisperiodistico.com\/index.php\/wp-json\/wp\/v2\/posts\/38604"}],"collection":[{"href":"https:\/\/contextoanalisisperiodistico.com\/index.php\/wp-json\/wp\/v2\/posts"}],"about":[{"href":"https:\/\/contextoanalisisperiodistico.com\/index.php\/wp-json\/wp\/v2\/types\/post"}],"author":[{"embeddable":true,"href":"https:\/\/contextoanalisisperiodistico.com\/index.php\/wp-json\/wp\/v2\/users\/4"}],"replies":[{"embeddable":true,"href":"https:\/\/contextoanalisisperiodistico.com\/index.php\/wp-json\/wp\/v2\/comments?post=38604"}],"version-history":[{"count":0,"href":"https:\/\/contextoanalisisperiodistico.com\/index.php\/wp-json\/wp\/v2\/posts\/38604\/revisions"}],"wp:featuredmedia":[{"embeddable":true,"href":"https:\/\/contextoanalisisperiodistico.com\/index.php\/wp-json\/wp\/v2\/media\/38599"}],"wp:attachment":[{"href":"https:\/\/contextoanalisisperiodistico.com\/index.php\/wp-json\/wp\/v2\/media?parent=38604"}],"wp:term":[{"taxonomy":"category","embeddable":true,"href":"https:\/\/contextoanalisisperiodistico.com\/index.php\/wp-json\/wp\/v2\/categories?post=38604"},{"taxonomy":"post_tag","embeddable":true,"href":"https:\/\/contextoanalisisperiodistico.com\/index.php\/wp-json\/wp\/v2\/tags?post=38604"}],"curies":[{"name":"wp","href":"https:\/\/api.w.org\/{rel}","templated":true}]}}