{"id":38560,"date":"2025-03-16T12:44:07","date_gmt":"2025-03-16T18:44:07","guid":{"rendered":"https:\/\/contextoanalisisperiodistico.com\/index.php\/2025\/03\/16\/tequio-vecinal-en-el-fraccionamiento-rios-se-traduce-en-acciones-de-embellecimiento-y-un-entorno-mas-seguro\/"},"modified":"2025-03-16T12:45:44","modified_gmt":"2025-03-16T18:45:44","slug":"tequio-vecinal-en-el-fraccionamiento-rios-se-traduce-en-acciones-de-embellecimiento-y-un-entorno-mas-seguro","status":"publish","type":"post","link":"https:\/\/contextoanalisisperiodistico.com\/index.php\/2025\/03\/16\/tequio-vecinal-en-el-fraccionamiento-rios-se-traduce-en-acciones-de-embellecimiento-y-un-entorno-mas-seguro\/","title":{"rendered":"Tequio Vecinal en el Frac. Los R\u00edos, se traduce en acciones, embellecimiento y un entorno m\u00e1s seguro"},"content":{"rendered":"<div id=\"fb-root\"><\/div>\n\n<ul class=\"wp-block-list\">\n<li>El Municipio de Oaxaca de Ju\u00e1rez impulsa labores de mejora en las calles y espacios recreativos para garantizar mayor seguridad y bienestar a las vecinas y vecinos<\/li>\n<\/ul>\n\n\n\n<p>Oaxaca de Ju\u00e1rez, Oax. 16 de marzo de 2025.- En el marco de la pr\u00e1ctica del Tequio Vecinal, se llevaron a cabo diversas acciones de embellecimiento y se\u00f1alizaci\u00f3n vial en el Fraccionamiento Los R\u00edos, ubicado al norte de la capital.<\/p>\n\n\n\n<p>Estas actividades impulsadas por el Municipio de Oaxaca de Ju\u00e1rez que preside Ray Chagoya, tiene el objetivo de mejorar las condiciones de las calles y espacios p\u00fablicos que garantice un entorno m\u00e1s seguro para todos.<\/p>\n\n\n\n<p>Adem\u00e1s, se realizaron trabajos de pintura en los espacios deportivos y de esparcimiento del Fraccionamiento, proporcionando un ambiente m\u00e1s agradable para el disfrute de vecinas y vecinos.<\/p>\n\n\n\n<p>Con este esfuerzo, el Municipio reafirma su compromiso con la seguridad y el bienestar de la ciudadan\u00eda, destacando la importancia del trabajo conjunto entre autoridades y vecinos para mantener y mejorar los espacios comunes.<\/p>\n\n\n\n<figure class=\"wp-block-image size-large\"><img fetchpriority=\"high\" decoding=\"async\" width=\"1024\" height=\"577\" src=\"https:\/\/contextoanalisisperiodistico.com\/wp-content\/uploads\/2025\/03\/img-20250316-wa00358205997689176041071-1024x577.jpg\" alt=\"\" class=\"wp-image-38553\" srcset=\"https:\/\/contextoanalisisperiodistico.com\/wp-content\/uploads\/2025\/03\/img-20250316-wa00358205997689176041071-1024x577.jpg 1024w, https:\/\/contextoanalisisperiodistico.com\/wp-content\/uploads\/2025\/03\/img-20250316-wa00358205997689176041071-300x169.jpg 300w, https:\/\/contextoanalisisperiodistico.com\/wp-content\/uploads\/2025\/03\/img-20250316-wa00358205997689176041071-768x432.jpg 768w, https:\/\/contextoanalisisperiodistico.com\/wp-content\/uploads\/2025\/03\/img-20250316-wa00358205997689176041071-1536x865.jpg 1536w, https:\/\/contextoanalisisperiodistico.com\/wp-content\/uploads\/2025\/03\/img-20250316-wa00358205997689176041071.jpg 2000w\" sizes=\"(max-width: 1024px) 100vw, 1024px\" \/><\/figure>\n\n\n\n<figure class=\"wp-block-image\"><img decoding=\"async\" width=\"1024\" height=\"577\" src=\"https:\/\/contextoanalisisperiodistico.com\/wp-content\/uploads\/2025\/03\/img-20250316-wa00414597349387486875078-1024x577.jpg\" alt=\"\" class=\"wp-image-38555\" srcset=\"https:\/\/contextoanalisisperiodistico.com\/wp-content\/uploads\/2025\/03\/img-20250316-wa00414597349387486875078-1024x577.jpg 1024w, https:\/\/contextoanalisisperiodistico.com\/wp-content\/uploads\/2025\/03\/img-20250316-wa00414597349387486875078-300x169.jpg 300w, https:\/\/contextoanalisisperiodistico.com\/wp-content\/uploads\/2025\/03\/img-20250316-wa00414597349387486875078-768x432.jpg 768w, https:\/\/contextoanalisisperiodistico.com\/wp-content\/uploads\/2025\/03\/img-20250316-wa00414597349387486875078-1536x865.jpg 1536w, https:\/\/contextoanalisisperiodistico.com\/wp-content\/uploads\/2025\/03\/img-20250316-wa00414597349387486875078.jpg 2000w\" sizes=\"(max-width: 1024px) 100vw, 1024px\" \/><\/figure>\n\n\n\n<figure class=\"wp-block-image\"><img decoding=\"async\" width=\"1024\" height=\"640\" src=\"https:\/\/contextoanalisisperiodistico.com\/wp-content\/uploads\/2025\/03\/img-20250316-wa00378738611108867821682-1024x640.jpg\" alt=\"\" class=\"wp-image-38554\" srcset=\"https:\/\/contextoanalisisperiodistico.com\/wp-content\/uploads\/2025\/03\/img-20250316-wa00378738611108867821682-1024x640.jpg 1024w, https:\/\/contextoanalisisperiodistico.com\/wp-content\/uploads\/2025\/03\/img-20250316-wa00378738611108867821682-300x188.jpg 300w, https:\/\/contextoanalisisperiodistico.com\/wp-content\/uploads\/2025\/03\/img-20250316-wa00378738611108867821682-768x480.jpg 768w, https:\/\/contextoanalisisperiodistico.com\/wp-content\/uploads\/2025\/03\/img-20250316-wa00378738611108867821682-1536x960.jpg 1536w, https:\/\/contextoanalisisperiodistico.com\/wp-content\/uploads\/2025\/03\/img-20250316-wa00378738611108867821682-800x500.jpg 800w, https:\/\/contextoanalisisperiodistico.com\/wp-content\/uploads\/2025\/03\/img-20250316-wa00378738611108867821682-400x250.jpg 400w, https:\/\/contextoanalisisperiodistico.com\/wp-content\/uploads\/2025\/03\/img-20250316-wa00378738611108867821682.jpg 1600w\" sizes=\"(max-width: 1024px) 100vw, 1024px\" \/><\/figure>\n\n\n\n<figure class=\"wp-block-image\"><img loading=\"lazy\" decoding=\"async\" width=\"1024\" height=\"683\" src=\"https:\/\/contextoanalisisperiodistico.com\/wp-content\/uploads\/2025\/03\/img-20250316-wa00405541503618888260080-1024x683.jpg\" alt=\"\" class=\"wp-image-38556\" srcset=\"https:\/\/contextoanalisisperiodistico.com\/wp-content\/uploads\/2025\/03\/img-20250316-wa00405541503618888260080-1024x683.jpg 1024w, https:\/\/contextoanalisisperiodistico.com\/wp-content\/uploads\/2025\/03\/img-20250316-wa00405541503618888260080-300x200.jpg 300w, https:\/\/contextoanalisisperiodistico.com\/wp-content\/uploads\/2025\/03\/img-20250316-wa00405541503618888260080-768x512.jpg 768w, https:\/\/contextoanalisisperiodistico.com\/wp-content\/uploads\/2025\/03\/img-20250316-wa00405541503618888260080-1536x1025.jpg 1536w, https:\/\/contextoanalisisperiodistico.com\/wp-content\/uploads\/2025\/03\/img-20250316-wa00405541503618888260080.jpg 2000w\" sizes=\"(max-width: 1024px) 100vw, 1024px\" \/><\/figure>\n\n\n\n<figure class=\"wp-block-image\"><img loading=\"lazy\" decoding=\"async\" width=\"1024\" height=\"683\" src=\"https:\/\/contextoanalisisperiodistico.com\/wp-content\/uploads\/2025\/03\/img-20250316-wa00421707953807104532773-1024x683.jpg\" alt=\"\" class=\"wp-image-38557\" srcset=\"https:\/\/contextoanalisisperiodistico.com\/wp-content\/uploads\/2025\/03\/img-20250316-wa00421707953807104532773-1024x683.jpg 1024w, https:\/\/contextoanalisisperiodistico.com\/wp-content\/uploads\/2025\/03\/img-20250316-wa00421707953807104532773-300x200.jpg 300w, https:\/\/contextoanalisisperiodistico.com\/wp-content\/uploads\/2025\/03\/img-20250316-wa00421707953807104532773-768x512.jpg 768w, https:\/\/contextoanalisisperiodistico.com\/wp-content\/uploads\/2025\/03\/img-20250316-wa00421707953807104532773-1536x1025.jpg 1536w, https:\/\/contextoanalisisperiodistico.com\/wp-content\/uploads\/2025\/03\/img-20250316-wa00421707953807104532773.jpg 2000w\" sizes=\"(max-width: 1024px) 100vw, 1024px\" \/><\/figure>\n\n\n\n<figure class=\"wp-block-image\"><img loading=\"lazy\" decoding=\"async\" width=\"1024\" height=\"683\" src=\"https:\/\/contextoanalisisperiodistico.com\/wp-content\/uploads\/2025\/03\/img-20250316-wa00392538244962563357852-1024x683.jpg\" alt=\"\" class=\"wp-image-38558\" srcset=\"https:\/\/contextoanalisisperiodistico.com\/wp-content\/uploads\/2025\/03\/img-20250316-wa00392538244962563357852-1024x683.jpg 1024w, https:\/\/contextoanalisisperiodistico.com\/wp-content\/uploads\/2025\/03\/img-20250316-wa00392538244962563357852-300x200.jpg 300w, https:\/\/contextoanalisisperiodistico.com\/wp-content\/uploads\/2025\/03\/img-20250316-wa00392538244962563357852-768x512.jpg 768w, https:\/\/contextoanalisisperiodistico.com\/wp-content\/uploads\/2025\/03\/img-20250316-wa00392538244962563357852-1536x1025.jpg 1536w, https:\/\/contextoanalisisperiodistico.com\/wp-content\/uploads\/2025\/03\/img-20250316-wa00392538244962563357852.jpg 2000w\" sizes=\"(max-width: 1024px) 100vw, 1024px\" \/><\/figure>\n\n\n\n<figure class=\"wp-block-image\"><img loading=\"lazy\" decoding=\"async\" width=\"1024\" height=\"577\" src=\"https:\/\/contextoanalisisperiodistico.com\/wp-content\/uploads\/2025\/03\/img-20250316-wa00361662021334571136642-1024x577.jpg\" alt=\"\" class=\"wp-image-38559\" srcset=\"https:\/\/contextoanalisisperiodistico.com\/wp-content\/uploads\/2025\/03\/img-20250316-wa00361662021334571136642-1024x577.jpg 1024w, https:\/\/contextoanalisisperiodistico.com\/wp-content\/uploads\/2025\/03\/img-20250316-wa00361662021334571136642-300x169.jpg 300w, https:\/\/contextoanalisisperiodistico.com\/wp-content\/uploads\/2025\/03\/img-20250316-wa00361662021334571136642-768x432.jpg 768w, https:\/\/contextoanalisisperiodistico.com\/wp-content\/uploads\/2025\/03\/img-20250316-wa00361662021334571136642-1536x865.jpg 1536w, https:\/\/contextoanalisisperiodistico.com\/wp-content\/uploads\/2025\/03\/img-20250316-wa00361662021334571136642.jpg 2000w\" sizes=\"(max-width: 1024px) 100vw, 1024px\" \/><\/figure>\n","protected":false},"excerpt":{"rendered":"<p>Oaxaca de Ju\u00e1rez, Oax. 16 de marzo de 2025.- En el marco de la pr\u00e1ctica&#8230;<\/p>\n","protected":false},"author":4,"featured_media":38552,"comment_status":"closed","ping_status":"open","sticky":false,"template":"","format":"standard","meta":{"footnotes":""},"categories":[9],"tags":[178,235,234,45],"jetpack_sharing_enabled":true,"featured_image_urls":{"full":["https:\/\/contextoanalisisperiodistico.com\/wp-content\/uploads\/2025\/03\/IMG-20250316-WA0038-scaled.jpg",2560,1441,false],"thumbnail":["https:\/\/contextoanalisisperiodistico.com\/wp-content\/uploads\/2025\/03\/IMG-20250316-WA0038-150x150.jpg",150,150,true],"medium":["https:\/\/contextoanalisisperiodistico.com\/wp-content\/uploads\/2025\/03\/IMG-20250316-WA0038-300x169.jpg",300,169,true],"medium_large":["https:\/\/contextoanalisisperiodistico.com\/wp-content\/uploads\/2025\/03\/IMG-20250316-WA0038-768x432.jpg",640,360,true],"large":["https:\/\/contextoanalisisperiodistico.com\/wp-content\/uploads\/2025\/03\/IMG-20250316-WA0038-1024x576.jpg",640,360,true],"1536x1536":["https:\/\/contextoanalisisperiodistico.com\/wp-content\/uploads\/2025\/03\/IMG-20250316-WA0038-1536x864.jpg",1536,864,true],"2048x2048":["https:\/\/contextoanalisisperiodistico.com\/wp-content\/uploads\/2025\/03\/IMG-20250316-WA0038-2048x1152.jpg",2048,1152,true],"covernews-slider-full":["https:\/\/contextoanalisisperiodistico.com\/wp-content\/uploads\/2025\/03\/IMG-20250316-WA0038-1115x715.jpg",1115,715,true],"covernews-slider-center":["https:\/\/contextoanalisisperiodistico.com\/wp-content\/uploads\/2025\/03\/IMG-20250316-WA0038-800x500.jpg",800,500,true],"covernews-featured":["https:\/\/contextoanalisisperiodistico.com\/wp-content\/uploads\/2025\/03\/IMG-20250316-WA0038-1024x576.jpg",1024,576,true],"covernews-medium":["https:\/\/contextoanalisisperiodistico.com\/wp-content\/uploads\/2025\/03\/IMG-20250316-WA0038-540x340.jpg",540,340,true],"covernews-medium-square":["https:\/\/contextoanalisisperiodistico.com\/wp-content\/uploads\/2025\/03\/IMG-20250316-WA0038-400x250.jpg",400,250,true]},"author_info":{"display_name":"Mario Gir\u00f3n","author_link":"https:\/\/contextoanalisisperiodistico.com\/index.php\/author\/director\/"},"category_info":"<a href=\"https:\/\/contextoanalisisperiodistico.com\/index.php\/category\/politica\/\" rel=\"category tag\">Pol\u00edtica<\/a>","tag_info":"Pol\u00edtica","comment_count":"0","jetpack_featured_media_url":"https:\/\/contextoanalisisperiodistico.com\/wp-content\/uploads\/2025\/03\/IMG-20250316-WA0038-scaled.jpg","_links":{"self":[{"href":"https:\/\/contextoanalisisperiodistico.com\/index.php\/wp-json\/wp\/v2\/posts\/38560"}],"collection":[{"href":"https:\/\/contextoanalisisperiodistico.com\/index.php\/wp-json\/wp\/v2\/posts"}],"about":[{"href":"https:\/\/contextoanalisisperiodistico.com\/index.php\/wp-json\/wp\/v2\/types\/post"}],"author":[{"embeddable":true,"href":"https:\/\/contextoanalisisperiodistico.com\/index.php\/wp-json\/wp\/v2\/users\/4"}],"replies":[{"embeddable":true,"href":"https:\/\/contextoanalisisperiodistico.com\/index.php\/wp-json\/wp\/v2\/comments?post=38560"}],"version-history":[{"count":1,"href":"https:\/\/contextoanalisisperiodistico.com\/index.php\/wp-json\/wp\/v2\/posts\/38560\/revisions"}],"predecessor-version":[{"id":38561,"href":"https:\/\/contextoanalisisperiodistico.com\/index.php\/wp-json\/wp\/v2\/posts\/38560\/revisions\/38561"}],"wp:featuredmedia":[{"embeddable":true,"href":"https:\/\/contextoanalisisperiodistico.com\/index.php\/wp-json\/wp\/v2\/media\/38552"}],"wp:attachment":[{"href":"https:\/\/contextoanalisisperiodistico.com\/index.php\/wp-json\/wp\/v2\/media?parent=38560"}],"wp:term":[{"taxonomy":"category","embeddable":true,"href":"https:\/\/contextoanalisisperiodistico.com\/index.php\/wp-json\/wp\/v2\/categories?post=38560"},{"taxonomy":"post_tag","embeddable":true,"href":"https:\/\/contextoanalisisperiodistico.com\/index.php\/wp-json\/wp\/v2\/tags?post=38560"}],"curies":[{"name":"wp","href":"https:\/\/api.w.org\/{rel}","templated":true}]}}