{"id":38509,"date":"2025-03-14T11:39:53","date_gmt":"2025-03-14T17:39:53","guid":{"rendered":"https:\/\/contextoanalisisperiodistico.com\/index.php\/2025\/03\/14\/gobiernos-de-mexico-y-oaxaca-suman-esfuerzos-para-combatir-incendio-en-san-jose-chacalapa\/"},"modified":"2025-03-14T11:39:53","modified_gmt":"2025-03-14T17:39:53","slug":"gobiernos-de-mexico-y-oaxaca-suman-esfuerzos-para-combatir-incendio-en-san-jose-chacalapa","status":"publish","type":"post","link":"https:\/\/contextoanalisisperiodistico.com\/index.php\/2025\/03\/14\/gobiernos-de-mexico-y-oaxaca-suman-esfuerzos-para-combatir-incendio-en-san-jose-chacalapa\/","title":{"rendered":"Gobiernos de M\u00e9xico y Oaxaca suman esfuerzos para combatir incendio en San Jos\u00e9 Chacalapa"},"content":{"rendered":"<div id=\"fb-root\"><\/div>\n\n<p>\u2022 Participan la Coesfo, Defensa, Conafor, Protecci\u00f3n Civil Municipal, Sego y personas voluntarias<\/p>\n\n\n\n<figure class=\"wp-block-image size-large\"><img fetchpriority=\"high\" decoding=\"async\" width=\"576\" height=\"1024\" src=\"https:\/\/contextoanalisisperiodistico.com\/wp-content\/uploads\/2025\/03\/img-20250314-wa00641085683863344286627-576x1024.jpg\" alt=\"\" class=\"wp-image-38507\" srcset=\"https:\/\/contextoanalisisperiodistico.com\/wp-content\/uploads\/2025\/03\/img-20250314-wa00641085683863344286627-576x1024.jpg 576w, https:\/\/contextoanalisisperiodistico.com\/wp-content\/uploads\/2025\/03\/img-20250314-wa00641085683863344286627-169x300.jpg 169w, https:\/\/contextoanalisisperiodistico.com\/wp-content\/uploads\/2025\/03\/img-20250314-wa00641085683863344286627.jpg 720w\" sizes=\"(max-width: 576px) 100vw, 576px\" \/><\/figure>\n\n\n\n<figure class=\"wp-block-image\"><img decoding=\"async\" width=\"1024\" height=\"770\" src=\"https:\/\/contextoanalisisperiodistico.com\/wp-content\/uploads\/2025\/03\/img-20250314-wa00633653218400207317618-1024x770.jpg\" alt=\"\" class=\"wp-image-38508\" srcset=\"https:\/\/contextoanalisisperiodistico.com\/wp-content\/uploads\/2025\/03\/img-20250314-wa00633653218400207317618-1024x770.jpg 1024w, https:\/\/contextoanalisisperiodistico.com\/wp-content\/uploads\/2025\/03\/img-20250314-wa00633653218400207317618-300x226.jpg 300w, https:\/\/contextoanalisisperiodistico.com\/wp-content\/uploads\/2025\/03\/img-20250314-wa00633653218400207317618-768x578.jpg 768w, https:\/\/contextoanalisisperiodistico.com\/wp-content\/uploads\/2025\/03\/img-20250314-wa00633653218400207317618.jpg 1280w\" sizes=\"(max-width: 1024px) 100vw, 1024px\" \/><\/figure>\n\n\n\n<p>San Pedro Pochutla, Oax. 14 de marzo de 2025.- Los gobiernos de M\u00e9xico y Oaxaca coordinan esfuerzos para combatir el incendio forestal activo, suscitado en la comunidad San Jos\u00e9 Chacalapa del municipio de San Pedro Pochutla, perteneciente a la regi\u00f3n Costa.<\/p>\n\n\n\n<p>Las labores de combate y control se realizan por personal de la brigada con sede en La Merced del Potrero de la Comisi\u00f3n Estatal Forestal (Coesfo); elementos de la Secretar\u00eda de la Defensa Nacional (Defensa); una brigada de protecci\u00f3n de la Comisi\u00f3n Nacional Forestal (Conafor); Protecci\u00f3n Civil Municipal; personas voluntarias y el apoyo del delegado de Paz Social de la Secretar\u00eda de Gobierno (Sego) en San Pedro Pochutla, Jared Garc\u00eda Ramos.<\/p>\n\n\n\n<p>La Coesfo informa que esta ma\u00f1ana se moviliz\u00f3 a la brigada con sede en El Vidrio, Lachao; quienes se encuentran en camino para coordinarse y apoyar en las labores de apertura de brechas cortafuego, a fin de contener los frentes activos de este incidente.<\/p>\n\n\n\n<p>En este sentido, exhorta a la poblaci\u00f3n a evitar el uso del fuego en el campo, ya que en esta temporada de altas temperaturas las conflagraciones son m\u00e1s dif\u00edciles de controlar.<\/p>\n\n\n\n<p>En caso de detectar un incendio forestal es necesario rep\u00f3rtalo a los siguientes n\u00fameros: 951 503 2166 y 951 503 25 37 de la Coesfo, as\u00ed como al 951 515 0520, 951 516 5112 y 951 516 5466 de la Conafor o al 9-1-1 de la Secretar\u00eda de Seguridad y Protecci\u00f3n Ciudadana (SSPC).<\/p>\n\n\n\n<p>-0-<\/p>\n\n\n\n<p><\/p>\n\n\n\n<p><\/p>\n","protected":false},"excerpt":{"rendered":"<p>\u2022 Participan la Coesfo, Defensa, Conafor, Protecci\u00f3n Civil Municipal, Sego y personas voluntarias San Pedro&#8230;<\/p>\n","protected":false},"author":4,"featured_media":38506,"comment_status":"","ping_status":"open","sticky":false,"template":"","format":"standard","meta":{"footnotes":""},"categories":[9],"tags":[],"jetpack_sharing_enabled":true,"featured_image_urls":{"full":["https:\/\/contextoanalisisperiodistico.com\/wp-content\/uploads\/2025\/03\/IMG-20250314-WA0065.jpg",720,1280,false],"thumbnail":["https:\/\/contextoanalisisperiodistico.com\/wp-content\/uploads\/2025\/03\/IMG-20250314-WA0065-150x150.jpg",150,150,true],"medium":["https:\/\/contextoanalisisperiodistico.com\/wp-content\/uploads\/2025\/03\/IMG-20250314-WA0065-169x300.jpg",169,300,true],"medium_large":["https:\/\/contextoanalisisperiodistico.com\/wp-content\/uploads\/2025\/03\/IMG-20250314-WA0065.jpg",640,1138,false],"large":["https:\/\/contextoanalisisperiodistico.com\/wp-content\/uploads\/2025\/03\/IMG-20250314-WA0065-576x1024.jpg",576,1024,true],"1536x1536":["https:\/\/contextoanalisisperiodistico.com\/wp-content\/uploads\/2025\/03\/IMG-20250314-WA0065.jpg",720,1280,false],"2048x2048":["https:\/\/contextoanalisisperiodistico.com\/wp-content\/uploads\/2025\/03\/IMG-20250314-WA0065.jpg",720,1280,false],"covernews-slider-full":["https:\/\/contextoanalisisperiodistico.com\/wp-content\/uploads\/2025\/03\/IMG-20250314-WA0065-720x715.jpg",720,715,true],"covernews-slider-center":["https:\/\/contextoanalisisperiodistico.com\/wp-content\/uploads\/2025\/03\/IMG-20250314-WA0065-720x500.jpg",720,500,true],"covernews-featured":["https:\/\/contextoanalisisperiodistico.com\/wp-content\/uploads\/2025\/03\/IMG-20250314-WA0065.jpg",720,1280,false],"covernews-medium":["https:\/\/contextoanalisisperiodistico.com\/wp-content\/uploads\/2025\/03\/IMG-20250314-WA0065-540x340.jpg",540,340,true],"covernews-medium-square":["https:\/\/contextoanalisisperiodistico.com\/wp-content\/uploads\/2025\/03\/IMG-20250314-WA0065-400x250.jpg",400,250,true]},"author_info":{"display_name":"Mario Gir\u00f3n","author_link":"https:\/\/contextoanalisisperiodistico.com\/index.php\/author\/director\/"},"category_info":"<a href=\"https:\/\/contextoanalisisperiodistico.com\/index.php\/category\/politica\/\" rel=\"category tag\">Pol\u00edtica<\/a>","tag_info":"Pol\u00edtica","comment_count":"0","jetpack_featured_media_url":"https:\/\/contextoanalisisperiodistico.com\/wp-content\/uploads\/2025\/03\/IMG-20250314-WA0065.jpg","_links":{"self":[{"href":"https:\/\/contextoanalisisperiodistico.com\/index.php\/wp-json\/wp\/v2\/posts\/38509"}],"collection":[{"href":"https:\/\/contextoanalisisperiodistico.com\/index.php\/wp-json\/wp\/v2\/posts"}],"about":[{"href":"https:\/\/contextoanalisisperiodistico.com\/index.php\/wp-json\/wp\/v2\/types\/post"}],"author":[{"embeddable":true,"href":"https:\/\/contextoanalisisperiodistico.com\/index.php\/wp-json\/wp\/v2\/users\/4"}],"replies":[{"embeddable":true,"href":"https:\/\/contextoanalisisperiodistico.com\/index.php\/wp-json\/wp\/v2\/comments?post=38509"}],"version-history":[{"count":0,"href":"https:\/\/contextoanalisisperiodistico.com\/index.php\/wp-json\/wp\/v2\/posts\/38509\/revisions"}],"wp:featuredmedia":[{"embeddable":true,"href":"https:\/\/contextoanalisisperiodistico.com\/index.php\/wp-json\/wp\/v2\/media\/38506"}],"wp:attachment":[{"href":"https:\/\/contextoanalisisperiodistico.com\/index.php\/wp-json\/wp\/v2\/media?parent=38509"}],"wp:term":[{"taxonomy":"category","embeddable":true,"href":"https:\/\/contextoanalisisperiodistico.com\/index.php\/wp-json\/wp\/v2\/categories?post=38509"},{"taxonomy":"post_tag","embeddable":true,"href":"https:\/\/contextoanalisisperiodistico.com\/index.php\/wp-json\/wp\/v2\/tags?post=38509"}],"curies":[{"name":"wp","href":"https:\/\/api.w.org\/{rel}","templated":true}]}}