{"id":38505,"date":"2025-03-14T09:22:31","date_gmt":"2025-03-14T15:22:31","guid":{"rendered":"https:\/\/contextoanalisisperiodistico.com\/index.php\/2025\/03\/14\/inaugura-cobao-construccion-de-techado-en-plantel-41-de-totontepec\/"},"modified":"2025-03-14T09:22:31","modified_gmt":"2025-03-14T15:22:31","slug":"inaugura-cobao-construccion-de-techado-en-plantel-41-de-totontepec","status":"publish","type":"post","link":"https:\/\/contextoanalisisperiodistico.com\/index.php\/2025\/03\/14\/inaugura-cobao-construccion-de-techado-en-plantel-41-de-totontepec\/","title":{"rendered":"Inaugura Cobao construcci\u00f3n de techado en plantel 41 de Totontepec"},"content":{"rendered":"<div id=\"fb-root\"><\/div>\n\n<p>\u2022 La nueva infraestructura, realizada a trav\u00e9s del Iocied, contribuye a la generaci\u00f3n de espacios dignos para la comunidad estudiantil<\/p>\n\n\n\n<figure class=\"wp-block-image size-large\"><img fetchpriority=\"high\" decoding=\"async\" width=\"600\" height=\"400\" src=\"https:\/\/contextoanalisisperiodistico.com\/wp-content\/uploads\/2025\/03\/img-20250314-wa00394770664620807783656.jpg\" alt=\"\" class=\"wp-image-38502\" srcset=\"https:\/\/contextoanalisisperiodistico.com\/wp-content\/uploads\/2025\/03\/img-20250314-wa00394770664620807783656.jpg 600w, https:\/\/contextoanalisisperiodistico.com\/wp-content\/uploads\/2025\/03\/img-20250314-wa00394770664620807783656-300x200.jpg 300w\" sizes=\"(max-width: 600px) 100vw, 600px\" \/><\/figure>\n\n\n\n<figure class=\"wp-block-image\"><img decoding=\"async\" width=\"300\" height=\"200\" src=\"https:\/\/contextoanalisisperiodistico.com\/wp-content\/uploads\/2025\/03\/img-20250314-wa00403035553818100222763-300x200.jpg\" alt=\"\" class=\"wp-image-38503\" srcset=\"https:\/\/contextoanalisisperiodistico.com\/wp-content\/uploads\/2025\/03\/img-20250314-wa00403035553818100222763-300x200.jpg 300w, https:\/\/contextoanalisisperiodistico.com\/wp-content\/uploads\/2025\/03\/img-20250314-wa00403035553818100222763-768x512.jpg 768w, https:\/\/contextoanalisisperiodistico.com\/wp-content\/uploads\/2025\/03\/img-20250314-wa00403035553818100222763.jpg 900w\" sizes=\"(max-width: 300px) 100vw, 300px\" \/><\/figure>\n\n\n\n<figure class=\"wp-block-image\"><img decoding=\"async\" width=\"300\" height=\"200\" src=\"https:\/\/contextoanalisisperiodistico.com\/wp-content\/uploads\/2025\/03\/img-20250314-wa00418774329370295101993-300x200.jpg\" alt=\"\" class=\"wp-image-38504\" srcset=\"https:\/\/contextoanalisisperiodistico.com\/wp-content\/uploads\/2025\/03\/img-20250314-wa00418774329370295101993-300x200.jpg 300w, https:\/\/contextoanalisisperiodistico.com\/wp-content\/uploads\/2025\/03\/img-20250314-wa00418774329370295101993-768x511.jpg 768w, https:\/\/contextoanalisisperiodistico.com\/wp-content\/uploads\/2025\/03\/img-20250314-wa00418774329370295101993.jpg 900w\" sizes=\"(max-width: 300px) 100vw, 300px\" \/><\/figure>\n\n\n\n<p>Totontepec Villa de Morelos, Oax. 14 de marzo de 2025.- La directora general del Colegio de Bachilleres del Estado de Oaxaca (Cobao), Ang\u00e9lica Garc\u00eda P\u00e9rez encabez\u00f3 la inauguraci\u00f3n del techado de la explanada del plantel 41 Totontepec, obra que beneficia a la comunidad docente y estudiantil con espacios seguros y dignos.<\/p>\n\n\n\n<p>Con la entrega de esta edificaci\u00f3n, gestionada por el municipio de Totontepec Villa de Morelos y realizada por el Instituto Oaxaque\u00f1o Constructor de Infraestructura Educativa (Iocied), se materializa el valor que otorga el Gobernador Salom\u00f3n Jara Cruz a la educaci\u00f3n.<\/p>\n\n\n\n<p>La titular del Cobao expres\u00f3 que esta obra fortalece la infraestructura educativa en la entidad; aunado a los programas de \u00abInscripci\u00f3n Cero\u00bb y \u00abGu\u00edas gratuitas\u00bb impulsadas por la Primavera Oaxaque\u00f1a para garantizar la preparaci\u00f3n acad\u00e9mica de las juventudes.<\/p>\n\n\n\n<p>En su oportunidad, el alcalde \u00fanico constitucional de Totontepec Villa de Morelos, Filoteo G\u00f3mez Vasconcelos, agradeci\u00f3 al Gobierno del Estado por este trabajo que beneficia a las y los estudiantes, quienes contar\u00e1 con un lugar m\u00e1s confortable para sus actividades acad\u00e9micas, deportivas y culturales.<\/p>\n\n\n\n<p>En este marco se puso en marcha el programa institucional \u201cVida saludable Cobao\u201d, para compartir las acciones y h\u00e1bitos cotidianos que contribuyen al bienestar f\u00edsico, mental y social, reflejado en un mayor rendimiento escolar.<\/p>\n\n\n\n<p>A este acto asistieron autoridades municipales, educativas, madres y padres de familia, personal docente y alumnado del Cobao 41 en Totontepec.<\/p>\n\n\n\n<p>-0-<\/p>\n","protected":false},"excerpt":{"rendered":"<p>\u2022 La nueva infraestructura, realizada a trav\u00e9s del Iocied, contribuye a la generaci\u00f3n de espacios&#8230;<\/p>\n","protected":false},"author":4,"featured_media":38501,"comment_status":"","ping_status":"open","sticky":false,"template":"","format":"standard","meta":{"footnotes":""},"categories":[91],"tags":[],"jetpack_sharing_enabled":true,"featured_image_urls":{"full":["https:\/\/contextoanalisisperiodistico.com\/wp-content\/uploads\/2025\/03\/IMG-20250314-WA0038.jpg",900,675,false],"thumbnail":["https:\/\/contextoanalisisperiodistico.com\/wp-content\/uploads\/2025\/03\/IMG-20250314-WA0038-150x150.jpg",150,150,true],"medium":["https:\/\/contextoanalisisperiodistico.com\/wp-content\/uploads\/2025\/03\/IMG-20250314-WA0038-300x225.jpg",300,225,true],"medium_large":["https:\/\/contextoanalisisperiodistico.com\/wp-content\/uploads\/2025\/03\/IMG-20250314-WA0038-768x576.jpg",640,480,true],"large":["https:\/\/contextoanalisisperiodistico.com\/wp-content\/uploads\/2025\/03\/IMG-20250314-WA0038.jpg",640,480,false],"1536x1536":["https:\/\/contextoanalisisperiodistico.com\/wp-content\/uploads\/2025\/03\/IMG-20250314-WA0038.jpg",900,675,false],"2048x2048":["https:\/\/contextoanalisisperiodistico.com\/wp-content\/uploads\/2025\/03\/IMG-20250314-WA0038.jpg",900,675,false],"covernews-slider-full":["https:\/\/contextoanalisisperiodistico.com\/wp-content\/uploads\/2025\/03\/IMG-20250314-WA0038.jpg",900,675,false],"covernews-slider-center":["https:\/\/contextoanalisisperiodistico.com\/wp-content\/uploads\/2025\/03\/IMG-20250314-WA0038-800x500.jpg",800,500,true],"covernews-featured":["https:\/\/contextoanalisisperiodistico.com\/wp-content\/uploads\/2025\/03\/IMG-20250314-WA0038.jpg",900,675,false],"covernews-medium":["https:\/\/contextoanalisisperiodistico.com\/wp-content\/uploads\/2025\/03\/IMG-20250314-WA0038-540x340.jpg",540,340,true],"covernews-medium-square":["https:\/\/contextoanalisisperiodistico.com\/wp-content\/uploads\/2025\/03\/IMG-20250314-WA0038-400x250.jpg",400,250,true]},"author_info":{"display_name":"Mario Gir\u00f3n","author_link":"https:\/\/contextoanalisisperiodistico.com\/index.php\/author\/director\/"},"category_info":"<a href=\"https:\/\/contextoanalisisperiodistico.com\/index.php\/category\/educacion\/\" rel=\"category tag\">Educaci\u00f3n<\/a>","tag_info":"Educaci\u00f3n","comment_count":"0","jetpack_featured_media_url":"https:\/\/contextoanalisisperiodistico.com\/wp-content\/uploads\/2025\/03\/IMG-20250314-WA0038.jpg","_links":{"self":[{"href":"https:\/\/contextoanalisisperiodistico.com\/index.php\/wp-json\/wp\/v2\/posts\/38505"}],"collection":[{"href":"https:\/\/contextoanalisisperiodistico.com\/index.php\/wp-json\/wp\/v2\/posts"}],"about":[{"href":"https:\/\/contextoanalisisperiodistico.com\/index.php\/wp-json\/wp\/v2\/types\/post"}],"author":[{"embeddable":true,"href":"https:\/\/contextoanalisisperiodistico.com\/index.php\/wp-json\/wp\/v2\/users\/4"}],"replies":[{"embeddable":true,"href":"https:\/\/contextoanalisisperiodistico.com\/index.php\/wp-json\/wp\/v2\/comments?post=38505"}],"version-history":[{"count":0,"href":"https:\/\/contextoanalisisperiodistico.com\/index.php\/wp-json\/wp\/v2\/posts\/38505\/revisions"}],"wp:featuredmedia":[{"embeddable":true,"href":"https:\/\/contextoanalisisperiodistico.com\/index.php\/wp-json\/wp\/v2\/media\/38501"}],"wp:attachment":[{"href":"https:\/\/contextoanalisisperiodistico.com\/index.php\/wp-json\/wp\/v2\/media?parent=38505"}],"wp:term":[{"taxonomy":"category","embeddable":true,"href":"https:\/\/contextoanalisisperiodistico.com\/index.php\/wp-json\/wp\/v2\/categories?post=38505"},{"taxonomy":"post_tag","embeddable":true,"href":"https:\/\/contextoanalisisperiodistico.com\/index.php\/wp-json\/wp\/v2\/tags?post=38505"}],"curies":[{"name":"wp","href":"https:\/\/api.w.org\/{rel}","templated":true}]}}