{"id":38499,"date":"2025-03-14T09:03:28","date_gmt":"2025-03-14T15:03:28","guid":{"rendered":"https:\/\/contextoanalisisperiodistico.com\/index.php\/2025\/03\/14\/impulsa-salomon-jara-progreso-de-san-juan-bautista-cuicatlan-con-inversion-educativa\/"},"modified":"2025-03-14T09:04:17","modified_gmt":"2025-03-14T15:04:17","slug":"impulsa-salomon-jara-progreso-de-san-juan-bautista-cuicatlan-con-inversion-educativa","status":"publish","type":"post","link":"https:\/\/contextoanalisisperiodistico.com\/index.php\/2025\/03\/14\/impulsa-salomon-jara-progreso-de-san-juan-bautista-cuicatlan-con-inversion-educativa\/","title":{"rendered":"Impulsa Salom\u00f3n Jara progreso de Cuicatl\u00e1n con inversi\u00f3n educativa"},"content":{"rendered":"<div id=\"fb-root\"><\/div>\n\n<p>\u2022 De visita, el Mandatario estatal puso en marcha diversas acciones y obras para reparar la deuda hist\u00f3rica con este municipio<\/p>\n\n\n\n<figure class=\"wp-block-image size-large\"><img fetchpriority=\"high\" decoding=\"async\" width=\"1024\" height=\"682\" src=\"https:\/\/contextoanalisisperiodistico.com\/wp-content\/uploads\/2025\/03\/img-20250314-wa00178157354970329974135-1024x682.jpg\" alt=\"\" class=\"wp-image-38495\" srcset=\"https:\/\/contextoanalisisperiodistico.com\/wp-content\/uploads\/2025\/03\/img-20250314-wa00178157354970329974135-1024x682.jpg 1024w, https:\/\/contextoanalisisperiodistico.com\/wp-content\/uploads\/2025\/03\/img-20250314-wa00178157354970329974135-300x200.jpg 300w, https:\/\/contextoanalisisperiodistico.com\/wp-content\/uploads\/2025\/03\/img-20250314-wa00178157354970329974135-768x512.jpg 768w, https:\/\/contextoanalisisperiodistico.com\/wp-content\/uploads\/2025\/03\/img-20250314-wa00178157354970329974135.jpg 1280w\" sizes=\"(max-width: 1024px) 100vw, 1024px\" \/><\/figure>\n\n\n\n<figure class=\"wp-block-image\"><img decoding=\"async\" width=\"1024\" height=\"682\" src=\"https:\/\/contextoanalisisperiodistico.com\/wp-content\/uploads\/2025\/03\/img-20250314-wa00154161293519994653823-1024x682.jpg\" alt=\"\" class=\"wp-image-38496\" srcset=\"https:\/\/contextoanalisisperiodistico.com\/wp-content\/uploads\/2025\/03\/img-20250314-wa00154161293519994653823-1024x682.jpg 1024w, https:\/\/contextoanalisisperiodistico.com\/wp-content\/uploads\/2025\/03\/img-20250314-wa00154161293519994653823-300x200.jpg 300w, https:\/\/contextoanalisisperiodistico.com\/wp-content\/uploads\/2025\/03\/img-20250314-wa00154161293519994653823-768x512.jpg 768w, https:\/\/contextoanalisisperiodistico.com\/wp-content\/uploads\/2025\/03\/img-20250314-wa00154161293519994653823.jpg 1280w\" sizes=\"(max-width: 1024px) 100vw, 1024px\" \/><\/figure>\n\n\n\n<figure class=\"wp-block-image\"><img decoding=\"async\" width=\"682\" height=\"1024\" src=\"https:\/\/contextoanalisisperiodistico.com\/wp-content\/uploads\/2025\/03\/img-20250314-wa00163876445101136492114-682x1024.jpg\" alt=\"\" class=\"wp-image-38497\" srcset=\"https:\/\/contextoanalisisperiodistico.com\/wp-content\/uploads\/2025\/03\/img-20250314-wa00163876445101136492114-682x1024.jpg 682w, https:\/\/contextoanalisisperiodistico.com\/wp-content\/uploads\/2025\/03\/img-20250314-wa00163876445101136492114-200x300.jpg 200w, https:\/\/contextoanalisisperiodistico.com\/wp-content\/uploads\/2025\/03\/img-20250314-wa00163876445101136492114-768x1152.jpg 768w, https:\/\/contextoanalisisperiodistico.com\/wp-content\/uploads\/2025\/03\/img-20250314-wa00163876445101136492114.jpg 853w\" sizes=\"(max-width: 682px) 100vw, 682px\" \/><\/figure>\n\n\n\n<figure class=\"wp-block-image\"><img loading=\"lazy\" decoding=\"async\" width=\"1024\" height=\"682\" src=\"https:\/\/contextoanalisisperiodistico.com\/wp-content\/uploads\/2025\/03\/img-20250314-wa00187212638769092915271-1024x682.jpg\" alt=\"\" class=\"wp-image-38498\" srcset=\"https:\/\/contextoanalisisperiodistico.com\/wp-content\/uploads\/2025\/03\/img-20250314-wa00187212638769092915271-1024x682.jpg 1024w, https:\/\/contextoanalisisperiodistico.com\/wp-content\/uploads\/2025\/03\/img-20250314-wa00187212638769092915271-300x200.jpg 300w, https:\/\/contextoanalisisperiodistico.com\/wp-content\/uploads\/2025\/03\/img-20250314-wa00187212638769092915271-768x512.jpg 768w, https:\/\/contextoanalisisperiodistico.com\/wp-content\/uploads\/2025\/03\/img-20250314-wa00187212638769092915271.jpg 1280w\" sizes=\"(max-width: 1024px) 100vw, 1024px\" \/><\/figure>\n\n\n\n<p>San Juan Bautista Cuicatl\u00e1n, Oax. 14 de marzo de 2025.- En este municipio conocido como \u201cLugar de cantores\u201d perteneciente a la regi\u00f3n Sierra de Flores Mag\u00f3n, el Gobernador Salom\u00f3n Jara Cruz hizo patente su respaldo a la educaci\u00f3n como pilar del desarrollo, con diversos apoyos a las escuelas de esta localidad por m\u00e1s de 5 millones de pesos.<\/p>\n\n\n\n<p>De frente a la poblaci\u00f3n que se reuni\u00f3 en la plaza p\u00fablica para escuchar la iniciativa Trabajo que Transforma tu Municipio, el Mandatario estatal puso en marcha, adem\u00e1s, acciones y obras de alimentaci\u00f3n, salud e infraestructura; que apuntalan el progreso en sinergia con la preparaci\u00f3n acad\u00e9mica de ni\u00f1as, ni\u00f1os y adolescentes.<\/p>\n\n\n\n<p>\u201cSolo para Cuicatl\u00e1n: el municipio con sus agencias, la inversi\u00f3n en equipamiento de todas las escuelas es de 5 millones 455 mil pesos\u201d, afirm\u00f3.<\/p>\n\n\n\n<p>En este sentido, Instituto Estatal de Educaci\u00f3n P\u00fablica de Oaxaca (IEEPO) explic\u00f3 que con este recurso se otorgar\u00e1 a las 44 escuelas de nivel b\u00e1sico de la municipalidad: pizarrones, computadoras, impresoras, proyectores, lotes de mobiliario, material de aseo, deportivo y de oficina.<\/p>\n\n\n\n<p>Por su parte, Vivienda Bienestar (Vibien) destinar\u00e1 un monto de 4 millones 200 mil pesos en 150 acciones de piso firme y la construcci\u00f3n de 30 ba\u00f1os con biodigestor.<\/p>\n\n\n\n<p>En materia h\u00eddrica, la Comisi\u00f3n Estatal de Agua para el Bienestar (Ceabien) realizar\u00e1 la rehabilitaci\u00f3n y captaci\u00f3n del sistema de agua potable del R\u00edo chiquito, con 3 millones 500 mil pesos. Mientras, el Gobierno Municipal aportar\u00e1 igual cantidad para esta obra.<\/p>\n\n\n\n<p>La Secretar\u00eda de Fomento Agroalimentario y Desarrollo Rural (Sefader) realiza una aportaci\u00f3n de 3 millones 620 mil pesos; con el programa Abasto Seguro de Ma\u00edz que apoya a 158 personas productoras con 209 hect\u00e1reas; asimismo brinda capacitaci\u00f3n t\u00e9cnica, semillas mejoradas de ma\u00edz, fertilizantes para estos cultivos, bioinsumos e insumos para el control de plagas y enfermedades.<\/p>\n\n\n\n<p>Mientras, el Comit\u00e9 Estatal de Sanidad Vegetal de Oaxaca mantiene una campa\u00f1a permanente para el control y atenci\u00f3n de enfermedades, principalmente la que provoca la mosca de la fruta del mango y el Huanglongbing (HLB) que afecta limones. Asimismo, se comprometi\u00f3 un estudio para una unidad de riego para una pr\u00f3xima ejecuci\u00f3n.<\/p>\n\n\n\n<p>El Sistema para el Desarrollo Integral de la Familia (DIF) Oaxaca prioriza una alimentaci\u00f3n nutricia en San Juan Bautista Cuicatl\u00e1n, con una inversi\u00f3n de 2 millones 963 mil 790 pesos, destinada al programa Desayuno de letritas y el subprograma Guisos de mi pueblo que apoya a mil 147 personas beneficiarias. Asimismo, atendi\u00f3 cuatro localidades con el proyecto Abrigando Corazones<\/p>\n\n\n\n<p>En atenci\u00f3n al bienestar de la poblaci\u00f3n, Servicios de Salud de Oaxaca (SSO) destin\u00f3 1 mill\u00f3n 885 mil pesos en la reactivaci\u00f3n de cuatro casas de salud, adem\u00e1s les entregaron kits de salud para atender a las y los habitantes de mejor manera, con las herramientas necesarias.<\/p>\n\n\n\n<p>En tanto, tres centros de salud fueron acreedores a la tarjeta La Cl\u00ednica es Nuestra con 400 mil pesos, cada uno, y en la cabecera municipal, un centro de salud de dos n\u00facleos b\u00e1sicos fue atendido con 600 mil pesos; para la rehabilitaci\u00f3n de infraestructura y servicios. En adici\u00f3n les entregar\u00e1n computadoras.<\/p>\n\n\n\n<p>El reconocimiento a 22 jefas de familia que se esfuerzan d\u00eda a d\u00eda fue efectuado por la Secretar\u00eda de Bienestar, Tequio e Inclusi\u00f3n (Sebienti) que les apoya con 2 mil pesos bimestrales a trav\u00e9s de la Tarjeta Margarita Maza, que suman un total de 264 mil pesos. Tambi\u00e9n inform\u00f3 que las Caravanas Bienestar 2025 llegaron a esta municipalidad con servicios gratuitos.<\/p>\n\n\n\n<p>El Instituto Oaxaque\u00f1o Constructor de Infraestructura Educativa (Iocied) brindar\u00e1 atenci\u00f3n a instituciones escolares de nivel b\u00e1sico y medio superior, con supervisi\u00f3n t\u00e9cnica para: construcci\u00f3n de bardas perimetrales y aulas; atenci\u00f3n a una barranca; rehabilitaci\u00f3n de techados y aulas; reparaciones; as\u00ed como, dar continuidad a la construcci\u00f3n y remodelaci\u00f3n de cocinas.<\/p>\n\n\n\n<p>Adem\u00e1s, fue autorizada la construcci\u00f3n de un aula y la entrega de equipos de mobiliario y la dotaci\u00f3n de cubetas de pintura.<\/p>\n\n\n\n<p>-0-<\/p>\n","protected":false},"excerpt":{"rendered":"<p>\u2022 De visita, el Mandatario estatal puso en marcha diversas acciones y obras para reparar&#8230;<\/p>\n","protected":false},"author":4,"featured_media":38494,"comment_status":"closed","ping_status":"open","sticky":false,"template":"","format":"standard","meta":{"footnotes":""},"categories":[9],"tags":[],"jetpack_sharing_enabled":true,"featured_image_urls":{"full":["https:\/\/contextoanalisisperiodistico.com\/wp-content\/uploads\/2025\/03\/IMG-20250314-WA0019.jpg",1280,853,false],"thumbnail":["https:\/\/contextoanalisisperiodistico.com\/wp-content\/uploads\/2025\/03\/IMG-20250314-WA0019-150x150.jpg",150,150,true],"medium":["https:\/\/contextoanalisisperiodistico.com\/wp-content\/uploads\/2025\/03\/IMG-20250314-WA0019-300x200.jpg",300,200,true],"medium_large":["https:\/\/contextoanalisisperiodistico.com\/wp-content\/uploads\/2025\/03\/IMG-20250314-WA0019-768x512.jpg",640,427,true],"large":["https:\/\/contextoanalisisperiodistico.com\/wp-content\/uploads\/2025\/03\/IMG-20250314-WA0019-1024x682.jpg",640,426,true],"1536x1536":["https:\/\/contextoanalisisperiodistico.com\/wp-content\/uploads\/2025\/03\/IMG-20250314-WA0019.jpg",1280,853,false],"2048x2048":["https:\/\/contextoanalisisperiodistico.com\/wp-content\/uploads\/2025\/03\/IMG-20250314-WA0019.jpg",1280,853,false],"covernews-slider-full":["https:\/\/contextoanalisisperiodistico.com\/wp-content\/uploads\/2025\/03\/IMG-20250314-WA0019-1115x715.jpg",1115,715,true],"covernews-slider-center":["https:\/\/contextoanalisisperiodistico.com\/wp-content\/uploads\/2025\/03\/IMG-20250314-WA0019-800x500.jpg",800,500,true],"covernews-featured":["https:\/\/contextoanalisisperiodistico.com\/wp-content\/uploads\/2025\/03\/IMG-20250314-WA0019-1024x682.jpg",1024,682,true],"covernews-medium":["https:\/\/contextoanalisisperiodistico.com\/wp-content\/uploads\/2025\/03\/IMG-20250314-WA0019-540x340.jpg",540,340,true],"covernews-medium-square":["https:\/\/contextoanalisisperiodistico.com\/wp-content\/uploads\/2025\/03\/IMG-20250314-WA0019-400x250.jpg",400,250,true]},"author_info":{"display_name":"Mario Gir\u00f3n","author_link":"https:\/\/contextoanalisisperiodistico.com\/index.php\/author\/director\/"},"category_info":"<a href=\"https:\/\/contextoanalisisperiodistico.com\/index.php\/category\/politica\/\" rel=\"category tag\">Pol\u00edtica<\/a>","tag_info":"Pol\u00edtica","comment_count":"0","jetpack_featured_media_url":"https:\/\/contextoanalisisperiodistico.com\/wp-content\/uploads\/2025\/03\/IMG-20250314-WA0019.jpg","_links":{"self":[{"href":"https:\/\/contextoanalisisperiodistico.com\/index.php\/wp-json\/wp\/v2\/posts\/38499"}],"collection":[{"href":"https:\/\/contextoanalisisperiodistico.com\/index.php\/wp-json\/wp\/v2\/posts"}],"about":[{"href":"https:\/\/contextoanalisisperiodistico.com\/index.php\/wp-json\/wp\/v2\/types\/post"}],"author":[{"embeddable":true,"href":"https:\/\/contextoanalisisperiodistico.com\/index.php\/wp-json\/wp\/v2\/users\/4"}],"replies":[{"embeddable":true,"href":"https:\/\/contextoanalisisperiodistico.com\/index.php\/wp-json\/wp\/v2\/comments?post=38499"}],"version-history":[{"count":1,"href":"https:\/\/contextoanalisisperiodistico.com\/index.php\/wp-json\/wp\/v2\/posts\/38499\/revisions"}],"predecessor-version":[{"id":38500,"href":"https:\/\/contextoanalisisperiodistico.com\/index.php\/wp-json\/wp\/v2\/posts\/38499\/revisions\/38500"}],"wp:featuredmedia":[{"embeddable":true,"href":"https:\/\/contextoanalisisperiodistico.com\/index.php\/wp-json\/wp\/v2\/media\/38494"}],"wp:attachment":[{"href":"https:\/\/contextoanalisisperiodistico.com\/index.php\/wp-json\/wp\/v2\/media?parent=38499"}],"wp:term":[{"taxonomy":"category","embeddable":true,"href":"https:\/\/contextoanalisisperiodistico.com\/index.php\/wp-json\/wp\/v2\/categories?post=38499"},{"taxonomy":"post_tag","embeddable":true,"href":"https:\/\/contextoanalisisperiodistico.com\/index.php\/wp-json\/wp\/v2\/tags?post=38499"}],"curies":[{"name":"wp","href":"https:\/\/api.w.org\/{rel}","templated":true}]}}