{"id":3844,"date":"2022-06-15T20:33:30","date_gmt":"2022-06-16T01:33:30","guid":{"rendered":"http:\/\/contextoanalisisperiodistico.com.mx\/2022\/06\/15\/policia-municipal-detiene-a-pareja-presunta-responsable-de-robo\/"},"modified":"2022-06-15T20:33:30","modified_gmt":"2022-06-16T01:33:30","slug":"policia-municipal-detiene-a-pareja-presunta-responsable-de-robo","status":"publish","type":"post","link":"https:\/\/contextoanalisisperiodistico.com\/index.php\/2022\/06\/15\/policia-municipal-detiene-a-pareja-presunta-responsable-de-robo\/","title":{"rendered":"Polic\u00eda Municipal detiene a pareja, presunta responsable de robo"},"content":{"rendered":"<div id=\"fb-root\"><\/div>\n\n<p>Oaxaca de Ju\u00e1rez, Oax. 15 de junio de 2022<\/p>\n\n\n\n<p>Polic\u00edas municipales realizaron la detenci\u00f3n de dos personas al ser se\u00f1aladas como presuntas responsables del delito de robo, mismas que quedaron a disposici\u00f3n de la autoridad ministerial.<br \/>El Secretario de Seguridad Ciudadana, Movilidad y Protecci\u00f3n Civil, maestro Ra\u00fal \u00c1vila Ibarra, dio a conocer que los hechos ocurrieron el lunes aproximadamente a las 21:10 horas cuando elementos que participan en la Operaci\u00f3n Conjunta Oaxaca de Ju\u00e1rez circulaban en las inmediaciones del parque del Amor.<br \/>En ese momento, la cabina del C-4 los alert\u00f3 para brindar un auxilio en la avenida Primero de Mayo esquina con Ni\u00f1o Artillero, del barrio El Coquito, en la agencia de San Juan Chapultepec.<br \/>Una vez en el sitio, observaron que un grupo de personas ten\u00edan rodeado un mototaxi color naranja del sitio \u201cProyecci\u00f3n Oaxaque\u00f1a hacia el Futuro\u201d a bordo del cual se hallaban un hombre y una mujer.<br \/>En ese momento fueron abordados por una joven, quien indic\u00f3 que momentos antes hab\u00eda abordado el mototaxi en la terminal de La Fundici\u00f3n para que la trasladara a su domicilio.<br \/>Pero apenas avanzaron unos metros, el hombre que se hallaba en el asiento de atr\u00e1s la sujet\u00f3 de manera violenta y le arrebat\u00f3 su tel\u00e9fono celular.<br \/>Durante el forcejeo, sali\u00f3 proyectada del veh\u00edculo, por lo cual se produjo varias lesiones al caer, donde fue auxiliada por otro mototaxista, quien comenz\u00f3 a darle seguimiento a los responsables y con el apoyo de m\u00e1s mototaxistas, lograron retenerlos.<br \/>Ante el se\u00f1alamiento, procedieron a la detenci\u00f3n de la conductora del mototaxi, quien dijo llamarse Leticia I. R. R., de 33 a\u00f1os de edad y de Jos\u00e9 M. L. V., de 29 a\u00f1os, quienes junto con el veh\u00edculo quedaron a disposici\u00f3n de la Fiscal\u00eda General del Estado como presuntos responsables del delito de robo.<\/p>\n","protected":false},"excerpt":{"rendered":"<p>Oaxaca de Ju\u00e1rez, Oax. 15 de junio de 2022 Polic\u00edas municipales realizaron la detenci\u00f3n de&#8230;<\/p>\n","protected":false},"author":2,"featured_media":0,"comment_status":"open","ping_status":"open","sticky":false,"template":"","format":"standard","meta":{"footnotes":""},"categories":[10],"tags":[],"jetpack_sharing_enabled":true,"featured_image_urls":{"full":"","thumbnail":"","medium":"","medium_large":"","large":"","1536x1536":"","2048x2048":"","covernews-slider-full":"","covernews-slider-center":"","covernews-featured":"","covernews-medium":"","covernews-medium-square":""},"author_info":{"display_name":"Miguel","author_link":"https:\/\/contextoanalisisperiodistico.com\/index.php\/author\/editor\/"},"category_info":"<a href=\"https:\/\/contextoanalisisperiodistico.com\/index.php\/category\/seguridad\/\" rel=\"category tag\">Seguridad<\/a>","tag_info":"Seguridad","comment_count":"0","jetpack_featured_media_url":"","_links":{"self":[{"href":"https:\/\/contextoanalisisperiodistico.com\/index.php\/wp-json\/wp\/v2\/posts\/3844"}],"collection":[{"href":"https:\/\/contextoanalisisperiodistico.com\/index.php\/wp-json\/wp\/v2\/posts"}],"about":[{"href":"https:\/\/contextoanalisisperiodistico.com\/index.php\/wp-json\/wp\/v2\/types\/post"}],"author":[{"embeddable":true,"href":"https:\/\/contextoanalisisperiodistico.com\/index.php\/wp-json\/wp\/v2\/users\/2"}],"replies":[{"embeddable":true,"href":"https:\/\/contextoanalisisperiodistico.com\/index.php\/wp-json\/wp\/v2\/comments?post=3844"}],"version-history":[{"count":0,"href":"https:\/\/contextoanalisisperiodistico.com\/index.php\/wp-json\/wp\/v2\/posts\/3844\/revisions"}],"wp:attachment":[{"href":"https:\/\/contextoanalisisperiodistico.com\/index.php\/wp-json\/wp\/v2\/media?parent=3844"}],"wp:term":[{"taxonomy":"category","embeddable":true,"href":"https:\/\/contextoanalisisperiodistico.com\/index.php\/wp-json\/wp\/v2\/categories?post=3844"},{"taxonomy":"post_tag","embeddable":true,"href":"https:\/\/contextoanalisisperiodistico.com\/index.php\/wp-json\/wp\/v2\/tags?post=3844"}],"curies":[{"name":"wp","href":"https:\/\/api.w.org\/{rel}","templated":true}]}}