{"id":38421,"date":"2025-03-12T20:27:41","date_gmt":"2025-03-13T02:27:41","guid":{"rendered":"https:\/\/contextoanalisisperiodistico.com\/index.php\/2025\/03\/12\/glaucoma-enemigo-silencioso-de-la-vision-sso\/"},"modified":"2025-03-12T20:27:41","modified_gmt":"2025-03-13T02:27:41","slug":"glaucoma-enemigo-silencioso-de-la-vision-sso","status":"publish","type":"post","link":"https:\/\/contextoanalisisperiodistico.com\/index.php\/2025\/03\/12\/glaucoma-enemigo-silencioso-de-la-vision-sso\/","title":{"rendered":"Glaucoma, enemigo silencioso de la visi\u00f3n: SSO"},"content":{"rendered":"<div id=\"fb-root\"><\/div>\n\n<p>\u2022 En M\u00e9xico el 4% de la poblaci\u00f3n padece esta enfermedad<\/p>\n\n\n\n<p>Oaxaca de Ju\u00e1rez, Oax. 12 de marzo de 2025.- En el marco del D\u00eda Mundial del Glaucoma, Servicios de Salud de Oaxaca (SSO) hace un llamado urgente a la prevenci\u00f3n y detecci\u00f3n temprana de esta patolog\u00eda, responsable de la p\u00e9rdida irreversible de la visi\u00f3n y la principal causa de ceguera en el mundo.<\/p>\n\n\n\n<p>La dependencia se\u00f1al\u00f3 que esta enfermedad ocular da\u00f1a el nervio \u00f3ptico, generalmente cuando se acumula fluido en la parte delantera del ojo. Este proceso eleva la presi\u00f3n intraocular, lo que afecta gradualmente la capacidad visual y, si no se detecta a tiempo, puede culminar en ceguera.<\/p>\n\n\n\n<p>De acuerdo a la prevalencia en M\u00e9xico, se estima que el cuatro por ciento de la poblaci\u00f3n padece glaucoma, de esta cifra el 14 por ciento son mayores de 60 a\u00f1os, y la mitad se detecta en etapas avanzadas, en gran parte debido a la ausencia de s\u00edntomas iniciales.<\/p>\n\n\n\n<p>La dependencia indic\u00f3 que, durante el 2024, el Hospital General Doctor Aurelio Valdivieso IMSS-Bienestar brind\u00f3 mil 904 consultas en la especialidad de Oftalmolog\u00eda, de las cuales se atendieron 298 pacientes con glaucoma, 350 con retinopat\u00eda diab\u00e9tica y 875 con catarata, entre otras condiciones.<\/p>\n\n\n\n<p>Entre los principales factores de riesgo asociados a este padecimiento se encuentran: presi\u00f3n intraocular elevada, miop\u00eda, diabetes, antecedentes familiares y cirug\u00eda ocular previa.<\/p>\n\n\n\n<p>En este sentido, la instituci\u00f3n destac\u00f3 la importancia de estar alerta a s\u00edntomas asociados como: dolor en ojos y cabeza, n\u00e1useas, v\u00f3mitos, c\u00edrculos alrededor de las luces y enrojecimiento ocular.<\/p>\n\n\n\n<p>Debido a que en sus primeras fases el glaucoma no presenta signos notorios, es crucial realizar revisiones oftalmol\u00f3gicas integrales. De ah\u00ed que SSO recomienda que las personas a partir de los 35 a\u00f1os, especialmente aquellas con antecedentes familiares, miop\u00eda o diabetes mellitus, se sometan a evaluaciones anuales para la detecci\u00f3n oportuna de cualquier anomal\u00eda y no esperar a que aparezcan s\u00edntomas para visitar al oftalm\u00f3logo.<\/p>\n\n\n\n<p>La detecci\u00f3n temprana es fundamental, ya que, aunque el da\u00f1o ocasionado por esta enfermedad es permanente e irreversible, su progreso puede detenerse mediante el uso adecuado de medicamentos y, en algunos casos, con intervenciones de cirug\u00eda l\u00e1ser.<\/p>\n\n\n\n<p>Finalmente enfatiz\u00f3 que el glaucoma es un enemigo silencioso que amenaza la visi\u00f3n, por ello, la prevenci\u00f3n, a trav\u00e9s de la detecci\u00f3n temprana es la clave para preservar la salud ocular y evitar consecuencias definitivas.<\/p>\n\n\n\n<p>-0-<\/p>\n","protected":false},"excerpt":{"rendered":"<p>\u2022 En M\u00e9xico el 4% de la poblaci\u00f3n padece esta enfermedad Oaxaca de Ju\u00e1rez, Oax&#8230;.<\/p>\n","protected":false},"author":4,"featured_media":38420,"comment_status":"","ping_status":"open","sticky":false,"template":"","format":"standard","meta":{"footnotes":""},"categories":[92],"tags":[],"jetpack_sharing_enabled":true,"featured_image_urls":{"full":["https:\/\/contextoanalisisperiodistico.com\/wp-content\/uploads\/2025\/03\/IMG-20250312-WA0147.jpg",1280,720,false],"thumbnail":["https:\/\/contextoanalisisperiodistico.com\/wp-content\/uploads\/2025\/03\/IMG-20250312-WA0147-150x150.jpg",150,150,true],"medium":["https:\/\/contextoanalisisperiodistico.com\/wp-content\/uploads\/2025\/03\/IMG-20250312-WA0147-300x169.jpg",300,169,true],"medium_large":["https:\/\/contextoanalisisperiodistico.com\/wp-content\/uploads\/2025\/03\/IMG-20250312-WA0147-768x432.jpg",640,360,true],"large":["https:\/\/contextoanalisisperiodistico.com\/wp-content\/uploads\/2025\/03\/IMG-20250312-WA0147-1024x576.jpg",640,360,true],"1536x1536":["https:\/\/contextoanalisisperiodistico.com\/wp-content\/uploads\/2025\/03\/IMG-20250312-WA0147.jpg",1280,720,false],"2048x2048":["https:\/\/contextoanalisisperiodistico.com\/wp-content\/uploads\/2025\/03\/IMG-20250312-WA0147.jpg",1280,720,false],"covernews-slider-full":["https:\/\/contextoanalisisperiodistico.com\/wp-content\/uploads\/2025\/03\/IMG-20250312-WA0147-1115x715.jpg",1115,715,true],"covernews-slider-center":["https:\/\/contextoanalisisperiodistico.com\/wp-content\/uploads\/2025\/03\/IMG-20250312-WA0147-800x500.jpg",800,500,true],"covernews-featured":["https:\/\/contextoanalisisperiodistico.com\/wp-content\/uploads\/2025\/03\/IMG-20250312-WA0147-1024x576.jpg",1024,576,true],"covernews-medium":["https:\/\/contextoanalisisperiodistico.com\/wp-content\/uploads\/2025\/03\/IMG-20250312-WA0147-540x340.jpg",540,340,true],"covernews-medium-square":["https:\/\/contextoanalisisperiodistico.com\/wp-content\/uploads\/2025\/03\/IMG-20250312-WA0147-400x250.jpg",400,250,true]},"author_info":{"display_name":"Mario Gir\u00f3n","author_link":"https:\/\/contextoanalisisperiodistico.com\/index.php\/author\/director\/"},"category_info":"<a href=\"https:\/\/contextoanalisisperiodistico.com\/index.php\/category\/salud\/\" rel=\"category tag\">Salud<\/a>","tag_info":"Salud","comment_count":"0","jetpack_featured_media_url":"https:\/\/contextoanalisisperiodistico.com\/wp-content\/uploads\/2025\/03\/IMG-20250312-WA0147.jpg","_links":{"self":[{"href":"https:\/\/contextoanalisisperiodistico.com\/index.php\/wp-json\/wp\/v2\/posts\/38421"}],"collection":[{"href":"https:\/\/contextoanalisisperiodistico.com\/index.php\/wp-json\/wp\/v2\/posts"}],"about":[{"href":"https:\/\/contextoanalisisperiodistico.com\/index.php\/wp-json\/wp\/v2\/types\/post"}],"author":[{"embeddable":true,"href":"https:\/\/contextoanalisisperiodistico.com\/index.php\/wp-json\/wp\/v2\/users\/4"}],"replies":[{"embeddable":true,"href":"https:\/\/contextoanalisisperiodistico.com\/index.php\/wp-json\/wp\/v2\/comments?post=38421"}],"version-history":[{"count":0,"href":"https:\/\/contextoanalisisperiodistico.com\/index.php\/wp-json\/wp\/v2\/posts\/38421\/revisions"}],"wp:featuredmedia":[{"embeddable":true,"href":"https:\/\/contextoanalisisperiodistico.com\/index.php\/wp-json\/wp\/v2\/media\/38420"}],"wp:attachment":[{"href":"https:\/\/contextoanalisisperiodistico.com\/index.php\/wp-json\/wp\/v2\/media?parent=38421"}],"wp:term":[{"taxonomy":"category","embeddable":true,"href":"https:\/\/contextoanalisisperiodistico.com\/index.php\/wp-json\/wp\/v2\/categories?post=38421"},{"taxonomy":"post_tag","embeddable":true,"href":"https:\/\/contextoanalisisperiodistico.com\/index.php\/wp-json\/wp\/v2\/tags?post=38421"}],"curies":[{"name":"wp","href":"https:\/\/api.w.org\/{rel}","templated":true}]}}